{"id":74267,"date":"2019-10-09T17:10:20","date_gmt":"2019-10-09T22:10:20","guid":{"rendered":"https:\/\/www.uv.mx\/prensa\/?p=74267"},"modified":"2019-10-10T11:26:06","modified_gmt":"2019-10-10T16:26:06","slug":"ciia-uv-sera-sede-del-data-challenge-industrial-4-0","status":"publish","type":"post","link":"https:\/\/www.uv.mx\/prensa\/eventos\/ciia-uv-sera-sede-del-data-challenge-industrial-4-0\/","title":{"rendered":"CIIA-UV ser\u00e1 sede del Data Challenge Industrial 4.0"},"content":{"rendered":"<ul>\n<li data-leveltext=\"\uf0b7\" data-font=\"Symbol\" data-listid=\"2\" data-aria-posinset=\"1\" data-aria-level=\"1\"><i><span data-contrast=\"auto\">En coordinaci\u00f3n con el Laboratorio Nacional de Inform\u00e1tica Avanzada (LANIA)<\/span><\/i><i><span data-contrast=\"auto\">, l<\/span><\/i><i><span data-contrast=\"auto\">os d\u00edas 26 y 27 de octubre<\/span><\/i><span data-ccp-props=\"{&quot;134233279&quot;:true,&quot;201341983&quot;:0,&quot;335559739&quot;:160,&quot;335559740&quot;:240}\">\u00a0<\/span><\/li>\n<li data-leveltext=\"\uf0b7\" data-font=\"Symbol\" data-listid=\"2\" data-aria-posinset=\"2\" data-aria-level=\"1\"><i><span data-contrast=\"auto\">Consiste en establecer un reto sobre una problem\u00e1tica real de la industria<\/span><\/i><\/li>\n<li data-leveltext=\"\uf0b7\" data-font=\"Symbol\" data-listid=\"2\" data-aria-posinset=\"2\" data-aria-level=\"1\"><i><span data-contrast=\"auto\">El registro de participantes concluye <\/span><\/i><i><span data-contrast=\"auto\">el 11<\/span><\/i><i><span data-contrast=\"auto\"> de octubre<\/span><\/i><span data-ccp-props=\"{&quot;134233279&quot;:true,&quot;201341983&quot;:0,&quot;335559739&quot;:160,&quot;335559740&quot;:240}\">\u00a0<\/span><\/li>\n<\/ul>\n<div id='gallery-1' class='gallery galleryid-74267 gallery-columns-2 gallery-size-full'><dl class='gallery-item'>\n\t\t\t<dt class='gallery-icon landscape'>\n\t\t\t\t<a href='https:\/\/www.uv.mx\/prensa\/files\/2019\/09\/300919-DATA-CHALLENGE-1.jpg'><img loading=\"lazy\" decoding=\"async\" width=\"722\" height=\"481\" src=\"https:\/\/www.uv.mx\/prensa\/files\/2019\/09\/300919-DATA-CHALLENGE-1.jpg\" class=\"attachment-full size-full\" alt=\"\" aria-describedby=\"gallery-1-73949\" srcset=\"https:\/\/www.uv.mx\/prensa\/files\/2019\/09\/300919-DATA-CHALLENGE-1.jpg 722w, https:\/\/www.uv.mx\/prensa\/files\/2019\/09\/300919-DATA-CHALLENGE-1-300x200.jpg 300w\" sizes=\"auto, (max-width: 722px) 100vw, 722px\" \/><\/a>\n\t\t\t<\/dt>\n\t\t\t\t<dd class='wp-caption-text gallery-caption' id='gallery-1-73949'>\n\t\t\t\tEl CIIA-UV ser\u00e1 sede del Data Challenge Industrial 4.0, los d\u00edas 26 y 27 de octubre\n\t\t\t\t<\/dd><\/dl><dl class='gallery-item'>\n\t\t\t<dt class='gallery-icon landscape'>\n\t\t\t\t<a href='https:\/\/www.uv.mx\/prensa\/files\/2019\/09\/300919-DATA-CHALLENGE-2.jpg'><img loading=\"lazy\" decoding=\"async\" width=\"722\" height=\"480\" src=\"https:\/\/www.uv.mx\/prensa\/files\/2019\/09\/300919-DATA-CHALLENGE-2.jpg\" class=\"attachment-full size-full\" alt=\"\" aria-describedby=\"gallery-1-73950\" srcset=\"https:\/\/www.uv.mx\/prensa\/files\/2019\/09\/300919-DATA-CHALLENGE-2.jpg 722w, https:\/\/www.uv.mx\/prensa\/files\/2019\/09\/300919-DATA-CHALLENGE-2-300x199.jpg 300w\" sizes=\"auto, (max-width: 722px) 100vw, 722px\" \/><\/a>\n\t\t\t<\/dt>\n\t\t\t\t<dd class='wp-caption-text gallery-caption' id='gallery-1-73950'>\n\t\t\t\tHoracio Tapia McClung, investigador del CIIA\n\t\t\t\t<\/dd><\/dl><br style=\"clear: both\" \/>\n\t\t<\/div>\n\n<p><b><i><span data-contrast=\"auto\">Claudia Peralta V\u00e1zquez<\/span><\/i><\/b><span data-ccp-props=\"{&quot;201341983&quot;:0,&quot;335559739&quot;:160,&quot;335559740&quot;:240}\">\u00a0<\/span><\/p>\n<p><b><i><span data-contrast=\"auto\">0<\/span><\/i><\/b><b><i><span data-contrast=\"auto\">9<\/span><\/i><\/b><b><i><span data-contrast=\"auto\">\/<\/span><\/i><\/b><b><i><span data-contrast=\"auto\">1<\/span><\/i><\/b><b><i><span data-contrast=\"auto\">0<\/span><\/i><\/b><b><i><span data-contrast=\"auto\">\/<\/span><\/i><\/b><b><i><span data-contrast=\"auto\">20<\/span><\/i><\/b><b><i><span data-contrast=\"auto\">19, Xalapa, Ver.- <\/span><\/i><\/b><span data-contrast=\"auto\">E<\/span><span data-contrast=\"auto\">l<\/span><span data-contrast=\"auto\"><a href=\"https:\/\/www.uv.mx\/ciia\/\" target=\"_blank\" rel=\"noopener noreferrer\"> Centro de Investigaci\u00f3n en Inteligencia Artificial<\/a> (CIIA) de la Universidad Ve<\/span><span data-contrast=\"auto\">racruzana (UV)<\/span><span data-contrast=\"auto\"> ser\u00e1 sede <\/span><span data-contrast=\"auto\">\u2013 los d\u00edas 26 y 27 de octubre\u2013<\/span> <span data-contrast=\"auto\">de<\/span><span data-contrast=\"auto\">l<\/span> <span data-contrast=\"auto\">Data <\/span><span data-contrast=\"auto\">Challenge<\/span><span data-contrast=\"auto\"> Industrial <\/span><span data-contrast=\"auto\">4.0<\/span><span data-contrast=\"auto\"> (DCI), <\/span><span data-contrast=\"auto\">evento que<\/span><span data-contrast=\"auto\"> consiste en establecer un reto<\/span> <span data-contrast=\"auto\">sobre una problem\u00e1t<\/span><span data-contrast=\"auto\">ica real de\u00a0 la industria, en<\/span><span data-contrast=\"auto\"> el que los participantes proponen soluciones con herramientas de ciencia de datos<\/span><span data-contrast=\"auto\">.<\/span><span data-ccp-props=\"{&quot;201341983&quot;:0,&quot;335559739&quot;:160,&quot;335559740&quot;:240}\">\u00a0<\/span><\/p>\n<p><span data-contrast=\"auto\">La convocatoria est\u00e1 abierta para estudiantes de nivel bachillerato, licenciatura y posgrado, quienes tendr\u00e1n la oportunidad de desarrollar sus competencias en las \u00e1reas de computaci\u00f3n, programaci\u00f3n y matem\u00e1ticas,<\/span><span data-contrast=\"auto\"> a partir del an\u00e1lisis y ciencia de datos, <\/span><span data-contrast=\"auto\">dio a conocer Horacio Tapia <\/span><span data-contrast=\"auto\">McClung<\/span><span data-contrast=\"auto\">, investigador del CIIA y coordinador de este encuentro.<\/span><span data-ccp-props=\"{&quot;201341983&quot;:0,&quot;335559739&quot;:160,&quot;335559740&quot;:240}\">\u00a0<\/span><\/p>\n<p><span data-contrast=\"auto\">E<\/span><span data-contrast=\"auto\">l registro es gratuito a trav\u00e9s de la p\u00e1gina<\/span> <a href=\"http:\/\/www.lania.mx\/dci\/\"><span data-contrast=\"none\">http:\/\/www.lania.mx\/dci\/<\/span><\/a> <span data-contrast=\"auto\">y concluye el pr\u00f3ximo 11 de octubre.<\/span><span data-ccp-props=\"{&quot;201341983&quot;:0,&quot;335559739&quot;:160,&quot;335559740&quot;:240}\">\u00a0<\/span><\/p>\n<p><span data-contrast=\"auto\">Horacio Tapia s<\/span><span data-contrast=\"auto\">e\u00f1al\u00f3 que tanto investigadores como profesores tienen la percepci\u00f3n de que los<\/span><span data-contrast=\"auto\"> temas y problemas que imparten<\/span><span data-contrast=\"auto\"> se encuentran un po<\/span><span data-contrast=\"auto\">co desconectados de la realidad; p<\/span><span data-contrast=\"auto\">or esta raz\u00f3n<\/span><span data-contrast=\"auto\">, desde <\/span><span data-contrast=\"auto\">hace mucho tiempo se han esforzado por<\/span><span data-contrast=\"auto\"> acercarse a la industria mexicana y <\/span><span data-contrast=\"auto\">establecer<\/span><span data-contrast=\"auto\"> una vinculaci\u00f3n estrecha y amplia entre acad\u00e9micos e industriales.<\/span><span data-ccp-props=\"{&quot;201341983&quot;:0,&quot;335559739&quot;:160,&quot;335559740&quot;:240}\">\u00a0<\/span><\/p>\n<p><span data-contrast=\"auto\">\u201cEste evento tiene la particularidad de que el problema y los datos vienen de la ind<\/span><span data-contrast=\"auto\">ustria y de empresas mexicanas\u201d; e<\/span><span data-contrast=\"auto\">s decir, este sector comparte datos e informaci\u00f3n espec\u00edfica y alrededor de esto se desarrolla el reto, donde lo importante es que los participant<\/span><span data-contrast=\"auto\">es propongan soluciones e ideas <\/span><span data-contrast=\"auto\">usando su conocimiento en tecnolog\u00edas, m\u00e9todos y t\u00e9cnicas<\/span><span data-ccp-props=\"{&quot;201341983&quot;:0,&quot;335559739&quot;:160,&quot;335559740&quot;:240}\">\u00a0<\/span><\/p>\n<p><span data-contrast=\"auto\">De esta manera, tambi\u00e9n se demuestra la capacidad de las universidades, tanto de las \u00e1reas acad\u00e9micas como estudiantiles.<\/span><span data-ccp-props=\"{&quot;201341983&quot;:0,&quot;335559731&quot;:708,&quot;335559739&quot;:160,&quot;335559740&quot;:240}\">\u00a0<\/span><\/p>\n<p><span data-contrast=\"auto\">Tapia <\/span><span data-contrast=\"auto\">McClung<\/span><span data-contrast=\"auto\"> inform\u00f3 que<\/span><span data-contrast=\"auto\">,<\/span><span data-contrast=\"auto\"> para inscribirse a este concurso, todos los aspirantes pasar\u00e1n por un filtro y s\u00f3lo ser\u00e1n aceptados ocho equipos de m\u00e1ximo cuatro integrantes por categor\u00eda b\u00e1sica o avanzada, dependiendo de <\/span><span data-contrast=\"auto\">su<\/span><span data-contrast=\"auto\">s<\/span><span data-contrast=\"auto\"> habilidades<\/span><span data-contrast=\"auto\">.<\/span><span data-ccp-props=\"{&quot;201341983&quot;:0,&quot;335559731&quot;:708,&quot;335559739&quot;:160,&quot;335559740&quot;:240}\">\u00a0<\/span><\/p>\n<p><span data-contrast=\"auto\">Especific\u00f3 que la convocatoria est\u00e1 orientada hacia perfiles relacionados con \u00e1reas como: matem\u00e1ticas, f\u00edsica, estad\u00edstica, ingenier\u00edas. Sin embargo, no se tiene una selecci\u00f3n particular del perfil, pues han participado hasta economistas y del \u00e1rea de ciencias de la salud, pero con el particular inter\u00e9s de programaci\u00f3n y desarrollo de tecnolog\u00edas.<\/span><span data-ccp-props=\"{&quot;201341983&quot;:0,&quot;335559739&quot;:160,&quot;335559740&quot;:240}\">\u00a0<\/span><\/p>\n<p><span data-contrast=\"auto\">De hecho, actualmente tienen registrados participantes de la Secretar<\/span><span data-contrast=\"auto\">\u00ed<\/span><span data-contrast=\"auto\">a de Gobierno del <\/span><span data-contrast=\"auto\">E<\/span><span data-contrast=\"auto\">stado de Veracruz y de la Comisi\u00f3n Nacional para el Conocimiento y Uso de la Biodiversidad (<\/span><i><span data-contrast=\"auto\">Conabio<\/span><\/i><span data-contrast=\"auto\">), entre otras instituciones.<\/span><span data-ccp-props=\"{&quot;201341983&quot;:0,&quot;335559731&quot;:708,&quot;335559739&quot;:160,&quot;335559740&quot;:240}\">\u00a0<\/span><\/p>\n<p><span data-contrast=\"auto\">R<\/span><span data-contrast=\"auto\">esalt\u00f3 que en esta cuarta edici\u00f3n del <\/span><span data-contrast=\"auto\">DCI ha<\/span><span data-contrast=\"auto\"> habido una <\/span><span data-contrast=\"auto\">respuesta importante de los <\/span><span data-contrast=\"auto\">estudiantes<\/span><span data-contrast=\"auto\"> y del sector industrial, <\/span><span data-contrast=\"auto\">ya que s\u00f3<\/span><span data-contrast=\"auto\">lo aportan los datos e informaci\u00f3n para la soluci\u00f3n del problema.<\/span><span data-ccp-props=\"{&quot;201341983&quot;:0,&quot;335559731&quot;:708,&quot;335559739&quot;:160,&quot;335559740&quot;:240}\">\u00a0<\/span><\/p>\n<p><span data-contrast=\"auto\">En<\/span><span data-contrast=\"auto\"> ediciones anteriores<\/span><span data-contrast=\"auto\">, se ha contado con la participaci\u00f3n de empresa<\/span><span data-contrast=\"auto\">s<\/span><span data-contrast=\"auto\"> del ramo de telemetr\u00eda, gesti\u00f3n y producci\u00f3n de bienes de consumo, servicios de reparaci\u00f3n, tiendas de conveniencia, entre otras.<\/span><span data-ccp-props=\"{&quot;201341983&quot;:0,&quot;335559731&quot;:708,&quot;335559739&quot;:160,&quot;335559740&quot;:240}\">\u00a0<\/span><\/p>\n<p><span data-contrast=\"auto\">Este a\u00f1o, el problema se centrar\u00e1 en una empresa local dedicada a la manufactura de productos pl\u00e1sticos.<\/span><span data-ccp-props=\"{&quot;201341983&quot;:0,&quot;335559731&quot;:708,&quot;335559739&quot;:160,&quot;335559740&quot;:240}\">\u00a0<\/span><\/p>\n<p><span data-contrast=\"auto\">El DCI se desarrollar\u00e1 desde las 9:00 hasta las 19:00 horas <\/span><span data-contrast=\"auto\">de<\/span><span data-contrast=\"auto\">l<\/span><span data-contrast=\"auto\"> s\u00e1bado 26 y domingo 27 de octubre, y dentro de su<\/span><span data-contrast=\"auto\">s<\/span><span data-contrast=\"auto\"> actividades ser\u00e1 ofrecido un curso introductorio de programaci\u00f3n con el lenguaje Python, que en el pasado ha sido apoyado por la Python Software <\/span><span data-contrast=\"auto\">Foundation<\/span><span data-contrast=\"auto\">.<\/span><span data-ccp-props=\"{&quot;201341983&quot;:0,&quot;335559731&quot;:708,&quot;335559739&quot;:160,&quot;335559740&quot;:240}\">\u00a0<\/span><\/p>\n<p><span data-contrast=\"auto\">Los ganadores de este evento ser\u00e1n reconocidos con una oportunidad de continuar este curso dentro de la Conferencia Internacional Mexicana sobre Inteligencia Artificial (MICAI 2019), que tendr\u00e1 lugar del 27 de octubre al 2 de noviembre, en esta ciudad.<\/span><span data-ccp-props=\"{&quot;201341983&quot;:0,&quot;335559731&quot;:708,&quot;335559739&quot;:160,&quot;335559740&quot;:240}\">\u00a0<\/span><\/p>\n<p><span data-contrast=\"auto\">El viernes 11 de octubre se llevar\u00e1 a cabo un conversatorio en el Auditorio \u201cDr. Emilio <\/span><span data-contrast=\"auto\">Gidi<\/span><span data-contrast=\"auto\"> Villar<\/span><span data-contrast=\"auto\">r<\/span><span data-contrast=\"auto\">eal\u201d del CIIA para dar a conocer m\u00e1s detalles sobre el evento.<\/span><span data-ccp-props=\"{&quot;201341983&quot;:0,&quot;335559731&quot;:708,&quot;335559739&quot;:160,&quot;335559740&quot;:240}\">\u00a0<\/span><\/p>\n<p><span data-contrast=\"auto\">Todos los pormenores del evento se estar\u00e1n compartiendo a trav\u00e9s de la p\u00e1gina de <\/span><i><span data-contrast=\"auto\">F<\/span><\/i><i><span data-contrast=\"auto\">acebook<\/span><\/i><span data-contrast=\"auto\">: <\/span><a href=\"https:\/\/www.facebook.com\/laniadci\/\"><span data-contrast=\"none\">https:\/\/www.facebook.com\/laniadci\/<\/span><\/a><span data-ccp-props=\"{&quot;201341983&quot;:0,&quot;335559731&quot;:708,&quot;335559739&quot;:160,&quot;335559740&quot;:240}\">\u00a0<\/span><\/p>\n<p><span data-contrast=\"auto\">Los interesados tambi\u00e9n pueden comunicarse al n\u00famero de <\/span><i><span data-contrast=\"auto\">W<\/span><\/i><i><span data-contrast=\"auto\">hats<\/span><\/i><i><span data-contrast=\"auto\">app<\/span><\/i><i><span data-contrast=\"auto\">:<\/span><\/i> <span data-contrast=\"auto\">228 236<\/span><span data-contrast=\"auto\">8149.<\/span><span data-ccp-props=\"{&quot;201341983&quot;:0,&quot;335559731&quot;:708,&quot;335559739&quot;:160,&quot;335559740&quot;:240}\">\u00a0<\/span><\/p>\n<p><span data-contrast=\"auto\">Los coordinadores agradecen el apoyo brindado por las instituciones que han participado del evento desde sus inicios, y en esta ocasi\u00f3n a la empresa <\/span><span data-contrast=\"auto\">Proinvel<\/span> <span data-contrast=\"auto\">y a <\/span><span data-contrast=\"auto\">Tenaris<\/span> <span data-contrast=\"auto\">Tamsa<\/span><span data-contrast=\"auto\">.<\/span><span data-ccp-props=\"{&quot;201341983&quot;:0,&quot;335559731&quot;:708,&quot;335559739&quot;:160,&quot;335559740&quot;:240}\">\u00a0<\/span><\/p>\n<p>&nbsp;<\/p>\n","protected":false},"excerpt":{"rendered":"<p>La convocatoria est\u00e1 abierta para estudiantes de nivel bachillerato, licenciatura y posgrado. Cierra el pr\u00f3ximo 11 de octubre<\/p>\n","protected":false},"author":1508,"featured_media":73949,"comment_status":"closed","ping_status":"closed","sticky":false,"template":"","format":"standard","meta":{"footnotes":""},"categories":[47],"tags":[],"class_list":["post-74267","post","type-post","status-publish","format-standard","has-post-thumbnail","hentry","category-eventos"],"_links":{"self":[{"href":"https:\/\/www.uv.mx\/prensa\/wp-json\/wp\/v2\/posts\/74267","targetHints":{"allow":["GET"]}}],"collection":[{"href":"https:\/\/www.uv.mx\/prensa\/wp-json\/wp\/v2\/posts"}],"about":[{"href":"https:\/\/www.uv.mx\/prensa\/wp-json\/wp\/v2\/types\/post"}],"author":[{"embeddable":true,"href":"https:\/\/www.uv.mx\/prensa\/wp-json\/wp\/v2\/users\/1508"}],"replies":[{"embeddable":true,"href":"https:\/\/www.uv.mx\/prensa\/wp-json\/wp\/v2\/comments?post=74267"}],"version-history":[{"count":0,"href":"https:\/\/www.uv.mx\/prensa\/wp-json\/wp\/v2\/posts\/74267\/revisions"}],"wp:featuredmedia":[{"embeddable":true,"href":"https:\/\/www.uv.mx\/prensa\/wp-json\/wp\/v2\/media\/73949"}],"wp:attachment":[{"href":"https:\/\/www.uv.mx\/prensa\/wp-json\/wp\/v2\/media?parent=74267"}],"wp:term":[{"taxonomy":"category","embeddable":true,"href":"https:\/\/www.uv.mx\/prensa\/wp-json\/wp\/v2\/categories?post=74267"},{"taxonomy":"post_tag","embeddable":true,"href":"https:\/\/www.uv.mx\/prensa\/wp-json\/wp\/v2\/tags?post=74267"}],"curies":[{"name":"wp","href":"https:\/\/api.w.org\/{rel}","templated":true}]}}