{"id":74208,"date":"2019-10-04T08:00:24","date_gmt":"2019-10-04T13:00:24","guid":{"rendered":"https:\/\/www.uv.mx\/prensa\/?p=74208"},"modified":"2019-10-04T14:21:50","modified_gmt":"2019-10-04T19:21:50","slug":"usbi-veracruz-realiza-encuentro-de-bibliotecas-escolares","status":"publish","type":"post","link":"https:\/\/www.uv.mx\/prensa\/regiones\/veracruz\/usbi-veracruz-realiza-encuentro-de-bibliotecas-escolares\/","title":{"rendered":"USBI Veracruz realiza encuentro de bibliotecas escolares"},"content":{"rendered":"<ul>\n<li data-leveltext=\"\uf0b7\" data-font=\"Symbol\" data-listid=\"2\" data-aria-posinset=\"0\" data-aria-level=\"1\"><i><span data-contrast=\"auto\">Las conferencias y talleres se llevar\u00e1n a cabo del 9 al 12 de octubre<\/span><\/i><span data-ccp-props=\"{&quot;134233279&quot;:true,&quot;201341983&quot;:0,&quot;335559739&quot;:160,&quot;335559740&quot;:240}\">\u00a0<\/span><\/li>\n<\/ul>\n<div id=\"attachment_73848\" style=\"width: 732px\" class=\"wp-caption aligncenter\"><a href=\"https:\/\/www.uv.mx\/prensa\/files\/2019\/09\/270919-veracruz-bibliotecas.jpg\"><img loading=\"lazy\" decoding=\"async\" aria-describedby=\"caption-attachment-73848\" class=\"size-full wp-image-73848\" src=\"https:\/\/www.uv.mx\/prensa\/files\/2019\/09\/270919-veracruz-bibliotecas.jpg\" alt=\"\" width=\"722\" height=\"481\" srcset=\"https:\/\/www.uv.mx\/prensa\/files\/2019\/09\/270919-veracruz-bibliotecas.jpg 722w, https:\/\/www.uv.mx\/prensa\/files\/2019\/09\/270919-veracruz-bibliotecas-300x200.jpg 300w\" sizes=\"auto, (max-width: 722px) 100vw, 722px\" \/><\/a><p id=\"caption-attachment-73848\" class=\"wp-caption-text\">Martha Castro, coordinadora de la USBI Veracruz<\/p><\/div>\n<p><b><i><span data-contrast=\"auto\">04<\/span><\/i><\/b><b><i><span data-contrast=\"auto\">\/10\/2019, Boca del R\u00edo, Ver.-<\/span><\/i><\/b> <span data-contrast=\"auto\">La <a href=\"https:\/\/www.uv.mx\/veracruz\/usbi\/\" target=\"_blank\" rel=\"noopener noreferrer\">Unidad de Servicios Bibliotecarios y de Informaci\u00f3n<\/a> (USBI) de la <\/span><span data-contrast=\"auto\">Universidad Veracruzana (UV)<\/span> <span data-contrast=\"auto\">promueve el uso de los recursos de la informaci\u00f3n que abonen al pensamiento cr\u00ed<\/span><span data-contrast=\"auto\">tico, divergente<\/span><span data-contrast=\"auto\"> y <\/span><span data-contrast=\"auto\">el<\/span><span data-contrast=\"auto\">eve la calidad educativa, <\/span><span data-contrast=\"auto\">a trav\u00e9s del <\/span><span data-contrast=\"auto\">1<\/span><span data-contrast=\"auto\">er C<\/span><span data-contrast=\"auto\">ongreso Nacional de Bibliotecas Escolares (<\/span><i><span data-contrast=\"auto\">Bibesco<\/span><\/i><span data-contrast=\"auto\">) 2019<\/span><span data-contrast=\"auto\">.<\/span><span data-ccp-props=\"{&quot;201341983&quot;:0,&quot;335559739&quot;:160,&quot;335559740&quot;:240}\">\u00a0<\/span><\/p>\n<p><span data-contrast=\"auto\">La i<\/span><span data-contrast=\"auto\">niciativa<\/span><span data-contrast=\"auto\"> tiene como prop\u00f3sito <\/span><span data-contrast=\"none\">renovar la visi\u00f3n de las bibliotecas escolares para que los asistentes reflexionen sobre el desarrollo, organizaci\u00f3n y servicios de las mismas, en sus diversos niveles educativos desde preescolar hasta bachillerato.<\/span><span data-ccp-props=\"{&quot;201341983&quot;:0,&quot;335559731&quot;:708,&quot;335559739&quot;:160,&quot;335559740&quot;:240}\">\u00a0<\/span><\/p>\n<p><span data-contrast=\"none\">Martha Castro Montoya<\/span><span data-contrast=\"none\">,<\/span> <span data-contrast=\"none\">d<\/span><span data-contrast=\"none\">irectora de USBI Veracruz<\/span><span data-contrast=\"none\">,<\/span><span data-contrast=\"none\"> explic\u00f3 que este encuentro ser\u00e1 un punto <\/span><span data-contrast=\"none\">de partida \u201cp<\/span><span data-contrast=\"none\">ara dinamizar <\/span><span data-contrast=\"none\">el mundo de las bibliotecas escolares<\/span> <span data-contrast=\"none\">con nuevas propuestas, estrategias y recursos\u201d.<\/span><span data-ccp-props=\"{&quot;201341983&quot;:0,&quot;335559731&quot;:708,&quot;335559739&quot;:160,&quot;335559740&quot;:240}\">\u00a0<\/span><\/p>\n<p><span data-contrast=\"none\">Agreg\u00f3 que para generar este cambio se debe involucrar a docentes, padres de familia, estudiantes, profesionales especializados, promotores y mediadores de lectura, bibliotecarios, autoridades y otros agentes cercanos a los entornos de la educaci\u00f3n.<\/span><span data-ccp-props=\"{&quot;201341983&quot;:0,&quot;335559731&quot;:708,&quot;335559739&quot;:160,&quot;335559740&quot;:240}\">\u00a0<\/span><\/p>\n<p><span data-contrast=\"auto\">En este sentido, <\/span><span data-contrast=\"auto\">el coordinador del <\/span><span data-contrast=\"auto\">Reflexionario<\/span> <span data-contrast=\"auto\">Mocambo<\/span><span data-contrast=\"auto\">,<\/span><span data-contrast=\"auto\"> Daniel Dom\u00ednguez Cuenca<\/span><span data-contrast=\"auto\">, sostuvo que \u201cl<\/span><span data-contrast=\"auto\">as bibliotecas no son aburridas<\/span><span data-contrast=\"auto\"> pues<\/span><span data-contrast=\"auto\"> se han renovado con estrategias l\u00fadicas\u201d<\/span><span data-contrast=\"auto\"> y actualmente tienen un papel releva<\/span><span data-contrast=\"auto\">nte en la formaci\u00f3n de lectores, d<\/span><span data-contrast=\"auto\">etall\u00f3 que <\/span><span data-contrast=\"auto\">\u00e9sta <\/span><span data-contrast=\"auto\">es de vital importancia pues ya se observan deficiencias en los estudiantes universitarios que no fueron dirigidos hacia la lectura.<\/span><span data-ccp-props=\"{&quot;201341983&quot;:0,&quot;335559731&quot;:708,&quot;335559739&quot;:160,&quot;335559740&quot;:240}\">\u00a0<\/span><\/p>\n<p><span data-contrast=\"auto\">En <\/span><span data-contrast=\"auto\">cuanto<\/span><span data-contrast=\"auto\"> a las diferencias entre ellos, coment\u00f3: \u201cLa habilidad de pensar, analizar y argumentar entre un estudiante que lee y otro que no tiene ese h\u00e1bito es muy visible cuando exponen sus ideas\u201d.<\/span><span data-ccp-props=\"{&quot;201341983&quot;:0,&quot;335559731&quot;:708,&quot;335559739&quot;:160,&quot;335559740&quot;:240}\">\u00a0<\/span><\/p>\n<p><span data-contrast=\"auto\">Castro Montoya explic\u00f3 que la USBI tiene un programa de capacitaci\u00f3n a personal encargado de bibliotecas escolares: \u201cHemos encontrado que no existe<\/span> <span data-contrast=\"auto\">un cargo espec\u00edfico destinado para ser asistente de las bibliotecas en los niveles de preescolar, primaria y secundaria; en bachillerato s\u00ed, pero no siempre es personal capacitado. Ante esta situaci\u00f3n, la USBI tuvo la iniciativa de realizar este congreso de bibliotecas escolares\u201d.<\/span><span data-ccp-props=\"{&quot;201341983&quot;:0,&quot;335559731&quot;:708,&quot;335559739&quot;:160,&quot;335559740&quot;:240}\">\u00a0<\/span><\/p>\n<div id=\"attachment_73821\" style=\"width: 428px\" class=\"wp-caption aligncenter\"><a href=\"https:\/\/www.uv.mx\/prensa\/files\/2019\/09\/270919-veracruz-bibliotecas-2.jpg\"><img loading=\"lazy\" decoding=\"async\" aria-describedby=\"caption-attachment-73821\" class=\"size-full wp-image-73821\" src=\"https:\/\/www.uv.mx\/prensa\/files\/2019\/09\/270919-veracruz-bibliotecas-2.jpg\" alt=\"\" width=\"418\" height=\"722\" srcset=\"https:\/\/www.uv.mx\/prensa\/files\/2019\/09\/270919-veracruz-bibliotecas-2.jpg 418w, https:\/\/www.uv.mx\/prensa\/files\/2019\/09\/270919-veracruz-bibliotecas-2-174x300.jpg 174w\" sizes=\"auto, (max-width: 418px) 100vw, 418px\" \/><\/a><p id=\"caption-attachment-73821\" class=\"wp-caption-text\">El objetivo es promover el uso de los recursos de la informaci\u00f3n que abonen al pensamiento cr\u00edtico<\/p><\/div>\n<p><span data-contrast=\"auto\">Las conferencias y talleres se llevar\u00e1n a cabo<\/span><span data-contrast=\"auto\"> del 9 al 12 de octubre<\/span><span data-contrast=\"auto\">, teniendo como sede<\/span> <span data-contrast=\"auto\">a la USBI<\/span><span data-contrast=\"auto\">.<\/span><span data-ccp-props=\"{&quot;201341983&quot;:0,&quot;335559731&quot;:708,&quot;335559739&quot;:160,&quot;335559740&quot;:240}\">\u00a0<\/span><\/p>\n<p><span data-contrast=\"auto\">La inauguraci\u00f3n de las actividades ser\u00e1 el <\/span><span data-contrast=\"auto\">mi\u00e9rcoles<\/span> <span data-contrast=\"auto\">9 a las 18:00 horas en el patio central de la USBI<\/span><span data-contrast=\"auto\">,<\/span><span data-contrast=\"auto\"> con la conferencia magistral de <\/span><span data-contrast=\"none\">Carola Beatriz Diez <\/span><span data-contrast=\"none\">Biscaro<\/span><span data-contrast=\"none\">, p<\/span><span data-contrast=\"auto\">romotora de <\/span><span data-contrast=\"auto\">la <\/span><span data-contrast=\"auto\">lectura, investigadora autodidacta, formadora de docentes y mediadores en temas relacionados con las pr\u00e1cticas de lenguaje y el acceso a acervos y bibliotecas escolares, comunitarias y p\u00fablicas.<\/span><span data-ccp-props=\"{&quot;201341983&quot;:0,&quot;335559731&quot;:708,&quot;335559739&quot;:160,&quot;335559740&quot;:240}\">\u00a0<\/span><\/p>\n<p><span data-contrast=\"auto\">Tambi\u00e9n se contar\u00e1 con la participaci\u00f3n de la experta en literatura <\/span><span data-contrast=\"auto\">Lidia <\/span><span data-contrast=\"auto\">Garc\u00eda C\u00e1rdenas<\/span><span data-contrast=\"auto\">,<\/span><span data-contrast=\"auto\"> del Colegio de Ciencias y H<\/span><span data-contrast=\"auto\">umanidades, plantel Vallejo<\/span><span data-contrast=\"auto\">;<\/span> <span data-contrast=\"auto\">Lucas Ramada Prieto, <\/span><span data-contrast=\"auto\">de la Universidad Aut\u00f3noma de Barcelona<\/span><span data-contrast=\"auto\">,<\/span><span data-contrast=\"auto\"> investigador y doctor internacional especializado en est\u00e9tica de la ficci\u00f3n digital infantil y juvenil y su relaci\u00f3n con la educaci\u00f3n art<\/span><span data-contrast=\"auto\">\u00edstica y literaria de los ni\u00f1os<\/span><span data-contrast=\"auto\"> y j\u00f3<\/span><span data-contrast=\"auto\">venes.<\/span><span data-ccp-props=\"{&quot;201341983&quot;:0,&quot;335559731&quot;:708,&quot;335559739&quot;:160,&quot;335559740&quot;:240}\">\u00a0<\/span><\/p>\n<p><span data-contrast=\"auto\">El <\/span><span data-contrast=\"auto\">s\u00e1bado<\/span><span data-contrast=\"auto\"> 12 <\/span><span data-contrast=\"auto\">estar\u00e1<\/span> <span data-contrast=\"auto\">el escritor y editor mexicano <\/span><span data-contrast=\"auto\">Francisco Hinojosa,<\/span> <span data-contrast=\"auto\">ganador del Premio Nacional de Cuento San Luis Potos\u00ed (1993) y el apoyo del Sistema Nacional de Creadores de Arte (1993-2013)<\/span><span data-contrast=\"auto\">.<\/span> <span data-contrast=\"auto\">A<\/span><span data-contrast=\"auto\">dem\u00e1s<\/span><span data-contrast=\"auto\">,<\/span> <span data-contrast=\"auto\">fue<\/span><span data-contrast=\"auto\"> nombrado embajador de la Feria Internacional del Libro Infantil y Juvenil 2015.<\/span><span data-ccp-props=\"{&quot;201341983&quot;:0,&quot;335559731&quot;:708,&quot;335559739&quot;:160,&quot;335559740&quot;:240}\">\u00a0<\/span><\/p>\n<p><span data-contrast=\"auto\">Asimismo<\/span><span data-contrast=\"auto\">,<\/span><span data-contrast=\"auto\"> se <\/span><span data-contrast=\"auto\">efectuar\u00e1n <\/span><span data-contrast=\"auto\">los talleres: <\/span><span data-contrast=\"auto\">\u201c<\/span><span data-contrast=\"auto\">F<\/span><span data-contrast=\"auto\">icci\u00f3n digital y educaci\u00f3n literaria<\/span><span data-contrast=\"auto\">\u201d<\/span><span data-contrast=\"auto\">, <\/span><span data-contrast=\"auto\">\u201c<\/span><span data-contrast=\"auto\">Leer y escribir de forma placentera en las bibliotecas<\/span><span data-contrast=\"auto\">\u201d<\/span><span data-contrast=\"auto\"> y <\/span><span data-contrast=\"auto\">\u201c<\/span><span data-contrast=\"auto\">Organizaci\u00f3n de acervos para la creaci\u00f3n<\/span><span data-contrast=\"auto\"> de cat\u00e1logo<\/span><span data-contrast=\"auto\">\u201d<\/span><span data-contrast=\"auto\">.<\/span><span data-ccp-props=\"{&quot;201341983&quot;:0,&quot;335559731&quot;:708,&quot;335559739&quot;:160,&quot;335559740&quot;:240}\">\u00a0<\/span><\/p>\n<p><span data-contrast=\"auto\">Para el <\/span><span data-contrast=\"auto\">registro <\/span><span data-contrast=\"auto\">a <\/span><span data-contrast=\"auto\">los mismos<\/span><span data-contrast=\"auto\">,<\/span><span data-contrast=\"auto\"> as\u00ed como la inscripci\u00f3n a las diversas actividades<\/span><span data-contrast=\"auto\">,<\/span> <span data-contrast=\"auto\">consultar<\/span><span data-contrast=\"auto\"> la p\u00e1gina <\/span><a href=\"https:\/\/www.uv.mx\/veracruz\/bibesco\"><span data-contrast=\"auto\">www.uv.mx\/ver<\/span><span data-contrast=\"auto\">a<\/span><span data-contrast=\"auto\">cruz\/bibesco<\/span><\/a><span data-ccp-props=\"{&quot;201341983&quot;:0,&quot;335559731&quot;:708,&quot;335559739&quot;:160,&quot;335559740&quot;:240}\">\u00a0<\/span><\/p>\n","protected":false},"excerpt":{"rendered":"<p><em> Bibesco 2019 <\/em>tiene como prop\u00f3sito renovar la visi\u00f3n de las bibliotecas escolares para que los asistentes reflexionen sobre el desarrollo, organizaci\u00f3n y servicios de las mismas. Las conferencias y talleres se llevar\u00e1n a cabo del 9 al 12 de octubre\u00a0 <\/p>\n","protected":false},"author":1508,"featured_media":74207,"comment_status":"closed","ping_status":"closed","sticky":false,"template":"","format":"standard","meta":{"footnotes":""},"categories":[61,55],"tags":[],"class_list":["post-74208","post","type-post","status-publish","format-standard","has-post-thumbnail","hentry","category-banner","category-veracruz"],"_links":{"self":[{"href":"https:\/\/www.uv.mx\/prensa\/wp-json\/wp\/v2\/posts\/74208","targetHints":{"allow":["GET"]}}],"collection":[{"href":"https:\/\/www.uv.mx\/prensa\/wp-json\/wp\/v2\/posts"}],"about":[{"href":"https:\/\/www.uv.mx\/prensa\/wp-json\/wp\/v2\/types\/post"}],"author":[{"embeddable":true,"href":"https:\/\/www.uv.mx\/prensa\/wp-json\/wp\/v2\/users\/1508"}],"replies":[{"embeddable":true,"href":"https:\/\/www.uv.mx\/prensa\/wp-json\/wp\/v2\/comments?post=74208"}],"version-history":[{"count":0,"href":"https:\/\/www.uv.mx\/prensa\/wp-json\/wp\/v2\/posts\/74208\/revisions"}],"wp:featuredmedia":[{"embeddable":true,"href":"https:\/\/www.uv.mx\/prensa\/wp-json\/wp\/v2\/media\/74207"}],"wp:attachment":[{"href":"https:\/\/www.uv.mx\/prensa\/wp-json\/wp\/v2\/media?parent=74208"}],"wp:term":[{"taxonomy":"category","embeddable":true,"href":"https:\/\/www.uv.mx\/prensa\/wp-json\/wp\/v2\/categories?post=74208"},{"taxonomy":"post_tag","embeddable":true,"href":"https:\/\/www.uv.mx\/prensa\/wp-json\/wp\/v2\/tags?post=74208"}],"curies":[{"name":"wp","href":"https:\/\/api.w.org\/{rel}","templated":true}]}}