{"id":73705,"date":"2019-09-25T21:16:46","date_gmt":"2019-09-26T02:16:46","guid":{"rendered":"https:\/\/www.uv.mx\/prensa\/?p=73705"},"modified":"2019-09-26T10:57:32","modified_gmt":"2019-09-26T15:57:32","slug":"otono-nordico-llego-a-la-uv","status":"publish","type":"post","link":"https:\/\/www.uv.mx\/prensa\/cultura\/otono-nordico-llego-a-la-uv\/","title":{"rendered":"Oto\u00f1o N\u00f3rdico lleg\u00f3 a la UV"},"content":{"rendered":"<ul>\n<li data-leveltext=\"\uf0b7\" data-font=\"Symbol\" data-listid=\"1\" data-aria-posinset=\"1\" data-aria-level=\"1\"><i><span data-contrast=\"auto\">Poetas suecas compartieron experiencias, vivencias y algunos de sus poemas con estudiantes de la Facultad de Letras Espa\u00f1olas y p\u00fablico diverso<\/span><\/i><span data-ccp-props=\"{&quot;134233279&quot;:true,&quot;201341983&quot;:0,&quot;335559739&quot;:160,&quot;335559740&quot;:240}\">\u00a0<\/span><\/li>\n<\/ul>\n<div id='gallery-1' class='gallery galleryid-73705 gallery-columns-3 gallery-size-full'><dl class='gallery-item'>\n\t\t\t<dt class='gallery-icon landscape'>\n\t\t\t\t<a href='https:\/\/www.uv.mx\/prensa\/files\/2019\/09\/230919-PAOLA-Poesia-sueca-1.jpg'><img width=\"722\" height=\"481\" src=\"https:\/\/www.uv.mx\/prensa\/files\/2019\/09\/230919-PAOLA-Poesia-sueca-1.jpg\" class=\"attachment-full size-full\" alt=\"\" decoding=\"async\" loading=\"lazy\" aria-describedby=\"gallery-1-73600\" srcset=\"https:\/\/www.uv.mx\/prensa\/files\/2019\/09\/230919-PAOLA-Poesia-sueca-1.jpg 722w, https:\/\/www.uv.mx\/prensa\/files\/2019\/09\/230919-PAOLA-Poesia-sueca-1-300x200.jpg 300w\" sizes=\"(max-width: 722px) 100vw, 722px\" \/><\/a>\n\t\t\t<\/dt>\n\t\t\t\t<dd class='wp-caption-text gallery-caption' id='gallery-1-73600'>\n\t\t\t\tPetronella Zetterlund, Martina Moliis-Mellberg, Burcu Sahin e Iman Mohammed, durante su visita a la UV\n\t\t\t\t<\/dd><\/dl><dl class='gallery-item'>\n\t\t\t<dt class='gallery-icon landscape'>\n\t\t\t\t<a href='https:\/\/www.uv.mx\/prensa\/files\/2019\/09\/230919-PAOLA-Poesia-sueca-2.jpg'><img width=\"722\" height=\"480\" src=\"https:\/\/www.uv.mx\/prensa\/files\/2019\/09\/230919-PAOLA-Poesia-sueca-2.jpg\" class=\"attachment-full size-full\" alt=\"\" decoding=\"async\" loading=\"lazy\" aria-describedby=\"gallery-1-73599\" srcset=\"https:\/\/www.uv.mx\/prensa\/files\/2019\/09\/230919-PAOLA-Poesia-sueca-2.jpg 722w, https:\/\/www.uv.mx\/prensa\/files\/2019\/09\/230919-PAOLA-Poesia-sueca-2-300x199.jpg 300w\" sizes=\"(max-width: 722px) 100vw, 722px\" \/><\/a>\n\t\t\t<\/dt>\n\t\t\t\t<dd class='wp-caption-text gallery-caption' id='gallery-1-73599'>\n\t\t\t\tLa lectura de poes\u00eda sueca tuvo una excelente respuesta de los estudiantes\n\t\t\t\t<\/dd><\/dl><dl class='gallery-item'>\n\t\t\t<dt class='gallery-icon landscape'>\n\t\t\t\t<a href='https:\/\/www.uv.mx\/prensa\/files\/2019\/09\/230919-PAOLA-Poesia-sueca-3.jpg'><img width=\"722\" height=\"481\" src=\"https:\/\/www.uv.mx\/prensa\/files\/2019\/09\/230919-PAOLA-Poesia-sueca-3.jpg\" class=\"attachment-full size-full\" alt=\"\" decoding=\"async\" loading=\"lazy\" aria-describedby=\"gallery-1-73598\" srcset=\"https:\/\/www.uv.mx\/prensa\/files\/2019\/09\/230919-PAOLA-Poesia-sueca-3.jpg 722w, https:\/\/www.uv.mx\/prensa\/files\/2019\/09\/230919-PAOLA-Poesia-sueca-3-300x200.jpg 300w\" sizes=\"(max-width: 722px) 100vw, 722px\" \/><\/a>\n\t\t\t<\/dt>\n\t\t\t\t<dd class='wp-caption-text gallery-caption' id='gallery-1-73598'>\n\t\t\t\tIman Mohammed, Burcu Sahin, Magali Velasco (directora de la Facultad de Letras Espa\u00f1olas), Petronella Zetterlund y Martina Moliis-Mellberg\n\t\t\t\t<\/dd><\/dl><br style=\"clear: both\" \/>\n\t\t<\/div>\n\n<p><b><i><span data-contrast=\"auto\">Paola Cort\u00e9s P\u00e9rez<\/span><\/i><\/b><span data-ccp-props=\"{&quot;201341983&quot;:0,&quot;335559739&quot;:160,&quot;335559740&quot;:240}\">\u00a0<\/span><\/p>\n<p><b><i><span data-contrast=\"auto\">2<\/span><\/i><\/b><b><i><span data-contrast=\"auto\">5<\/span><\/i><\/b><b><i><span data-contrast=\"auto\">\/09\/2019, Xalapa, Ver.-<\/span><\/i><\/b> <span data-contrast=\"auto\">Burcu<\/span> <span data-contrast=\"auto\">Sahin<\/span><span data-contrast=\"auto\">, <\/span><span data-contrast=\"auto\">Martina <\/span><span data-contrast=\"auto\">Moliis-Mellberg<\/span> <span data-contrast=\"auto\">y <\/span><span data-contrast=\"auto\">Iman<\/span><span data-contrast=\"auto\"> Mohammed, <\/span><span data-contrast=\"auto\">poetas <\/span><span data-contrast=\"auto\">sueca<\/span><span data-contrast=\"auto\">, finlandesa e iraqu\u00ed, <\/span><span data-contrast=\"auto\">respectivamente, <\/span><span data-contrast=\"auto\">visitaron la <a href=\"https:\/\/www.uv.mx\/letrasesp\/\">Facultad de Letras Espa\u00f1olas<\/a> de la Universidad Veracruzana (UV) en el marco del evento Oto\u00f1o N\u00f3rdico<\/span><span data-contrast=\"auto\"> que consisti\u00f3 en compartir sus vivencias<\/span><span data-contrast=\"auto\">, libros<\/span><span data-contrast=\"auto\"> y algunos de sus poemas con los estudiantes y p\u00fablico asistente.<\/span><span data-ccp-props=\"{&quot;201341983&quot;:0,&quot;335559739&quot;:160,&quot;335559740&quot;:240}\">\u00a0<\/span><\/p>\n<p><span data-contrast=\"auto\">El evento se realiz\u00f3 la tarde del viernes 20 de septiembre en el Sal\u00f3n Blanco de la Unidad de Humanidades, con la moderaci\u00f3n y traducci\u00f3n de Petronella Zetterlund, traductora, editora y gestora de proyectos culturales; tambi\u00e9n es fundadora y coordinadora n\u00f3rdica del proyecto literario multiling\u00fce <\/span><span data-contrast=\"auto\">NolitchX<\/span><span data-contrast=\"auto\"> (<\/span><span data-contrast=\"auto\">Nordic<\/span> <span data-contrast=\"auto\">Literatures<\/span><span data-contrast=\"auto\"> in <\/span><span data-contrast=\"auto\">Change<\/span><span data-contrast=\"auto\"> and Exchange).<\/span><span data-ccp-props=\"{&quot;201341983&quot;:0,&quot;335559731&quot;:708,&quot;335559739&quot;:160,&quot;335559740&quot;:240}\">\u00a0<\/span><\/p>\n<p><span data-contrast=\"auto\">Iman Mohammed <\/span><span data-contrast=\"auto\">comparti\u00f3 a los estudiantes que en su m\u00e1s reciente libro de poemas <\/span><i><span data-contrast=\"auto\">Bakom<\/span><\/i> <i><span data-contrast=\"auto\">tr\u00e4det<\/span><\/i> <i><span data-contrast=\"auto\">ryggar<\/span><\/i><span data-contrast=\"auto\"> (<\/span><i><span data-contrast=\"auto\">Detr\u00e1s de<\/span><\/i> <i><span data-contrast=\"auto\">l<\/span><\/i><i><span data-contrast=\"auto\">as<\/span><\/i> <i><span data-contrast=\"auto\">espaldas<\/span><\/i><i><span data-contrast=\"auto\"> de los <\/span><\/i><i><span data-contrast=\"auto\">\u00e1rbol<\/span><\/i><i><span data-contrast=\"auto\">es<\/span><\/i><span data-contrast=\"auto\">), y en su poes\u00eda en general, <\/span><span data-contrast=\"auto\">ha trabajado con la transformaci\u00f3n de la violencia, con la experiencia traum\u00e1t<\/span><span data-contrast=\"auto\">ica de haber vivido una guerra y lo que implica migrar a un hogar \u201cpac\u00edfico\u201d<\/span><span data-contrast=\"auto\"> donde existe el racismo \u2013como en los pa\u00edses n\u00f3rdicos\u2013,<\/span> <span data-contrast=\"auto\">al final es un tipo de violencia.<\/span><span data-ccp-props=\"{&quot;201341983&quot;:0,&quot;335559731&quot;:708,&quot;335559739&quot;:160,&quot;335559740&quot;:240}\">\u00a0<\/span><\/p>\n<p><span data-contrast=\"auto\">La escritura y la poes\u00eda, dijo, se ha convertido en un lugar seguro para su \u201cyo de los poemas\u201d<\/span><span data-contrast=\"auto\">, en el que ha podido dejar atr\u00e1s la guerra y la violencia.<\/span><span data-ccp-props=\"{&quot;201341983&quot;:0,&quot;335559731&quot;:708,&quot;335559739&quot;:160,&quot;335559740&quot;:240}\">\u00a0<\/span><\/p>\n<p><span data-contrast=\"auto\">\u201c<\/span><span data-contrast=\"auto\">El yo po\u00e9tico de repente se encuentra en un vaiv\u00e9n entre el pasado y el hoga<\/span><span data-contrast=\"auto\">r actual, supuestamente seguro; la t\u00e9cnica que uso es enfocar y amplificar una imagen, en lugar de intentar describir en grandes trazos los recuerdos del pasado, muestro un fragmento de un<\/span><span data-contrast=\"auto\">a<\/span><span data-contrast=\"auto\"> escena o de una imagen, descrit<\/span><span data-contrast=\"auto\">a<\/span><span data-contrast=\"auto\"> minuciosa y detalladamente.<\/span><span data-ccp-props=\"{&quot;201341983&quot;:0,&quot;335559731&quot;:708,&quot;335559739&quot;:160,&quot;335559740&quot;:240}\">\u00a0<\/span><\/p>\n<p><span data-contrast=\"auto\">\u201dUtilizo la t\u00e9cnica del bucle, es decir, en este libro caben muchas im\u00e1genes, much<\/span><span data-contrast=\"auto\">o<\/span><span data-contrast=\"auto\">s recuerdos, todas se encuentran y regresan al mismo plano.\u201d<\/span><span data-ccp-props=\"{&quot;201341983&quot;:0,&quot;335559731&quot;:708,&quot;335559739&quot;:160,&quot;335559740&quot;:240}\">\u00a0<\/span><\/p>\n<p><span data-contrast=\"auto\">N<\/span><span data-contrast=\"auto\">aci\u00f3 en Bagdad, Irak, y creci\u00f3 en Estocolmo, Suecia. Estudi\u00f3<\/span><span data-contrast=\"auto\"> Literatura Creativa en <\/span><span data-contrast=\"auto\">Biskops-<\/span><span data-contrast=\"auto\">Arn\u00f6<\/span><span data-contrast=\"auto\"> y <\/span><span data-contrast=\"auto\">Akademi<\/span> <span data-contrast=\"auto\">Valand<\/span><span data-contrast=\"auto\"> de Gotemburgo. En 2013 debut\u00f3 en la antolog\u00eda de poes\u00eda joven <\/span><i><span data-contrast=\"auto\">Bl\u00e5<\/span><\/i> <i><span data-contrast=\"auto\">blixt<\/span><\/i><span data-contrast=\"auto\"> (<\/span><i><span data-contrast=\"auto\">Rayo azul<\/span><\/i><span data-contrast=\"auto\">)<\/span><span data-contrast=\"auto\"> y en 2018 se public\u00f3 su m\u00e1s reciente colecci\u00f3n de poemas con el t\u00edtulo <\/span><i><span data-contrast=\"auto\">Bakom<\/span><\/i> <i><span data-contrast=\"auto\">tr\u00e4det<\/span><\/i> <i><span data-contrast=\"auto\">ryggar<\/span><\/i><span data-contrast=\"auto\"> (<\/span><i><span data-contrast=\"auto\">Detr\u00e1s de las espaldas de los \u00e1rboles<\/span><\/i><span data-contrast=\"auto\">).<\/span><span data-ccp-props=\"{&quot;201341983&quot;:0,&quot;335559731&quot;:708,&quot;335559739&quot;:160,&quot;335559740&quot;:240}\">\u00a0<\/span><\/p>\n<p><span data-ccp-props=\"{&quot;201341983&quot;:0,&quot;335559739&quot;:160,&quot;335559740&quot;:240}\">\u00a0<\/span><\/p>\n<p><b><span data-contrast=\"auto\">La escritura y la costura son la misma cosa<\/span><\/b><span data-ccp-props=\"{&quot;201341983&quot;:0,&quot;335559739&quot;:160,&quot;335559740&quot;:240}\">\u00a0<\/span><\/p>\n<p><span data-contrast=\"auto\">Burcu<\/span> <span data-contrast=\"auto\">Sahin<\/span><span data-contrast=\"auto\"> naci\u00f3 en Estocolmo, ha estudiado escritura creativa en <\/span><span data-contrast=\"auto\">Biskops-Arn\u00f6<\/span><span data-contrast=\"auto\"> \u2013donde imparte clases\u2013 y es miembro del colectivo literari<\/span><span data-contrast=\"auto\">o Ce(n<\/span><span data-contrast=\"auto\">)sur<\/span><span data-contrast=\"auto\">. El a\u00f1o pasado debut\u00f3<\/span><span data-contrast=\"auto\"> con la colecci\u00f3n de poemas <\/span><i><span data-contrast=\"auto\">Broderier<\/span><\/i><span data-contrast=\"auto\"> (<\/span><i><span data-contrast=\"auto\">Bordados<\/span><\/i><span data-contrast=\"auto\">), ganadora del <\/span><span data-contrast=\"auto\">Katapultpriset<\/span><span data-contrast=\"auto\"> 2018, el mayor premio para debutantes.<\/span><span data-ccp-props=\"{&quot;201341983&quot;:0,&quot;335559739&quot;:160,&quot;335559740&quot;:240}\">\u00a0<\/span><\/p>\n<p><span data-contrast=\"auto\">Durante <\/span><span data-contrast=\"auto\">su<\/span><span data-contrast=\"auto\"> visita <\/span><span data-contrast=\"auto\">a la UV <\/span><span data-contrast=\"auto\">se present\u00f3 la traducci\u00f3n de dos de sus cuatro suites de poemas <\/span><span data-contrast=\"auto\">de <\/span><i><span data-contrast=\"auto\">Bordados<\/span><\/i><span data-contrast=\"auto\">, que en M\u00e9xico se llama <\/span><i><span data-contrast=\"auto\">N<\/span><\/i><span data-contrast=\"auto\"> (ya que el padr\u00f3n del bordado es parecido a esta letra del alfabeto), el cual surgi\u00f3 de una imagen mental: madr<\/span><span data-contrast=\"auto\">e e hija sentadas bordando, y c\u00f3<\/span><span data-contrast=\"auto\">mo esta actividad influ<\/span><span data-contrast=\"auto\">ye en las relaciones familiares<\/span><span data-contrast=\"auto\">.<\/span><span data-ccp-props=\"{&quot;201341983&quot;:0,&quot;335559731&quot;:708,&quot;335559739&quot;:160,&quot;335559740&quot;:240}\">\u00a0<\/span><\/p>\n<p><span data-contrast=\"auto\">\u201cEl bordado es un trabajo que las mujeres realizan juntas y<\/span><span data-contrast=\"auto\">,<\/span><span data-contrast=\"auto\"> al mismo tiempo, un trabajo que no tiene un valor en un contexto social o econ\u00f3mico<\/span><span data-contrast=\"auto\">;<\/span> <span data-contrast=\"auto\">entonces, este libr<\/span><span data-contrast=\"auto\">o es una pregunta que lanzo haci<\/span><span data-contrast=\"auto\">a las relaciones familiares.<\/span><span data-ccp-props=\"{&quot;201341983&quot;:0,&quot;335559731&quot;:708,&quot;335559739&quot;:160,&quot;335559740&quot;:240}\">\u00a0<\/span><\/p>\n<p><span data-contrast=\"auto\">\u201d<\/span><span data-contrast=\"auto\">Se presentan tres generaciones de <\/span><span data-contrast=\"auto\">abuela, <\/span><span data-contrast=\"auto\">madre e hija, quienes miran y reflexionan sobre este trabajo, que le llega en fragmentos a la hija de la tercera generaci\u00f3n, debido a que la familia proviene de otro contexto y de otra lengua diferente en donde creci\u00f3.\u201d<\/span><span data-ccp-props=\"{&quot;201341983&quot;:0,&quot;335559731&quot;:708,&quot;335559739&quot;:160,&quot;335559740&quot;:240}\">\u00a0<\/span><\/p>\n<p><span data-contrast=\"auto\">Esta ni\u00f1a, que es la voz del libro, siente una distancia con las generaciones anteriores, pierde el enlace con la historia familia<\/span><span data-contrast=\"auto\">r<\/span><span data-contrast=\"auto\">, no sabe <\/span><span data-contrast=\"auto\">bordar<\/span><span data-contrast=\"auto\">, pero tiene una lengua para escribir y hablar con la que puede seguir <\/span><span data-contrast=\"auto\">bordando<\/span><span data-contrast=\"auto\"> su tradici\u00f3n, destac\u00f3 Burcu Sahin.<\/span><span data-ccp-props=\"{&quot;201341983&quot;:0,&quot;335559731&quot;:708,&quot;335559739&quot;:160,&quot;335559740&quot;:240}\">\u00a0<\/span><\/p>\n<p><span data-contrast=\"auto\">\u201cLa escritura y la costura son una misma cosa, las mujeres no tienen un lugar en la historiograf\u00eda pero han estado ah\u00ed tejiendo y bordando<\/span><span data-contrast=\"auto\">;<\/span><span data-contrast=\"auto\"> entonces<\/span><span data-contrast=\"auto\">,<\/span><span data-contrast=\"auto\"> este libro es una exploraci\u00f3n y reflexi\u00f3n sobre la historia de las mujeres<\/span><span data-contrast=\"auto\">, que invita a escribir <\/span><span data-contrast=\"auto\">su propia<\/span><span data-contrast=\"auto\"> historia para formar una historiograf\u00eda m\u00e1s universal.\u201d<\/span><span data-ccp-props=\"{&quot;201341983&quot;:0,&quot;335559731&quot;:708,&quot;335559739&quot;:160,&quot;335559740&quot;:240}\">\u00a0<\/span><\/p>\n<p><span data-ccp-props=\"{&quot;201341983&quot;:0,&quot;335559739&quot;:160,&quot;335559740&quot;:240}\">\u00a0<\/span><\/p>\n<p><b><span data-contrast=\"auto\">Profundidades<\/span><\/b><span data-ccp-props=\"{&quot;201341983&quot;:0,&quot;335559739&quot;:160,&quot;335559740&quot;:240}\">\u00a0<\/span><\/p>\n<p><span data-contrast=\"auto\">Martina <\/span><span data-contrast=\"auto\">Moliis-Mellberg<\/span><span data-contrast=\"auto\"> naci\u00f3 en <\/span><span data-contrast=\"auto\">Eken\u00e4s<\/span><span data-contrast=\"auto\">, Finlandia, <\/span><span data-contrast=\"auto\">escribe poemas largos y narrativos, en sus dos \u00faltimos libros ha trabajado con la intersecci\u00f3n entre lo visual y lo textual. Sus poemas son como cortos <\/span><span data-contrast=\"auto\">cinematogr\u00e1ficos de poes\u00eda, una mezcla entre la poes\u00eda formal y el poema en prosa.<\/span><span data-ccp-props=\"{&quot;201341983&quot;:0,&quot;335559739&quot;:160,&quot;335559740&quot;:240}\">\u00a0<\/span><\/p>\n<p><span data-contrast=\"auto\">Coment\u00f3 que el contenido de <\/span><span data-contrast=\"auto\">dos<\/span><span data-contrast=\"auto\"> poemas traducidos al espa\u00f1ol bajo el t\u00edtulo <\/span><i><span data-contrast=\"auto\">Profundidades<\/span><\/i><span data-contrast=\"auto\">, <\/span><span data-contrast=\"auto\">en un sentido muy amplio, es el mar<\/span><span data-contrast=\"auto\">. La fascinaci\u00f3n que tiene por el oc\u00e9ano es porque considera que es el espejo perfecto para trabajar con las sensaciones de deseos y sue\u00f1os, abord\u00e1ndolos con el humor.<\/span><span data-ccp-props=\"{&quot;201341983&quot;:0,&quot;335559731&quot;:708,&quot;335559739&quot;:160,&quot;335559740&quot;:240}\">\u00a0<\/span><\/p>\n<p><span data-contrast=\"auto\">El tema de sus l<\/span><span data-contrast=\"auto\">ibros son la ansiedad y el deseo por estar en otro lugar, llegar lejos y ser otra cosa<\/span><span data-contrast=\"auto\">, vinculado a un proceso de transformaci\u00f3n<\/span><span data-contrast=\"auto\"> que puede llegar al delirio, a estar muy cerca de la locura.<\/span><span data-ccp-props=\"{&quot;201341983&quot;:0,&quot;335559731&quot;:708,&quot;335559739&quot;:160,&quot;335559740&quot;:240}\">\u00a0<\/span><\/p>\n<p><span data-contrast=\"auto\">\u201cHa sido interesante y diver<\/span><span data-contrast=\"auto\">tido <\/span><span data-contrast=\"auto\">dar un toque surrealista al tema de la transformaci\u00f3n<\/span><span data-contrast=\"auto\">;<\/span><span data-contrast=\"auto\"> en lugar de presentarlo como algo abstracto, lo narro como algo f\u00edsico por ejemplo cambiar de cuerpo, no s\u00f3lo de un cuerpo a otro, sino cambiar de un cuerpo humano al de un animal o por una vida en el oc\u00e9ano.\u201d<\/span><span data-ccp-props=\"{&quot;201341983&quot;:0,&quot;335559731&quot;:708,&quot;335559739&quot;:160,&quot;335559740&quot;:240}\">\u00a0<\/span><\/p>\n<p><span data-contrast=\"auto\">Es poeta y escribe cr\u00edtica de literatura y cine para diarios en Finlandia y Suecia. Estudi\u00f3 escritura creativa en la <\/span><span data-contrast=\"auto\">\u00c5bo<\/span> <span data-contrast=\"auto\">Akademi<\/span><span data-contrast=\"auto\">, de Finlandia, y en la <\/span><span data-contrast=\"auto\">Biskops-Arn\u00f6<\/span><span data-contrast=\"auto\">, de Suecia. En 2015 debut\u00f3 con <\/span><i><span data-contrast=\"auto\">A<\/span><\/i><span data-contrast=\"auto\">, una colecci\u00f3n de poemas en prosa; en 2017 public\u00f3 su segundo libro titulado <\/span><i><span data-contrast=\"auto\">7<\/span><\/i><span data-contrast=\"auto\">.<\/span><span data-ccp-props=\"{&quot;201341983&quot;:0,&quot;335559731&quot;:708,&quot;335559739&quot;:160,&quot;335559740&quot;:240}\">\u00a0<\/span><\/p>\n<p>&nbsp;<\/p>\n","protected":false},"excerpt":{"rendered":"<p>Poetas suecas compartieron experiencias, vivencias y algunos de sus poemas con estudiantes de la Facultad de Letras Espa\u00f1olas y p\u00fablico diverso<\/p>\n","protected":false},"author":1508,"featured_media":73598,"comment_status":"closed","ping_status":"closed","sticky":false,"template":"","format":"standard","meta":[],"categories":[11],"tags":[],"_links":{"self":[{"href":"https:\/\/www.uv.mx\/prensa\/wp-json\/wp\/v2\/posts\/73705"}],"collection":[{"href":"https:\/\/www.uv.mx\/prensa\/wp-json\/wp\/v2\/posts"}],"about":[{"href":"https:\/\/www.uv.mx\/prensa\/wp-json\/wp\/v2\/types\/post"}],"author":[{"embeddable":true,"href":"https:\/\/www.uv.mx\/prensa\/wp-json\/wp\/v2\/users\/1508"}],"replies":[{"embeddable":true,"href":"https:\/\/www.uv.mx\/prensa\/wp-json\/wp\/v2\/comments?post=73705"}],"version-history":[{"count":0,"href":"https:\/\/www.uv.mx\/prensa\/wp-json\/wp\/v2\/posts\/73705\/revisions"}],"wp:featuredmedia":[{"embeddable":true,"href":"https:\/\/www.uv.mx\/prensa\/wp-json\/wp\/v2\/media\/73598"}],"wp:attachment":[{"href":"https:\/\/www.uv.mx\/prensa\/wp-json\/wp\/v2\/media?parent=73705"}],"wp:term":[{"taxonomy":"category","embeddable":true,"href":"https:\/\/www.uv.mx\/prensa\/wp-json\/wp\/v2\/categories?post=73705"},{"taxonomy":"post_tag","embeddable":true,"href":"https:\/\/www.uv.mx\/prensa\/wp-json\/wp\/v2\/tags?post=73705"}],"curies":[{"name":"wp","href":"https:\/\/api.w.org\/{rel}","templated":true}]}}