{"id":73654,"date":"2019-09-25T08:00:53","date_gmt":"2019-09-25T13:00:53","guid":{"rendered":"https:\/\/www.uv.mx\/prensa\/?p=73654"},"modified":"2019-09-24T18:20:32","modified_gmt":"2019-09-24T23:20:32","slug":"mexico-pais-de-al-con-baja-prevalencia-de-casos-de-vih","status":"publish","type":"post","link":"https:\/\/www.uv.mx\/prensa\/ciencia\/mexico-pais-de-al-con-baja-prevalencia-de-casos-de-vih\/","title":{"rendered":"M\u00e9xico, pa\u00eds de AL con baja prevalencia de casos de VIH"},"content":{"rendered":"<ul>\n<li data-leveltext=\"\uf0b7\" data-font=\"Symbol\" data-listid=\"2\" data-aria-posinset=\"1\" data-aria-level=\"1\"><i><span data-contrast=\"auto\">Se tiene un registro de 190 mil pacientes<\/span><\/i><i><span data-contrast=\"auto\">;<\/span><\/i><i><span data-contrast=\"auto\"> sin embargo<\/span><\/i><i><span data-contrast=\"auto\">, <\/span><\/i><i><span data-contrast=\"auto\">se estima que 220 mil personas <\/span><\/i><i><span data-contrast=\"auto\">tienen este <\/span><\/i><i><span data-contrast=\"auto\">padecimiento<\/span><\/i><span data-ccp-props=\"{&quot;201341983&quot;:0,&quot;335559739&quot;:0,&quot;335559740&quot;:240}\">\u00a0<\/span><\/li>\n<li data-leveltext=\"\uf0b7\" data-font=\"Symbol\" data-listid=\"2\" data-aria-posinset=\"2\" data-aria-level=\"1\"><i><span data-contrast=\"auto\">E<\/span><\/i><i><span data-contrast=\"auto\">l cond\u00f3n s\u00f3lo es usado como m\u00e9todo de planificaci\u00f3n y no para evitar infecciones que pueden significar tratamientos <\/span><\/i><i><span data-contrast=\"auto\">de por vida<\/span><\/i><span data-ccp-props=\"{&quot;201341983&quot;:0,&quot;335551550&quot;:1,&quot;335551620&quot;:1,&quot;335559685&quot;:720,&quot;335559737&quot;:0,&quot;335559739&quot;:0,&quot;335559740&quot;:240,&quot;335559991&quot;:360}\">\u00a0<\/span><\/li>\n<\/ul>\n<div id=\"attachment_73516\" style=\"width: 732px\" class=\"wp-caption aligncenter\"><a href=\"https:\/\/www.uv.mx\/prensa\/files\/2019\/09\/200919-Baja-prevalencia-de-VIH-1.jpg\"><img loading=\"lazy\" decoding=\"async\" aria-describedby=\"caption-attachment-73516\" class=\"size-full wp-image-73516\" src=\"https:\/\/www.uv.mx\/prensa\/files\/2019\/09\/200919-Baja-prevalencia-de-VIH-1.jpg\" alt=\"\" width=\"722\" height=\"481\" srcset=\"https:\/\/www.uv.mx\/prensa\/files\/2019\/09\/200919-Baja-prevalencia-de-VIH-1.jpg 722w, https:\/\/www.uv.mx\/prensa\/files\/2019\/09\/200919-Baja-prevalencia-de-VIH-1-300x200.jpg 300w\" sizes=\"auto, (max-width: 722px) 100vw, 722px\" \/><\/a><p id=\"caption-attachment-73516\" class=\"wp-caption-text\">Uri Torruco Garc\u00eda, m\u00e9dico infect\u00f3logo coordinador del CAPASITS Xalapa<\/p><\/div>\n<p><b><i><span data-contrast=\"auto\">Jos\u00e9 Luis <\/span><\/i><\/b><b><i><span data-contrast=\"auto\">Couttolenc<\/span><\/i><\/b><b><i><span data-contrast=\"auto\"> Soto<\/span><\/i><\/b><span data-ccp-props=\"{&quot;201341983&quot;:0,&quot;335559739&quot;:0,&quot;335559740&quot;:240}\">\u00a0<\/span><\/p>\n<p><b><i><span data-contrast=\"auto\">25\/09\/2019, Xalapa, Ver.-<\/span><\/i><\/b><span data-contrast=\"auto\"> Uri <\/span><span data-contrast=\"auto\">Torruco<\/span><span data-contrast=\"auto\"> Garc\u00eda<\/span><span data-contrast=\"auto\">, <\/span><span data-contrast=\"auto\">m\u00e9dico <\/span><span data-contrast=\"auto\">infect\u00f3logo<\/span><span data-contrast=\"auto\">, coment\u00f3 que no obstante contar con alrededor de 220 mil personas infectadas con el Virus de Inmunodeficiencia Humana (VIH), de los cuales se tiene un registro de s\u00f3lo 190 mil casos, M\u00e9xico est\u00e1 considerado como uno de los pa\u00edses de Am\u00e9rica Latina (AL) con m\u00e1s baja prevalencia de este padecimiento<\/span><span data-contrast=\"auto\">.<\/span><span data-ccp-props=\"{&quot;201341983&quot;:0,&quot;335559739&quot;:0,&quot;335559740&quot;:240}\">\u00a0<\/span><\/p>\n<p><span data-contrast=\"auto\">E<\/span><span data-contrast=\"auto\">n el \u00faltimo d\u00eda de actividades de la 3\u00aa Semana de Universidad Segura que realiz\u00f3 la Universidad Veracruzana (UV)<\/span><span data-contrast=\"auto\">, el <\/span><span data-contrast=\"auto\">especialista <\/span><span data-contrast=\"auto\">ofreci\u00f3 la <\/span><span data-contrast=\"auto\">conferencia \u201cPanorama del VIH en M\u00e9xico y<\/span><span data-contrast=\"auto\"> nuestro papel como ciudadanos\u201d.<\/span><span data-ccp-props=\"{&quot;201341983&quot;:0,&quot;335559739&quot;:0,&quot;335559740&quot;:240}\">\u00a0<\/span><\/p>\n<p><span data-contrast=\"auto\">El C<\/span><span data-contrast=\"auto\">oordinador del Centro Ambulatorio de Prevenci\u00f3n y Atenci\u00f3n en S<\/span><span data-contrast=\"auto\">IDA <\/span><span data-contrast=\"auto\">e Infecciones de Transmisi\u00f3n Sexual (<\/span><span data-contrast=\"auto\">CAPASITS<\/span><span data-contrast=\"auto\">)<\/span><span data-contrast=\"auto\"> de la Secretar\u00eda de Salud (SS)<\/span> <span data-contrast=\"auto\">en Xalapa<\/span><span data-contrast=\"auto\">,<\/span> <span data-contrast=\"auto\">habl\u00f3 del estatus que guarda la enfermedad en el pa\u00eds, y de manera particular su situaci\u00f3n en el estado de Veracruz y la ciudad de Xalapa.<\/span><span data-ccp-props=\"{&quot;201341983&quot;:0,&quot;335559739&quot;:0,&quot;335559740&quot;:240}\">\u00a0<\/span><\/p>\n<p><span data-contrast=\"auto\">En relaci\u00f3n a un probable <\/span><span data-contrast=\"auto\">subregistro<\/span><span data-contrast=\"auto\"> de casos, dijo que del total de las personas que se estima tengan la enfermedad, s\u00f3lo el 80 por ciento de ellas sabe de su diagn\u00f3stico debido a que tienen pr\u00e1cticas de riesgo, y que en los primeros a\u00f1os <\/span><span data-contrast=\"auto\">es asintom\u00e1tica<\/span><span data-contrast=\"auto\">; <\/span><span data-contrast=\"auto\">adem\u00e1s<\/span><span data-contrast=\"auto\">,<\/span><span data-contrast=\"auto\"> si <\/span><span data-contrast=\"auto\">cuentan con intervenciones de salud, el diagn\u00f3stico del VIH no es parte de ese protocolo.<\/span><span data-ccp-props=\"{&quot;201341983&quot;:0,&quot;335559739&quot;:0,&quot;335559740&quot;:240}\">\u00a0<\/span><\/p>\n<p><span data-contrast=\"auto\">Por lo que se refiere a Veracruz, por ser el tercer estado m\u00e1s poblado del pa\u00eds, <\/span><span data-contrast=\"auto\">los<\/span><span data-contrast=\"auto\"> 25 mil casos registrados lo ubican en el tercer lugar nacional, pero en relaci\u00f3n a su tasa por cada 100 mil habitantes le corresp<\/span><span data-contrast=\"auto\">onde el octavo lugar nacional, \u201c<\/span><span data-contrast=\"auto\">que no es tan bajo pero tampoco tan alto, adem\u00e1s de que se ha logrado ir bajando escalones, pues en 2014 se encontraba en el segundo lugar\u201d.<\/span><span data-ccp-props=\"{&quot;201341983&quot;:0,&quot;335559739&quot;:0,&quot;335559740&quot;:240}\">\u00a0<\/span><\/p>\n<p><span data-contrast=\"auto\">En cuanto a ciudades con mayor prevalencia, los primeros lugares los ocupan<\/span><span data-contrast=\"auto\"> Veracruz, Coatzacoalcos, Poza Rica y Xalapa, atendi\u00e9ndose en esta \u00faltima a mil 700 personas en el <\/span><span data-contrast=\"auto\">CAPASITS<\/span><span data-contrast=\"auto\">, <\/span><span data-contrast=\"auto\">que <\/span><span data-contrast=\"auto\">se localiza a un costado del Centro de Alta Especialidad (CAE) \u201cDr. Rafael Lucio\u201d.<\/span><span data-ccp-props=\"{&quot;201341983&quot;:0,&quot;335559739&quot;:0,&quot;335559740&quot;:240}\">\u00a0<\/span><\/p>\n<p><span data-contrast=\"auto\">Torruco<\/span><span data-contrast=\"auto\"> Garc\u00eda mencion\u00f3 que en la actualidad las personas contin\u00faan sin utilizar alguna protecci\u00f3n para <\/span><span data-contrast=\"auto\">tener<\/span><span data-contrast=\"auto\"> relaciones sexuales, por lo que lament\u00f3 que el cond\u00f3n s\u00f3lo es usado como un m\u00e9todo de planificaci\u00f3n familiar y no para evitar infecciones que les pueden significar tratamientos para el resto de su<\/span><span data-contrast=\"auto\">s<\/span><span data-contrast=\"auto\"> vida<\/span><span data-contrast=\"auto\">s<\/span><span data-contrast=\"auto\">, por lo que hizo un llamado a la ciudadan\u00eda para que act\u00fae con responsabilidad y acuda a realizarse la prueba de VIH antes de que se convierta en S<\/span><span data-contrast=\"auto\">IDA<\/span><span data-contrast=\"auto\">, que solicite apoyo educativo<\/span><span data-contrast=\"auto\"> pues<\/span><span data-contrast=\"auto\"> los j\u00f3venes tienen educaci\u00f3n sexual para evitar embarazos, pero no para no contraer infecciones.<\/span><span data-ccp-props=\"{&quot;201341983&quot;:0,&quot;335559739&quot;:0,&quot;335559740&quot;:240}\">\u00a0<\/span><\/p>\n<p><span data-contrast=\"auto\">Para concluir, apunt\u00f3 que el mayor n\u00famero de casos se registran en personas de entre 25 y 35 a\u00f1os de edad y mayores de 45, aunque se viene presentando un cambio, \u201ca\u00fan no sustancial\u201d, en donde se atiende ya a pacientes diagnosticados a m\u00e1s temprana edad, pues inician su actividad sexual<\/span><span data-contrast=\"auto\"> muy<\/span><span data-contrast=\"auto\"> j\u00f3venes.<\/span><span data-ccp-props=\"{&quot;201341983&quot;:0,&quot;335559739&quot;:0,&quot;335559740&quot;:240}\">\u00a0<\/span><\/p>\n<p><span data-contrast=\"auto\">El estado de Veracruz cuenta con cinco <\/span><span data-contrast=\"auto\">CAPASITS<\/span><span data-contrast=\"auto\">, cada uno de ellos ubicado a un costado de los hospitales de alta especialidad de Poza Rica, R\u00edo Blanco, Xalapa, Veracruz y Coatzacoalcos, en donde dan atenci\u00f3n a personas con VIH\/S<\/span><span data-contrast=\"auto\">IDA<\/span><span data-contrast=\"auto\">.<\/span><span data-ccp-props=\"{&quot;201341983&quot;:0,&quot;335559739&quot;:0,&quot;335559740&quot;:240}\">\u00a0<\/span><\/p>\n","protected":false},"excerpt":{"rendered":"<p>Uri Torruco Garc\u00eda, m\u00e9dico infect\u00f3logo, particip\u00f3 la 3\u00aa Semana de Universidad Segura que realiz\u00f3 la UV<\/p>\n","protected":false},"author":1508,"featured_media":73516,"comment_status":"closed","ping_status":"closed","sticky":false,"template":"","format":"standard","meta":{"footnotes":""},"categories":[45],"tags":[],"class_list":["post-73654","post","type-post","status-publish","format-standard","has-post-thumbnail","hentry","category-ciencia"],"_links":{"self":[{"href":"https:\/\/www.uv.mx\/prensa\/wp-json\/wp\/v2\/posts\/73654","targetHints":{"allow":["GET"]}}],"collection":[{"href":"https:\/\/www.uv.mx\/prensa\/wp-json\/wp\/v2\/posts"}],"about":[{"href":"https:\/\/www.uv.mx\/prensa\/wp-json\/wp\/v2\/types\/post"}],"author":[{"embeddable":true,"href":"https:\/\/www.uv.mx\/prensa\/wp-json\/wp\/v2\/users\/1508"}],"replies":[{"embeddable":true,"href":"https:\/\/www.uv.mx\/prensa\/wp-json\/wp\/v2\/comments?post=73654"}],"version-history":[{"count":0,"href":"https:\/\/www.uv.mx\/prensa\/wp-json\/wp\/v2\/posts\/73654\/revisions"}],"wp:featuredmedia":[{"embeddable":true,"href":"https:\/\/www.uv.mx\/prensa\/wp-json\/wp\/v2\/media\/73516"}],"wp:attachment":[{"href":"https:\/\/www.uv.mx\/prensa\/wp-json\/wp\/v2\/media?parent=73654"}],"wp:term":[{"taxonomy":"category","embeddable":true,"href":"https:\/\/www.uv.mx\/prensa\/wp-json\/wp\/v2\/categories?post=73654"},{"taxonomy":"post_tag","embeddable":true,"href":"https:\/\/www.uv.mx\/prensa\/wp-json\/wp\/v2\/tags?post=73654"}],"curies":[{"name":"wp","href":"https:\/\/api.w.org\/{rel}","templated":true}]}}