{"id":73615,"date":"2019-09-23T19:31:50","date_gmt":"2019-09-24T00:31:50","guid":{"rendered":"https:\/\/www.uv.mx\/prensa\/?p=73615"},"modified":"2019-09-23T19:31:50","modified_gmt":"2019-09-24T00:31:50","slug":"uv-informa-y-promueve-acciones-sostenibles-en-exposustenta-2019","status":"publish","type":"post","link":"https:\/\/www.uv.mx\/prensa\/eventos\/uv-informa-y-promueve-acciones-sostenibles-en-exposustenta-2019\/","title":{"rendered":"UV informa y promueve acciones sostenibles en ExpoSustenta 2019"},"content":{"rendered":"<ul>\n<li data-leveltext=\"\uf0b7\" data-font=\"Symbol\" data-listid=\"2\" data-aria-posinset=\"1\" data-aria-level=\"1\"><i><span data-contrast=\"none\">Se r<\/span><\/i><i><span data-contrast=\"none\">ealizar\u00e1 el 26 de septiembre en diversos espacios de la Unidad de Servicios Bibliotecarios y de Informaci\u00f3n (USBI)<\/span><\/i><span data-ccp-props=\"{&quot;134233117&quot;:true,&quot;134233118&quot;:true,&quot;201341983&quot;:0,&quot;335559740&quot;:240}\">\u00a0<\/span><\/li>\n<\/ul>\n<div id=\"attachment_73590\" style=\"width: 732px\" class=\"wp-caption aligncenter\"><a href=\"https:\/\/www.uv.mx\/prensa\/files\/2019\/09\/220919-veracruz-exposustenta-1.jpg\"><img loading=\"lazy\" decoding=\"async\" aria-describedby=\"caption-attachment-73590\" class=\"size-full wp-image-73590\" src=\"https:\/\/www.uv.mx\/prensa\/files\/2019\/09\/220919-veracruz-exposustenta-1.jpg\" alt=\"\" width=\"722\" height=\"481\" srcset=\"https:\/\/www.uv.mx\/prensa\/files\/2019\/09\/220919-veracruz-exposustenta-1.jpg 722w, https:\/\/www.uv.mx\/prensa\/files\/2019\/09\/220919-veracruz-exposustenta-1-300x200.jpg 300w\" sizes=\"auto, (max-width: 722px) 100vw, 722px\" \/><\/a><p id=\"caption-attachment-73590\" class=\"wp-caption-text\">El <em>Econtainer<\/em> forma parte de la promoci\u00f3n para la conservaci\u00f3n del medio ambiente<\/p><\/div>\n<p><b><i><span data-contrast=\"none\">23<\/span><\/i><\/b><b><i><span data-contrast=\"none\">\/09\/2019, Boca del R\u00edo, Ver.-<\/span><\/i><\/b> <span data-contrast=\"none\">La Universidad Veracruzana (UV), a trav\u00e9s de la C<\/span><span data-contrast=\"none\">oordinaci\u00f3n <\/span><span data-contrast=\"none\">del <\/span><span data-contrast=\"none\">P<\/span><span data-contrast=\"none\">rograma <\/span><span data-contrast=\"none\">G<\/span><span data-contrast=\"none\">esti\u00f3n para la <\/span><span data-contrast=\"none\">S<\/span><span data-contrast=\"none\">ust<\/span><span data-contrast=\"none\">entabilidad<\/span><span data-contrast=\"none\">,<\/span><span data-contrast=\"none\"> realizar\u00e1 el 26 de septiembre en diversos espacios de la Unidad de Servicios Bibliotecarios y de Informaci\u00f3n (USBI) <\/span><span data-contrast=\"none\">la<\/span><span data-contrast=\"none\"> feria universitaria ExpoSustenta 2019.<\/span><span data-ccp-props=\"{&quot;134233117&quot;:true,&quot;134233118&quot;:true,&quot;201341983&quot;:0,&quot;335559740&quot;:240}\">\u00a0<\/span><\/p>\n<p><span data-contrast=\"none\">T<\/span><span data-contrast=\"none\">eniendo como tem\u00e1tica los Objetivos de Desarrollo Sost<\/span><span data-contrast=\"none\">enibles <\/span><span data-contrast=\"none\">de <\/span><span data-contrast=\"none\">la <\/span><span data-contrast=\"none\">A<\/span><span data-contrast=\"none\">genda 2030<\/span><span data-contrast=\"none\"> de la Organizaci\u00f3n de las Naciones Unidas (ONU)<\/span><span data-contrast=\"none\">, durante la jornada se realizar\u00e1n talleres para la elaboraci\u00f3n de diferentes productos, charlas informativas, actividades art\u00edsticas, as\u00ed como una exposici<\/span><span data-contrast=\"none\">\u00f3n de iniciativas sustentables.<\/span><span data-ccp-props=\"{&quot;134233117&quot;:true,&quot;134233118&quot;:true,&quot;201341983&quot;:0,&quot;335559731&quot;:708,&quot;335559740&quot;:240}\">\u00a0<\/span><\/p>\n<p><span data-contrast=\"none\">Este <\/span><span data-contrast=\"none\">evento anual<\/span> <span data-contrast=\"none\">se organiza de forma alterna <\/span><span data-contrast=\"none\">en las <\/span><span data-contrast=\"none\">cinco<\/span><span data-contrast=\"none\"> regiones universitarias<\/span><span data-contrast=\"none\">,<\/span><span data-contrast=\"none\"> con el<\/span><span data-contrast=\"none\"> objetivo <\/span><span data-contrast=\"none\">de generar un espacio para conocer e intercambiar experiencias universitarias de sustentabilidad, articular esfuerzos y estimular el trabajo multidisciplinario e interinstitucional emprendido por alumnos, acad\u00e9micos, autoridades y sociedad, comprometidos con el tema.<\/span><span data-ccp-props=\"{&quot;134233117&quot;:true,&quot;134233118&quot;:true,&quot;201341983&quot;:0,&quot;335559731&quot;:708,&quot;335559740&quot;:240}\">\u00a0<\/span><\/p>\n<p><span data-contrast=\"none\">La ExpoSustenta <\/span><span data-contrast=\"none\">de la regi\u00f3n Veracruz <\/span><span data-contrast=\"none\">ser\u00e1 <\/span><span data-contrast=\"none\">de 9:00 <\/span><span data-contrast=\"none\">a <\/span><span data-contrast=\"none\">14:00 horas<\/span><span data-contrast=\"none\">, adem\u00e1s se podr\u00e1n apreciar cortos audiovisuales sobre la conservaci\u00f3n de las playas en el<\/span> <i><span data-contrast=\"none\">Econta<\/span><\/i><i><span data-contrast=\"none\">in<\/span><\/i><i><span data-contrast=\"none\">er<\/span><\/i><span data-contrast=\"none\">, que <\/span><span data-contrast=\"none\">es un contenedor adaptado para ser sala de proyecci\u00f3n audiovisual donde se transmiten breves c\u00e1psulas con tem\u00e1ticas de conservaci\u00f3n del medio ambiente, ampliaci\u00f3n del puerto e iniciativas sustentables.<\/span><span data-ccp-props=\"{&quot;134233117&quot;:true,&quot;134233118&quot;:true,&quot;201341983&quot;:0,&quot;335559731&quot;:708,&quot;335559740&quot;:240}\">\u00a0<\/span><\/p>\n<p><span data-contrast=\"none\">E<\/span><span data-contrast=\"none\">n el p<\/span><span data-contrast=\"none\">atio central de la USBI<\/span> <span data-contrast=\"none\">se expondr\u00e1n m\u00e1s de 40 iniciativas sustentables en modalidad de charlas, c\u00edrculos de di\u00e1logo<\/span><span data-contrast=\"none\"> y<\/span><span data-contrast=\"none\"> talleres<\/span><span data-contrast=\"none\">; <\/span><span data-contrast=\"none\">se presentar\u00e1 la exposici\u00f3n colectiva de obra art\u00edstica de los <\/span><span data-contrast=\"none\">T<\/span><span data-contrast=\"none\">alleres <\/span><span data-contrast=\"none\">L<\/span><span data-contrast=\"none\">ibres de <\/span><span data-contrast=\"none\">Arte<\/span> <span data-contrast=\"none\">(TLA) <\/span><span data-contrast=\"none\">regi\u00f3n Veracruz<\/span><span data-contrast=\"none\"> y la <\/span><span data-contrast=\"none\">l<\/span><span data-contrast=\"none\">ectura dramatizada \u201c<\/span><span data-contrast=\"none\">V<\/span><span data-contrast=\"none\">oces del futuro\u201d<\/span><span data-contrast=\"none\">,<\/span><span data-contrast=\"none\"> de la autora M\u00f3nica Melgoza, producida<\/span><span data-contrast=\"none\"> e interpretada <\/span><span data-contrast=\"none\">por los alumnos de la Facultad de Ciencias de la Comunicaci\u00f3n <\/span><span data-contrast=\"none\">en vinculaci\u00f3n con los T<\/span><span data-contrast=\"none\">LA<\/span><span data-contrast=\"none\">.<\/span><span data-ccp-props=\"{&quot;134233117&quot;:true,&quot;134233118&quot;:true,&quot;201341983&quot;:0,&quot;335559731&quot;:708,&quot;335559740&quot;:240}\">\u00a0<\/span><\/p>\n<div id=\"attachment_73589\" style=\"width: 732px\" class=\"wp-caption aligncenter\"><a href=\"https:\/\/www.uv.mx\/prensa\/files\/2019\/09\/220919-veracruz-exposustenta-2.jpg\"><img loading=\"lazy\" decoding=\"async\" aria-describedby=\"caption-attachment-73589\" class=\"size-full wp-image-73589\" src=\"https:\/\/www.uv.mx\/prensa\/files\/2019\/09\/220919-veracruz-exposustenta-2.jpg\" alt=\"\" width=\"722\" height=\"481\" srcset=\"https:\/\/www.uv.mx\/prensa\/files\/2019\/09\/220919-veracruz-exposustenta-2.jpg 722w, https:\/\/www.uv.mx\/prensa\/files\/2019\/09\/220919-veracruz-exposustenta-2-300x200.jpg 300w\" sizes=\"auto, (max-width: 722px) 100vw, 722px\" \/><\/a><p id=\"caption-attachment-73589\" class=\"wp-caption-text\">Las pl\u00e1ticas y talleres son gratuitas<\/p><\/div>\n<p><span data-contrast=\"none\">El acto protocolario <\/span><span data-contrast=\"none\">est\u00e1 programado a las <\/span><span data-contrast=\"none\">10:30<\/span><span data-contrast=\"none\">:00 horas y a las 11:00 se har\u00e1 un <\/span><span data-contrast=\"none\">enlace con las <\/span><span data-contrast=\"none\">dem\u00e1s <\/span><span data-contrast=\"none\">regiones<\/span><span data-contrast=\"none\"> universitarias.<\/span><span data-ccp-props=\"{&quot;134233117&quot;:true,&quot;134233118&quot;:true,&quot;201341983&quot;:0,&quot;335559731&quot;:708,&quot;335559740&quot;:240}\">\u00a0<\/span><\/p>\n<p><span data-contrast=\"none\">Cabe mencionar que desde el 22 de septiembre hasta el 7 de octubre el <\/span><i><span data-contrast=\"none\">Econtainer<\/span><\/i><span data-contrast=\"none\">,<\/span><span data-contrast=\"none\"> ubicado en la <\/span><span data-contrast=\"none\">explan<\/span><span data-contrast=\"none\">a<\/span><span data-contrast=\"none\">da<\/span><span data-contrast=\"none\"> de la USBI<\/span><span data-contrast=\"none\">,<\/span> <span data-contrast=\"none\">brindar\u00e1 funciones cada media hora <\/span><span data-contrast=\"none\">de <\/span><span data-contrast=\"none\">lunes a viernes de 10<\/span><span data-contrast=\"none\">:00 a 13:00 y de 16:00 a 19:00, <\/span><span data-contrast=\"none\">y <\/span><span data-contrast=\"none\">s<\/span><span data-contrast=\"none\">\u00e1bados <\/span><span data-contrast=\"none\">y domingos de 16:00 a 19:00<\/span><span data-contrast=\"none\">. La entrada es gratuita.<\/span><span data-ccp-props=\"{&quot;134233117&quot;:true,&quot;134233118&quot;:true,&quot;201341983&quot;:0,&quot;335559731&quot;:708,&quot;335559740&quot;:240}\">\u00a0<\/span><\/p>\n<p><span data-contrast=\"none\">Adem\u00e1s de las proyecciones hay un programa de actividades al aire libre<\/span><span data-contrast=\"none\">,<\/span><span data-contrast=\"none\"> con el prop\u00f3sito <\/span><span data-contrast=\"none\">de <\/span><span data-contrast=\"none\">que la comunidad que v<\/span><span data-contrast=\"none\">isite el <\/span><i><span data-contrast=\"none\">Econtainer<\/span><\/i><span data-contrast=\"none\"> disfrute de pl\u00e1ticas de expertos en temas de conservaci\u00f3n del medio ambiente<\/span><span data-contrast=\"none\">.<\/span><span data-ccp-props=\"{&quot;134233117&quot;:true,&quot;134233118&quot;:true,&quot;201341983&quot;:0,&quot;335559731&quot;:708,&quot;335559740&quot;:240}\">\u00a0<\/span><\/p>\n<p><span data-contrast=\"none\">Cabe mencionar que e<\/span><span data-contrast=\"none\">ste apoyo se logr\u00f3 <\/span><span data-contrast=\"none\">gracias a la vinculaci\u00f3n entre la U<\/span><span data-contrast=\"none\">V, <\/span><span data-contrast=\"none\">la Coordinaci\u00f3n Regional del Programa Gesti\u00f3n para la Sustentabilidad<\/span><span data-contrast=\"none\">,<\/span> <span data-contrast=\"none\">a cargo de Alicia Elena Urbina Gonz\u00e1lez<\/span><span data-contrast=\"none\">,<\/span> <span data-contrast=\"none\">y la Administraci\u00f3n Portuaria Integral <\/span><span data-contrast=\"none\">de Veracruz <\/span><span data-contrast=\"none\">(<\/span><i><span data-contrast=\"none\">A<\/span><\/i><i><span data-contrast=\"none\">piver<\/span><\/i><span data-contrast=\"none\">)<\/span><span data-contrast=\"none\">.<\/span><span data-ccp-props=\"{&quot;134233117&quot;:true,&quot;134233118&quot;:true,&quot;201341983&quot;:0,&quot;335559731&quot;:708,&quot;335559740&quot;:240}\">\u00a0<\/span><\/p>\n<p><span data-contrast=\"none\">As\u00ed como a las gestiones de<\/span> <span data-contrast=\"none\">Miguel \u00c1ngel Y\u00e1<\/span><span data-contrast=\"none\">\u00f1ez Mo<\/span><span data-contrast=\"none\">nroy, Francisco Lia\u00f1o Carrera<\/span><span data-contrast=\"none\"> y <\/span><span data-contrast=\"none\">Francisco Rergis Borja<\/span><span data-contrast=\"none\">,<\/span> <span data-contrast=\"none\">d<\/span><span data-contrast=\"none\">irector <\/span><span data-contrast=\"none\">g<\/span><span data-contrast=\"none\">eneral,<\/span> <span data-contrast=\"none\">g<\/span><span data-contrast=\"none\">erente de Ingenier\u00eda <\/span><span data-contrast=\"none\">y c<\/span><span data-contrast=\"none\">oordinador de Proyectos de <\/span><i><span data-contrast=\"none\">Apiver<\/span><\/i><span data-contrast=\"none\">, <\/span><span data-contrast=\"none\">respectivamente; as\u00ed como <\/span><span data-contrast=\"none\">Olga D\u00edaz Ordaz<\/span><span data-contrast=\"none\">,<\/span><span data-contrast=\"none\"> presidenta de <\/span><span data-contrast=\"none\">la Fundaci\u00f3n Chalchi<\/span><span data-contrast=\"none\">,<\/span><span data-contrast=\"none\"> A<\/span><span data-contrast=\"none\">.<\/span><span data-contrast=\"none\">C<\/span><span data-contrast=\"none\">.<\/span><span data-ccp-props=\"{&quot;134233117&quot;:true,&quot;134233118&quot;:true,&quot;201341983&quot;:0,&quot;335559740&quot;:240}\">\u00a0<\/span><\/p>\n<div id=\"attachment_73588\" style=\"width: 462px\" class=\"wp-caption aligncenter\"><a href=\"https:\/\/www.uv.mx\/prensa\/files\/2019\/09\/220919-veracruz-exposustenta-3.jpg\"><img loading=\"lazy\" decoding=\"async\" aria-describedby=\"caption-attachment-73588\" class=\"size-full wp-image-73588\" src=\"https:\/\/www.uv.mx\/prensa\/files\/2019\/09\/220919-veracruz-exposustenta-3.jpg\" alt=\"\" width=\"452\" height=\"723\" srcset=\"https:\/\/www.uv.mx\/prensa\/files\/2019\/09\/220919-veracruz-exposustenta-3.jpg 452w, https:\/\/www.uv.mx\/prensa\/files\/2019\/09\/220919-veracruz-exposustenta-3-188x300.jpg 188w\" sizes=\"auto, (max-width: 452px) 100vw, 452px\" \/><\/a><p id=\"caption-attachment-73588\" class=\"wp-caption-text\">Cartel promocional<\/p><\/div>\n","protected":false},"excerpt":{"rendered":"<p>Este evento se organiza en las cinco regiones universitarias, con el objetivo de intercambiar experiencias de sustentabilidad<\/p>\n","protected":false},"author":1508,"featured_media":73590,"comment_status":"closed","ping_status":"closed","sticky":false,"template":"","format":"standard","meta":{"footnotes":""},"categories":[47,55],"tags":[],"class_list":["post-73615","post","type-post","status-publish","format-standard","has-post-thumbnail","hentry","category-eventos","category-veracruz"],"_links":{"self":[{"href":"https:\/\/www.uv.mx\/prensa\/wp-json\/wp\/v2\/posts\/73615","targetHints":{"allow":["GET"]}}],"collection":[{"href":"https:\/\/www.uv.mx\/prensa\/wp-json\/wp\/v2\/posts"}],"about":[{"href":"https:\/\/www.uv.mx\/prensa\/wp-json\/wp\/v2\/types\/post"}],"author":[{"embeddable":true,"href":"https:\/\/www.uv.mx\/prensa\/wp-json\/wp\/v2\/users\/1508"}],"replies":[{"embeddable":true,"href":"https:\/\/www.uv.mx\/prensa\/wp-json\/wp\/v2\/comments?post=73615"}],"version-history":[{"count":0,"href":"https:\/\/www.uv.mx\/prensa\/wp-json\/wp\/v2\/posts\/73615\/revisions"}],"wp:featuredmedia":[{"embeddable":true,"href":"https:\/\/www.uv.mx\/prensa\/wp-json\/wp\/v2\/media\/73590"}],"wp:attachment":[{"href":"https:\/\/www.uv.mx\/prensa\/wp-json\/wp\/v2\/media?parent=73615"}],"wp:term":[{"taxonomy":"category","embeddable":true,"href":"https:\/\/www.uv.mx\/prensa\/wp-json\/wp\/v2\/categories?post=73615"},{"taxonomy":"post_tag","embeddable":true,"href":"https:\/\/www.uv.mx\/prensa\/wp-json\/wp\/v2\/tags?post=73615"}],"curies":[{"name":"wp","href":"https:\/\/api.w.org\/{rel}","templated":true}]}}