{"id":73613,"date":"2019-09-23T19:28:57","date_gmt":"2019-09-24T00:28:57","guid":{"rendered":"https:\/\/www.uv.mx\/prensa\/?p=73613"},"modified":"2019-09-23T19:28:57","modified_gmt":"2019-09-24T00:28:57","slug":"musica-y-cine-a-mano-combinacion-de-manifestaciones-artisticas","status":"publish","type":"post","link":"https:\/\/www.uv.mx\/prensa\/cultura\/musica-y-cine-a-mano-combinacion-de-manifestaciones-artisticas\/","title":{"rendered":"<em>M\u00fasica y cine a mano<\/em>, combinaci\u00f3n de manifestaciones art\u00edsticas"},"content":{"rendered":"<div id='gallery-1' class='gallery galleryid-73613 gallery-columns-2 gallery-size-full'><dl class='gallery-item'>\n\t\t\t<dt class='gallery-icon landscape'>\n\t\t\t\t<a href='https:\/\/www.uv.mx\/prensa\/files\/2019\/09\/210919-ORIZABA-Musica-y-cine-1.jpg'><img loading=\"lazy\" decoding=\"async\" width=\"722\" height=\"481\" src=\"https:\/\/www.uv.mx\/prensa\/files\/2019\/09\/210919-ORIZABA-Musica-y-cine-1.jpg\" class=\"attachment-full size-full\" alt=\"\" aria-describedby=\"gallery-1-73596\" srcset=\"https:\/\/www.uv.mx\/prensa\/files\/2019\/09\/210919-ORIZABA-Musica-y-cine-1.jpg 722w, https:\/\/www.uv.mx\/prensa\/files\/2019\/09\/210919-ORIZABA-Musica-y-cine-1-300x200.jpg 300w\" sizes=\"auto, (max-width: 722px) 100vw, 722px\" \/><\/a>\n\t\t\t<\/dt>\n\t\t\t\t<dd class='wp-caption-text gallery-caption' id='gallery-1-73596'>\n\t\t\t\tOctavio S\u00e1nchez pinta sobre el proyector, al mismo tiempo que Stephanie Monterrosas y Gabino Espinoza ejecutan una melod\u00eda \n\t\t\t\t<\/dd><\/dl><dl class='gallery-item'>\n\t\t\t<dt class='gallery-icon landscape'>\n\t\t\t\t<a href='https:\/\/www.uv.mx\/prensa\/files\/2019\/09\/210919-ORIZABA-Musica-y-cine-2.jpg'><img loading=\"lazy\" decoding=\"async\" width=\"722\" height=\"481\" src=\"https:\/\/www.uv.mx\/prensa\/files\/2019\/09\/210919-ORIZABA-Musica-y-cine-2.jpg\" class=\"attachment-full size-full\" alt=\"\" aria-describedby=\"gallery-1-73597\" srcset=\"https:\/\/www.uv.mx\/prensa\/files\/2019\/09\/210919-ORIZABA-Musica-y-cine-2.jpg 722w, https:\/\/www.uv.mx\/prensa\/files\/2019\/09\/210919-ORIZABA-Musica-y-cine-2-300x200.jpg 300w\" sizes=\"auto, (max-width: 722px) 100vw, 722px\" \/><\/a>\n\t\t\t<\/dt>\n\t\t\t\t<dd class='wp-caption-text gallery-caption' id='gallery-1-73597'>\n\t\t\t\tStephanie Monterrosas y Gabino Espinoza interpretaron canciones latinoamericanas\n\t\t\t\t<\/dd><\/dl><br style=\"clear: both\" \/>\n\t\t<\/div>\n\n<p><b><i><span data-contrast=\"auto\">Francisco Javier Cha\u00edn Revuelta<\/span><\/i><\/b><\/p>\n<p><b><i><span data-contrast=\"auto\">23\/09\/2019, Orizaba, <\/span><\/i><\/b><b><i><span data-contrast=\"auto\">Ver.-<\/span><\/i><\/b> <span data-contrast=\"auto\">En la Unidad de Servicios Bibliotecarios y de Informaci\u00f3n (USBI) de la Universidad Veracruzana (UV), <\/span><i><span data-contrast=\"auto\">campus<\/span><\/i><span data-contrast=\"auto\"> Ixtaczoquitl\u00e1n, se llev\u00f3 a cabo el espect\u00e1culo <\/span><i><span data-contrast=\"auto\">M\u00fasica y cine a mano<\/span><\/i><span data-contrast=\"auto\">, el pasado 19 de septiembre; la parte musical fue brindada por Stephanie Monterrosas en la voz <\/span><span data-contrast=\"auto\">y <\/span><span data-contrast=\"auto\">de Gabino Espinoza en la guitarra, quienes interpretaron canciones latinoamericanas, entre ellas <\/span><i><span data-contrast=\"auto\">B\u00e9same mucho<\/span><\/i><span data-contrast=\"auto\">, <\/span><i><span data-contrast=\"auto\">L\u00e1grimas negras<\/span><\/i><span data-contrast=\"auto\">, <\/span><i><span data-contrast=\"auto\">Gracias a la vida<\/span><\/i><span data-contrast=\"auto\">, <\/span><i><span data-contrast=\"auto\">Farolito<\/span><\/i><span data-contrast=\"auto\"> y <\/span><i><span data-contrast=\"auto\">Veracruz<\/span><\/i><span data-contrast=\"auto\">.<\/span><span data-ccp-props=\"{&quot;201341983&quot;:0,&quot;335559739&quot;:160,&quot;335559740&quot;:240}\">\u00a0<\/span><\/p>\n<p><span data-contrast=\"auto\">A<\/span><span data-contrast=\"auto\">l mismo tiempo<\/span> <span data-contrast=\"auto\">que se ejecutaban las melod\u00edas, <\/span><span data-contrast=\"auto\">el p\u00fablico p<\/span><span data-contrast=\"auto\">ud<\/span><span data-contrast=\"auto\">o observar <\/span><span data-contrast=\"auto\">que<\/span><span data-contrast=\"auto\"> el artista pl\u00e1stico Octavio S\u00e1nchez Oropeza desarrollaba una pintura <\/span><span data-contrast=\"auto\">(<\/span><span data-contrast=\"auto\">con tinta china<\/span><span data-contrast=\"auto\">) <\/span><span data-contrast=\"auto\">alusiva al tema de <\/span><span data-contrast=\"auto\">cada<\/span><span data-contrast=\"auto\"> canci\u00f3n<\/span><span data-contrast=\"auto\">,<\/span><span data-contrast=\"auto\"> cre<\/span><span data-contrast=\"auto\">a<\/span><span data-contrast=\"auto\">da<\/span><span data-contrast=\"auto\"> con el movimiento de su pincel y mano sobre <\/span><span data-contrast=\"auto\">un cristal montado en un proyector de acetatos.<\/span><span data-ccp-props=\"{&quot;201341983&quot;:0,&quot;335559731&quot;:708,&quot;335559739&quot;:160,&quot;335559740&quot;:240}\">\u00a0<\/span><\/p>\n<p><span data-contrast=\"auto\">Oliver Coronado Paz<\/span><span data-contrast=\"auto\">, uno de los promotores de<\/span><span data-contrast=\"auto\">l<\/span><span data-contrast=\"auto\"> evento, <\/span><span data-contrast=\"auto\">destac\u00f3 <\/span><span data-contrast=\"auto\">que es poco visto<\/span><span data-contrast=\"auto\"> un espect\u00e1culo similar que combine al mismo tiempo y en vivo dos manifestaciones art\u00edsticas<\/span><span data-contrast=\"auto\">,<\/span><span data-contrast=\"auto\"> como en esta ocasi\u00f3n que se mezclan las emociones de los int\u00e9rpretes <\/span><span data-contrast=\"auto\">con <\/span><span data-contrast=\"auto\">la m\u00fasica y el dibujo sobre el mismo tema.<\/span><span data-ccp-props=\"{&quot;201341983&quot;:0,&quot;335559739&quot;:160,&quot;335559740&quot;:240}\">\u00a0<\/span><\/p>\n<p><span data-contrast=\"auto\">Stephanie <\/span><span data-contrast=\"auto\">Monterrosas<\/span><span data-contrast=\"auto\">,<\/span> <span data-contrast=\"auto\">egresada <\/span><span data-contrast=\"auto\">de la Facultad de M\u00fasica<\/span><span data-contrast=\"auto\">,<\/span> <span data-contrast=\"auto\">es una <\/span><span data-contrast=\"auto\">joven que se define <\/span><span data-contrast=\"auto\">como c<\/span><span data-contrast=\"auto\">ompositor<\/span><span data-contrast=\"auto\">a, maestra y sonera de <\/span><i><span data-contrast=\"auto\">corasound<\/span><\/i><span data-contrast=\"auto\">,<\/span><span data-contrast=\"auto\"> se ha presentado en distintos esc<\/span><span data-contrast=\"auto\">enarios regionales y nacionales.<\/span><span data-ccp-props=\"{&quot;201341983&quot;:0,&quot;335559739&quot;:160,&quot;335559740&quot;:240}\">\u00a0<\/span><\/p>\n<p><span data-contrast=\"auto\">El m\u00fasico Luis Arellano coment\u00f3<\/span><span data-contrast=\"auto\"> de Stephanie<\/span><span data-contrast=\"auto\">:<\/span><span data-contrast=\"auto\"> \u201c<\/span><span data-contrast=\"auto\">Su timbre vocal, el buen gusto, la fidelidad a la composici\u00f3n<\/span><span data-contrast=\"auto\"> original, el balance del grupo<\/span><span data-contrast=\"auto\"> y<\/span><span data-contrast=\"auto\"> su conocimiento del g\u00e9nero<\/span> <span data-contrast=\"auto\">s<\/span><span data-contrast=\"auto\">e puede escuchar en <\/span><span data-contrast=\"auto\">el<\/span><span data-contrast=\"auto\"> fragmento de <\/span><i><span data-contrast=\"auto\">Samba da <\/span><\/i><i><span data-contrast=\"auto\">uma<\/span><\/i><i><span data-contrast=\"auto\"> nota<\/span><\/i><span data-contrast=\"auto\">\u201d <\/span><span data-contrast=\"auto\">que interpret\u00f3.<\/span><span data-ccp-props=\"{&quot;201341983&quot;:0,&quot;335559731&quot;:708,&quot;335559739&quot;:160,&quot;335559740&quot;:240}\">\u00a0<\/span><\/p>\n<p><span data-contrast=\"auto\">Octavio S\u00e1nchez Oropeza (1980)<\/span> <span data-contrast=\"auto\">es<\/span> <span data-contrast=\"auto\">L<\/span><span data-contrast=\"auto\">icenci<\/span><span data-contrast=\"auto\">ado <\/span><span data-contrast=\"auto\">en D<\/span><span data-contrast=\"auto\">ibujo y <\/span><span data-contrast=\"auto\">P<\/span><span data-contrast=\"auto\">intura <\/span><span data-contrast=\"auto\">por<\/span><span data-contrast=\"auto\"> la Facultad de Artes Pl\u00e1sticas<\/span><span data-contrast=\"auto\">;<\/span><span data-contrast=\"auto\"> se desempe\u00f1a como <\/span><span data-contrast=\"auto\">d<\/span><span data-contrast=\"auto\">irector de<\/span><span data-contrast=\"auto\">l<\/span><span data-contrast=\"auto\"> Proyecto Orizaba Casa 243, galer\u00eda independiente que promueve a creadores, ta<\/span><span data-contrast=\"auto\">lleres, charlas y exposiciones.<\/span><span data-ccp-props=\"{&quot;201341983&quot;:0,&quot;335559739&quot;:160,&quot;335559740&quot;:240}\">\u00a0<\/span><\/p>\n<p><span data-contrast=\"auto\">Gabino Espinosa<\/span><span data-contrast=\"auto\">,<\/span> <span data-contrast=\"auto\">originario<\/span><span data-contrast=\"auto\"> de Nogales<\/span><span data-contrast=\"auto\">,<\/span><span data-contrast=\"auto\"> combina la profesi\u00f3n de <\/span><span data-contrast=\"auto\">psic\u00f3logo<\/span><span data-contrast=\"auto\"> con su natural disposici\u00f3n a la m\u00fasica a trav\u00e9s de la guitarra<\/span><span data-contrast=\"auto\">,<\/span> <span data-contrast=\"auto\">participa co<\/span><span data-contrast=\"auto\">n un grupo musical profesional.<\/span><span data-ccp-props=\"{&quot;201341983&quot;:0,&quot;335559739&quot;:160,&quot;335559740&quot;:240}\">\u00a0<\/span><\/p>\n<p><span data-contrast=\"auto\">S\u00e1nchez Oropeza di<\/span><span data-contrast=\"auto\">jo <\/span><span data-contrast=\"auto\">que el <\/span><span data-contrast=\"auto\">c<\/span><span data-contrast=\"auto\">ine a mano p<\/span><span data-contrast=\"auto\">asa<\/span><span data-contrast=\"auto\"> de un plano a otro sin edici\u00f3n y la <\/span><span data-contrast=\"auto\">ejecuci\u00f3n permite al espectador contemplar el proceso creativo de una pintura, desde el momento en que se traza la primera l\u00ednea hasta el punto en que culmina ese cuadro para, de inmediato, continuar transform\u00e1ndose y dar <\/span><span data-contrast=\"auto\">as\u00ed continuidad a la secuencia.<\/span><span data-ccp-props=\"{&quot;201341983&quot;:0,&quot;335559731&quot;:708,&quot;335559739&quot;:160,&quot;335559740&quot;:240}\">\u00a0<\/span><\/p>\n<p><span data-contrast=\"auto\">De este modo el proyecto pasa de un plano a otro sin edici\u00f3n. La mano del artista, que puede verse en movimiento dentro de la proyecci\u00f3n, m\u00e1s all\u00e1 de dibujar, construir y dar forma a los elementos del cuadro, hace el papel del titiritero que entra en escena para animar <\/span><span data-contrast=\"auto\">a los<\/span><span data-contrast=\"auto\"> personajes y condu<\/span><span data-contrast=\"auto\">cirlos por el espacio esc\u00e9nico.<\/span><span data-ccp-props=\"{&quot;201341983&quot;:0,&quot;335559731&quot;:708,&quot;335559739&quot;:160,&quot;335559740&quot;:240}\">\u00a0<\/span><\/p>\n<p><span data-contrast=\"auto\">El in\u00e9dito evento, de vanguardia para la regi\u00f3n <\/span><span data-contrast=\"auto\">de <\/span><span data-contrast=\"auto\">Orizaba-C\u00f3rdoba, fue organizado y coordinado por Graciela Flores Bello y Oliver Coronado Paz, directora y responsable de la USBI-Ixtaczoquitl\u00e1n, respectivamente; as\u00ed como por la coordinadora acad\u00e9mica de la Facultad de Contadur\u00eda y Administraci\u00f3n, Enriqueta Caballero <\/span><span data-contrast=\"auto\">Guillaumin<\/span><span data-contrast=\"auto\">.<\/span><span data-ccp-props=\"{&quot;201341983&quot;:0,&quot;335559731&quot;:708,&quot;335559739&quot;:160,&quot;335559740&quot;:240}\">\u00a0<\/span><\/p>\n","protected":false},"excerpt":{"rendered":"<p>El evento fue organizado y coordinado por Graciela Flores Bello y Oliver Coronado Paz, directora y responsable de la USBI-Ixtaczoquitl\u00e1n, con el apoyo de Enriqueta Caballero Guillaumin<\/p>\n","protected":false},"author":1508,"featured_media":73597,"comment_status":"closed","ping_status":"closed","sticky":false,"template":"","format":"standard","meta":{"footnotes":""},"categories":[11,53],"tags":[],"class_list":["post-73613","post","type-post","status-publish","format-standard","has-post-thumbnail","hentry","category-cultura","category-orizaba"],"_links":{"self":[{"href":"https:\/\/www.uv.mx\/prensa\/wp-json\/wp\/v2\/posts\/73613","targetHints":{"allow":["GET"]}}],"collection":[{"href":"https:\/\/www.uv.mx\/prensa\/wp-json\/wp\/v2\/posts"}],"about":[{"href":"https:\/\/www.uv.mx\/prensa\/wp-json\/wp\/v2\/types\/post"}],"author":[{"embeddable":true,"href":"https:\/\/www.uv.mx\/prensa\/wp-json\/wp\/v2\/users\/1508"}],"replies":[{"embeddable":true,"href":"https:\/\/www.uv.mx\/prensa\/wp-json\/wp\/v2\/comments?post=73613"}],"version-history":[{"count":0,"href":"https:\/\/www.uv.mx\/prensa\/wp-json\/wp\/v2\/posts\/73613\/revisions"}],"wp:featuredmedia":[{"embeddable":true,"href":"https:\/\/www.uv.mx\/prensa\/wp-json\/wp\/v2\/media\/73597"}],"wp:attachment":[{"href":"https:\/\/www.uv.mx\/prensa\/wp-json\/wp\/v2\/media?parent=73613"}],"wp:term":[{"taxonomy":"category","embeddable":true,"href":"https:\/\/www.uv.mx\/prensa\/wp-json\/wp\/v2\/categories?post=73613"},{"taxonomy":"post_tag","embeddable":true,"href":"https:\/\/www.uv.mx\/prensa\/wp-json\/wp\/v2\/tags?post=73613"}],"curies":[{"name":"wp","href":"https:\/\/api.w.org\/{rel}","templated":true}]}}