{"id":73603,"date":"2019-09-24T08:00:06","date_gmt":"2019-09-24T13:00:06","guid":{"rendered":"https:\/\/www.uv.mx\/prensa\/?p=73603"},"modified":"2019-09-23T18:59:15","modified_gmt":"2019-09-23T23:59:15","slug":"i-de-antropologia-abrio-consulta-sobre-doctorado-en-ciencias-antropologicas","status":"publish","type":"post","link":"https:\/\/www.uv.mx\/prensa\/eventos\/i-de-antropologia-abrio-consulta-sobre-doctorado-en-ciencias-antropologicas\/","title":{"rendered":"I. de Antropolog\u00eda abri\u00f3 consulta sobre Doctorado en Ciencias Antropol\u00f3gicas"},"content":{"rendered":"<ul>\n<li data-leveltext=\"\uf0b7\" data-font=\"Symbol\" data-listid=\"2\" data-aria-posinset=\"1\" data-aria-level=\"1\"><i><span data-contrast=\"auto\">Est\u00e1 vigente has<\/span><\/i><i><span data-contrast=\"auto\">ta los primeros d\u00edas de octubre<\/span><\/i><span data-ccp-props=\"{&quot;134233279&quot;:true,&quot;201341983&quot;:0,&quot;335559739&quot;:160,&quot;335559740&quot;:240}\">\u00a0<\/span><\/li>\n<li data-leveltext=\"\uf0b7\" data-font=\"Symbol\" data-listid=\"2\" data-aria-posinset=\"2\" data-aria-level=\"1\"><i><span data-contrast=\"auto\">La finalidad es saber qu\u00e9 buscan los interesados<\/span><\/i><\/li>\n<\/ul>\n<div id=\"attachment_73569\" style=\"width: 732px\" class=\"wp-caption aligncenter\"><a href=\"https:\/\/www.uv.mx\/prensa\/files\/2019\/09\/230919-Doctorado-del-IA.jpg\"><img loading=\"lazy\" decoding=\"async\" aria-describedby=\"caption-attachment-73569\" class=\"size-full wp-image-73569\" src=\"https:\/\/www.uv.mx\/prensa\/files\/2019\/09\/230919-Doctorado-del-IA.jpg\" alt=\"\" width=\"722\" height=\"481\" srcset=\"https:\/\/www.uv.mx\/prensa\/files\/2019\/09\/230919-Doctorado-del-IA.jpg 722w, https:\/\/www.uv.mx\/prensa\/files\/2019\/09\/230919-Doctorado-del-IA-300x200.jpg 300w\" sizes=\"auto, (max-width: 722px) 100vw, 722px\" \/><\/a><p id=\"caption-attachment-73569\" class=\"wp-caption-text\">Est\u00e1 dirigido a profesionistas formados en la antropolog\u00eda, ciencias sociales, human\u00edsticas, t\u00e9cnicas o biol\u00f3gicas<\/p><\/div>\n<p><b><i><span data-contrast=\"auto\">Karina de la Paz Reyes D\u00edaz<\/span><\/i><\/b><span data-ccp-props=\"{&quot;201341983&quot;:0,&quot;335559739&quot;:160,&quot;335559740&quot;:240}\">\u00a0<\/span><\/p>\n<p><b><i><span data-contrast=\"auto\">24\/09\/2019, Xalapa, Ver.-<\/span><\/i><\/b><span data-contrast=\"auto\"> El<\/span><span data-contrast=\"auto\"> Instituto de Antropolog\u00eda de la Universidad Veracruzana (UV) convoca a <\/span><span data-contrast=\"auto\">estudiantes y<\/span><span data-contrast=\"auto\"> egresados <\/span><span data-contrast=\"auto\">de <\/span><span data-contrast=\"auto\">la <\/span><span data-contrast=\"auto\">Maestr\u00eda en A<\/span><span data-contrast=\"auto\">ntropolog\u00eda y disciplinas<\/span><span data-contrast=\"auto\"> afines, as\u00ed como <\/span><span data-contrast=\"auto\">a <\/span><span data-contrast=\"auto\">empleadores<\/span><span data-contrast=\"auto\">,<\/span><span data-contrast=\"auto\"> a responder una encuesta <\/span><span data-contrast=\"auto\">con<\/span> <span data-contrast=\"auto\">la <\/span><span data-contrast=\"auto\">finalidad <\/span><span data-contrast=\"auto\">d<\/span><span data-contrast=\"auto\">e<\/span><span data-contrast=\"auto\"> conocer los intereses particulares de los inter<\/span><span data-contrast=\"auto\">esados en realizar estudios de D<\/span><span data-contrast=\"auto\">octorado en Ciencias Antropol\u00f3gicas.<\/span><span data-ccp-props=\"{&quot;201341983&quot;:0,&quot;335559739&quot;:160,&quot;335559740&quot;:240}\">\u00a0<\/span><\/p>\n<p><span data-contrast=\"auto\">La directora de esta entidad universitaria, <\/span><span data-contrast=\"auto\">Sof\u00eda Larios Le\u00f3n<\/span><span data-contrast=\"auto\">, destac\u00f3 que la encuesta estar\u00e1 vigente <\/span><span data-contrast=\"auto\">hasta los primeros d\u00edas de octubre <\/span><span data-contrast=\"auto\">y<\/span><span data-contrast=\"auto\"> que obtener tal informaci\u00f3n<\/span><span data-contrast=\"auto\"> e<\/span><span data-contrast=\"auto\">s inter\u00e9s de <\/span><span data-contrast=\"auto\">los acad\u00e9micos que integran la Comisi\u00f3n para el Dise\u00f1o Curricular de un D<\/span><span data-contrast=\"auto\">octorado en <\/span><span data-contrast=\"auto\">Ciencias <\/span><span data-contrast=\"auto\">Antropol<\/span><span data-contrast=\"auto\">\u00f3gicas<\/span><span data-contrast=\"auto\">.<\/span><span data-ccp-props=\"{&quot;201341983&quot;:0,&quot;335559739&quot;:160,&quot;335559740&quot;:240}\">\u00a0<\/span><\/p>\n<p><span data-contrast=\"auto\">Refiri\u00f3 tambi\u00e9n que e<\/span><span data-contrast=\"auto\">ste estudio de factibilidad se realiza con apoyo del Centro de Estudios de Opini\u00f3n y An\u00e1lisis de la UV y c<\/span><span data-contrast=\"auto\">onstituye una herramienta fundamental para conocer las vocaciones <\/span><span data-contrast=\"auto\">e intereses, no s\u00f3lo <\/span><span data-contrast=\"auto\">de los antrop\u00f3logos<\/span><span data-contrast=\"auto\">, sino de otros cient\u00edficos <\/span><span data-contrast=\"auto\">sociales y humanistas, a fin de <\/span><span data-contrast=\"auto\">insertar las l\u00edneas de investigaci\u00f3n que ofrecer\u00e1 el posgrado <\/span><span data-contrast=\"auto\">en los grandes problemas estatales y nacionales<\/span><span data-contrast=\"auto\">, co<\/span><span data-contrast=\"auto\">n un enfoque <\/span><span data-contrast=\"auto\">transdisciplinar<\/span><span data-contrast=\"auto\">, <\/span><span data-contrast=\"auto\">donde <\/span><span data-contrast=\"auto\">los egresados<\/span><span data-contrast=\"auto\"> pued<\/span><span data-contrast=\"auto\">an<\/span><span data-contrast=\"auto\"> desempe\u00f1ar de <\/span><span data-contrast=\"auto\">manera exitosa sus actividades.<\/span><span data-ccp-props=\"{&quot;201341983&quot;:0,&quot;335559739&quot;:160,&quot;335559740&quot;:240}\">\u00a0<\/span><\/p>\n<p><span data-contrast=\"auto\">La funcionaria universitaria aclar\u00f3 que tal desempe\u00f1o p<\/span><span data-contrast=\"auto\">uede ser en el campo de la investigaci\u00f3n, en la docencia, en la iniciativa privada o <\/span><span data-contrast=\"auto\">en <\/span><span data-contrast=\"auto\">consultor\u00edas especializadas.<\/span><span data-ccp-props=\"{&quot;201341983&quot;:0,&quot;335559731&quot;:708,&quot;335559739&quot;:160,&quot;335559740&quot;:240}\">\u00a0<\/span><\/p>\n<p><span data-contrast=\"auto\">Este instrumento <\/span><span data-contrast=\"auto\">tiene<\/span><span data-contrast=\"auto\"> tres vertientes: la <\/span><span data-contrast=\"auto\">encuesta para<\/span><span data-contrast=\"auto\"> los empleadores, quienes informar\u00e1<\/span><span data-contrast=\"auto\">n qu\u00e9 cla<\/span><span data-contrast=\"auto\">se de profesionistas requieren; l<\/span><span data-contrast=\"auto\">os egresados de maestr\u00eda <\/span><span data-contrast=\"auto\">que desea<\/span><span data-contrast=\"auto\">n continuar con sus estudios de doctorado<\/span><span data-contrast=\"auto\">,<\/span><span data-contrast=\"auto\"> para conocer sus puntos de inter\u00e9s particular<\/span><span data-contrast=\"auto\">, y<\/span><span data-contrast=\"auto\"> los estudiantes de maestr\u00eda que piensen continuar sus estudios doctorales<\/span><span data-contrast=\"auto\">, con los mismos fines<\/span><span data-contrast=\"auto\">.<\/span><span data-ccp-props=\"{&quot;201341983&quot;:0,&quot;335559731&quot;:708,&quot;335559739&quot;:160,&quot;335559740&quot;:240}\">\u00a0<\/span><\/p>\n<p><span data-contrast=\"auto\">\u201c<\/span><span data-contrast=\"auto\">El doctorado va dirigido a profesionistas <\/span><span data-contrast=\"auto\">formados en la antropolog\u00eda (<\/span><span data-contrast=\"auto\">en c<\/span><span data-contrast=\"auto\">ualquiera de sus especialidades)<\/span><span data-contrast=\"auto\">, <\/span><span data-contrast=\"auto\">o bien otros de las <\/span><span data-contrast=\"auto\">c<\/span><span data-contrast=\"auto\">iencias <\/span><span data-contrast=\"auto\">s<\/span><span data-contrast=\"auto\">ociales, <\/span><span data-contrast=\"auto\">human<\/span><span data-contrast=\"auto\">\u00edsticas, t\u00e9cnicas o biol\u00f3gicas, <\/span><span data-contrast=\"auto\">pues como es sabido la antropolog\u00eda al tener como objeto de estudio al <\/span><span data-contrast=\"auto\">ser <\/span><span data-contrast=\"auto\">humano y <\/span><span data-contrast=\"auto\">su cultura, necesariamente requiere <\/span><span data-contrast=\"auto\">de v\u00ednculos con otras disciplinas cient\u00edficas<\/span><span data-contrast=\"auto\">.<\/span><span data-contrast=\"auto\">\u201d<\/span><span data-ccp-props=\"{&quot;201341983&quot;:0,&quot;335559731&quot;:708,&quot;335559739&quot;:160,&quot;335559740&quot;:240}\">\u00a0<\/span><\/p>\n<p><span data-contrast=\"auto\">Sof\u00eda Larios<\/span><span data-contrast=\"auto\"> tambi\u00e9n expuso<\/span><span data-contrast=\"auto\"> que el <\/span><span data-contrast=\"auto\">Instituto de Antropolog\u00eda <\/span><span data-contrast=\"auto\">tiene<\/span><span data-contrast=\"auto\"> una amplia experiencia en la investigaci\u00f3n en el campo de la arqueolog\u00eda, antropolog\u00eda social,<\/span><span data-contrast=\"auto\"> ling\u00fc\u00edstica e historia, y toma<\/span><span data-contrast=\"auto\"> como uno de <\/span><span data-contrast=\"auto\">los <\/span><span data-contrast=\"auto\">ejes centrales el <\/span><span data-contrast=\"auto\">estudio <\/span><span data-contrast=\"auto\">de la cultura<\/span><span data-contrast=\"auto\">, en<\/span><span data-contrast=\"auto\"> espec\u00edfico sobre<\/span> <span data-contrast=\"auto\">el patrimonio cultural.<\/span><span data-ccp-props=\"{&quot;201341983&quot;:0,&quot;335559739&quot;:160,&quot;335559740&quot;:240}\">\u00a0<\/span><\/p>\n<p><span data-contrast=\"auto\">A la par, esta entidad universitaria est\u00e1 conformada por<\/span><span data-contrast=\"auto\"> una planta acad\u00e9mica de especialistas con altos niveles de calidad, acorde a los est\u00e1ndares solicitados<\/span><span data-contrast=\"auto\"> por el Consejo Nacional de Ciencia y Tecnolog\u00eda<\/span><span data-contrast=\"auto\">, <\/span><span data-contrast=\"auto\">lo que pe<\/span><span data-contrast=\"auto\">rmitir\u00e1 la formaci\u00f3n de<\/span><span data-contrast=\"auto\"> futuros estudiantes. Asimismo, se tiene<\/span><span data-contrast=\"auto\"> una infraestructura adecuada y u<\/span><span data-contrast=\"auto\">na biblioteca especializada en <\/span><span data-contrast=\"auto\">c<\/span><span data-contrast=\"auto\">iencias <\/span><span data-contrast=\"auto\">s<\/span><span data-contrast=\"auto\">ociales.<\/span><span data-ccp-props=\"{&quot;201341983&quot;:0,&quot;335559731&quot;:708,&quot;335559739&quot;:160,&quot;335559740&quot;:240}\">\u00a0<\/span><\/p>\n<p><span data-contrast=\"auto\">\u201c<\/span><span data-contrast=\"auto\">Este programa ser\u00eda el <\/span><span data-contrast=\"auto\">primer posgrado que ofrezca el i<\/span><span data-contrast=\"auto\">nstituto, consideran<\/span><span data-contrast=\"auto\">do que en la regi\u00f3n se cuenta s\u00f3<\/span><span data-contrast=\"auto\">lo con maestr\u00edas en esta disciplina. <\/span><span data-contrast=\"auto\">El D<\/span><span data-contrast=\"auto\">octorado en Ciencias Antropol\u00f3gicas<\/span><span data-contrast=\"auto\"> constituye <\/span><span data-contrast=\"auto\">un<\/span><span data-contrast=\"auto\"> \u00e1rea <\/span><span data-contrast=\"auto\">importante de oportunidad para<\/span><span data-contrast=\"auto\"> cursar un doctorado <\/span><span data-contrast=\"auto\">en el estado de Veracruz, <\/span><span data-contrast=\"auto\">con<\/span><span data-contrast=\"auto\"> la misma calidad que en otras i<\/span><span data-contrast=\"auto\">nstituciones de <\/span><span data-contrast=\"auto\">e<\/span><span data-contrast=\"auto\">ducaci\u00f3n <\/span><span data-contrast=\"auto\">s<\/span><span data-contrast=\"auto\">uperior, ofreciendo un cat\u00e1logo de posibilidades para llevar con \u00e9xito las investigaciones de grado<\/span><span data-contrast=\"auto\">.\u201d<\/span><span data-ccp-props=\"{&quot;201341983&quot;:0,&quot;335559731&quot;:708,&quot;335559739&quot;:160,&quot;335559740&quot;:240}\">\u00a0<\/span><\/p>\n<p><span data-contrast=\"auto\">La <\/span><span data-contrast=\"auto\">funcionaria universitaria reiter\u00f3 la invitaci\u00f3n<\/span><span data-contrast=\"auto\"> a la comunidad cuyo perfil se identifique con lo descrito<\/span><span data-contrast=\"auto\">,<\/span> <span data-contrast=\"auto\">a responder las encuestas<\/span><span data-contrast=\"none\">. <\/span><span data-contrast=\"auto\">\u201c<\/span><span data-contrast=\"auto\">Su apoyo en el proceso es indispensable para poder concluir este importante proyecto que, sin duda, ser\u00e1 ben<\/span><span data-contrast=\"auto\">eficioso para nuestra comunidad\u201d, dijo.<\/span><span data-ccp-props=\"{&quot;201341983&quot;:0,&quot;335559731&quot;:708,&quot;335559739&quot;:160,&quot;335559740&quot;:240}\">\u00a0<\/span><\/p>\n<p><span data-contrast=\"auto\">Para m\u00e1s informaci\u00f3n consulte el portal del Instituto de Antropolog\u00eda: <\/span><a href=\"https:\/\/www.uv.mx\/ida\/\"><span data-contrast=\"none\">https:\/\/www.uv.mx\/ida\/<\/span><\/a><span data-contrast=\"auto\">.<\/span><span data-ccp-props=\"{&quot;201341983&quot;:0,&quot;335559731&quot;:708,&quot;335559739&quot;:160,&quot;335559740&quot;:240}\">\u00a0<\/span><\/p>\n<p><span data-contrast=\"auto\">El enlace <\/span><span data-contrast=\"auto\">de<\/span> <span data-contrast=\"auto\">la encuesta para <\/span><span data-contrast=\"auto\">estudiantes de <\/span><span data-contrast=\"auto\">M<\/span><span data-contrast=\"auto\">aestr\u00eda en <\/span><span data-contrast=\"auto\">A<\/span><span data-contrast=\"auto\">ntropolog\u00eda y disciplinas afine<\/span><span data-contrast=\"auto\">s <\/span><span data-contrast=\"auto\">est\u00e1 disponible en: <\/span><a href=\"https:\/\/bit.ly\/2m76VfA\"><span data-contrast=\"none\">https:\/\/bit.ly\/2m7<\/span><span data-contrast=\"none\">6<\/span><span data-contrast=\"none\">VfA<\/span><\/a><span data-contrast=\"auto\">; para egresados<\/span><span data-contrast=\"auto\">: <\/span><a href=\"https:\/\/bit.ly\/2kEvYq4\"><span data-contrast=\"none\">https:\/\/bit.ly\/2kEv<\/span><span data-contrast=\"none\">Y<\/span><span data-contrast=\"none\">q<\/span><span data-contrast=\"none\">4<\/span><\/a> <span data-contrast=\"auto\">y para empleadores<\/span><span data-contrast=\"auto\">:<\/span> <a href=\"https:\/\/bit.ly\/2l2MAI9\"><span data-contrast=\"none\">https:\/<\/span><span data-contrast=\"none\">\/<\/span><span data-contrast=\"none\">bit.l<\/span><span data-contrast=\"none\">y<\/span><span data-contrast=\"none\">\/2l2MAI9<\/span><span data-contrast=\"auto\">.<\/span><\/a><span data-ccp-props=\"{&quot;201341983&quot;:0,&quot;335559739&quot;:160,&quot;335559740&quot;:240}\">\u00a0<\/span><\/p>\n","protected":false},"excerpt":{"rendered":"<p>Se convoca a estudiantes y egresados de la Maestr\u00eda en Antropolog\u00eda y disciplinas afines, as\u00ed como a empleadores, a responder una encuesta para conocer los intereses de los interesados en realizar este posgrado<\/p>\n","protected":false},"author":1508,"featured_media":73569,"comment_status":"closed","ping_status":"closed","sticky":false,"template":"","format":"standard","meta":{"footnotes":""},"categories":[47],"tags":[],"class_list":["post-73603","post","type-post","status-publish","format-standard","has-post-thumbnail","hentry","category-eventos"],"_links":{"self":[{"href":"https:\/\/www.uv.mx\/prensa\/wp-json\/wp\/v2\/posts\/73603","targetHints":{"allow":["GET"]}}],"collection":[{"href":"https:\/\/www.uv.mx\/prensa\/wp-json\/wp\/v2\/posts"}],"about":[{"href":"https:\/\/www.uv.mx\/prensa\/wp-json\/wp\/v2\/types\/post"}],"author":[{"embeddable":true,"href":"https:\/\/www.uv.mx\/prensa\/wp-json\/wp\/v2\/users\/1508"}],"replies":[{"embeddable":true,"href":"https:\/\/www.uv.mx\/prensa\/wp-json\/wp\/v2\/comments?post=73603"}],"version-history":[{"count":0,"href":"https:\/\/www.uv.mx\/prensa\/wp-json\/wp\/v2\/posts\/73603\/revisions"}],"wp:featuredmedia":[{"embeddable":true,"href":"https:\/\/www.uv.mx\/prensa\/wp-json\/wp\/v2\/media\/73569"}],"wp:attachment":[{"href":"https:\/\/www.uv.mx\/prensa\/wp-json\/wp\/v2\/media?parent=73603"}],"wp:term":[{"taxonomy":"category","embeddable":true,"href":"https:\/\/www.uv.mx\/prensa\/wp-json\/wp\/v2\/categories?post=73603"},{"taxonomy":"post_tag","embeddable":true,"href":"https:\/\/www.uv.mx\/prensa\/wp-json\/wp\/v2\/tags?post=73603"}],"curies":[{"name":"wp","href":"https:\/\/api.w.org\/{rel}","templated":true}]}}