{"id":73471,"date":"2019-09-19T20:48:17","date_gmt":"2019-09-20T01:48:17","guid":{"rendered":"https:\/\/www.uv.mx\/prensa\/?p=73471"},"modified":"2019-09-20T13:52:07","modified_gmt":"2019-09-20T18:52:07","slug":"fca-compartio-experiencia-educativa-con-universidad-nacional-de-irlanda","status":"publish","type":"post","link":"https:\/\/www.uv.mx\/prensa\/regiones\/orizaba\/fca-compartio-experiencia-educativa-con-universidad-nacional-de-irlanda\/","title":{"rendered":"FCA comparti\u00f3 experiencia educativa con Universidad Nacional de Irlanda"},"content":{"rendered":"<div id=\"attachment_73166\" style=\"width: 732px\" class=\"wp-caption aligncenter\"><a href=\"https:\/\/www.uv.mx\/prensa\/files\/2019\/09\/090919-CHAIN-Experiencia-educativa-internacional-02.jpg\"><img loading=\"lazy\" decoding=\"async\" aria-describedby=\"caption-attachment-73166\" class=\"size-full wp-image-73166\" src=\"https:\/\/www.uv.mx\/prensa\/files\/2019\/09\/090919-CHAIN-Experiencia-educativa-internacional-02.jpg\" alt=\"\" width=\"722\" height=\"345\" srcset=\"https:\/\/www.uv.mx\/prensa\/files\/2019\/09\/090919-CHAIN-Experiencia-educativa-internacional-02.jpg 722w, https:\/\/www.uv.mx\/prensa\/files\/2019\/09\/090919-CHAIN-Experiencia-educativa-internacional-02-300x143.jpg 300w\" sizes=\"auto, (max-width: 722px) 100vw, 722px\" \/><\/a><p id=\"caption-attachment-73166\" class=\"wp-caption-text\">Laura Linares Fern\u00e1ndez desde su despacho Irlanda<\/p><\/div>\n<p><b><i><span data-contrast=\"auto\">Francisco Javier Cha\u00edn Revuelta<\/span><\/i><\/b><span data-ccp-props=\"{&quot;201341983&quot;:0,&quot;335559739&quot;:160,&quot;335559740&quot;:240}\">\u00a0<\/span><\/p>\n<p><b><i><span data-contrast=\"auto\">19\/09\/2019, <\/span><\/i><\/b><b><i><span data-contrast=\"auto\">Ixtaczoquitl\u00e1n<\/span><\/i><\/b><b><i><span data-contrast=\"auto\">, Ver.- <\/span><\/i><\/b><span data-contrast=\"auto\">La <a href=\"https:\/\/www.uv.mx\/orizaba\/contaduria\/\">Facultad de Contadur\u00eda y Administraci\u00f3n<\/a> (FCA) de la Universidad Veracruzana (UV), <\/span><i><span data-contrast=\"auto\">campus<\/span><\/i> <span data-contrast=\"auto\">Ixtaczoquitl\u00e1n<\/span><span data-contrast=\"auto\">,<\/span><span data-contrast=\"auto\"> la primera sesi\u00f3n internacional de la e<\/span><span data-contrast=\"auto\">xperiencia <\/span><span data-contrast=\"auto\">e<\/span><span data-contrast=\"auto\">ducativa (EE) <\/span><span data-contrast=\"auto\">Sistemas <\/span><span data-contrast=\"auto\">O<\/span><span data-contrast=\"auto\">perativos en <\/span><span data-contrast=\"auto\">R<\/span><span data-contrast=\"auto\">ed<\/span><span data-contrast=\"auto\">, <\/span><span data-contrast=\"auto\">dirigida a estudiantes de esta casa de estudios y de la Universidad Nacional de Irlanda.<\/span><span data-ccp-props=\"{&quot;201341983&quot;:0,&quot;335559739&quot;:160,&quot;335559740&quot;:240}\">\u00a0<\/span><\/p>\n<p><span data-contrast=\"auto\">E<\/span><span data-contrast=\"auto\">n la modalidad Aprendizaje Internacional Colaborativo en L\u00ednea-Colaboraci\u00f3n Virtual Internacional (COIL-VIC, por sus siglas en ingl\u00e9s)<\/span><span data-contrast=\"auto\">, correspondiente al periodo Agosto 2019-Enero 2020<\/span><span data-contrast=\"auto\">, a<\/span><span data-contrast=\"auto\"> cargo de<\/span> <span data-contrast=\"auto\">l<\/span><span data-contrast=\"auto\">os<\/span><span data-contrast=\"auto\"> acad\u00e9micos <\/span><span data-contrast=\"auto\">Agust\u00edn Lagunes <\/span><span data-contrast=\"auto\">Dom<\/span><span data-contrast=\"auto\">\u00ed<\/span><span data-contrast=\"auto\">nguez<\/span><span data-contrast=\"auto\">, de <\/span><span data-contrast=\"auto\">la UV<\/span><span data-contrast=\"auto\">, y <\/span><span data-contrast=\"auto\">Laura Linares Fern\u00e1<\/span><span data-contrast=\"auto\">ndez<\/span><span data-contrast=\"auto\">,<\/span><span data-contrast=\"auto\"> de la <\/span><span data-contrast=\"auto\">u<\/span><span data-contrast=\"auto\">niversidad <\/span><span data-contrast=\"auto\">irlandesa<\/span><span data-contrast=\"auto\">.<\/span><span data-ccp-props=\"{&quot;201341983&quot;:0,&quot;335559731&quot;:708,&quot;335559739&quot;:160,&quot;335559740&quot;:240}\">\u00a0<\/span><\/p>\n<p><span data-contrast=\"auto\">La conexi\u00f3n de la EE se dar\u00e1 totalmente en<\/span><span data-contrast=\"auto\"> idioma ingl\u00e9s para los universitarios de ambos pa\u00edses<\/span><span data-contrast=\"auto\">;<\/span><span data-contrast=\"auto\"> por la UV <\/span><span data-contrast=\"auto\">la <\/span><span data-contrast=\"auto\">cursan 15 estudiantes de <\/span><span data-contrast=\"auto\">la <\/span><span data-contrast=\"auto\">Li<\/span><span data-contrast=\"auto\">cenciatura <\/span><span data-contrast=\"auto\">en <\/span><span data-contrast=\"auto\">Sistemas Computacionales Administrativos<\/span><span data-contrast=\"auto\">, y por primera vez<\/span> <span data-contrast=\"auto\">utilizar\u00e1n la plataforma <\/span><i><span data-contrast=\"auto\">Eminus<\/span><\/i><span data-contrast=\"auto\"> versi\u00f3n 4.0 que ya cuenta con la opci\u00f3n en idioma Ingl\u00e9s.<\/span><span data-ccp-props=\"{&quot;201341983&quot;:0,&quot;335559739&quot;:160,&quot;335559740&quot;:240}\">\u00a0<\/span><\/p>\n<p><span data-contrast=\"auto\">Lagunes <\/span><span data-contrast=\"auto\">Dom\u00ednguez<\/span><span data-contrast=\"auto\"> y Linares Fern\u00e1ndez, <\/span><span data-contrast=\"auto\">previamente<\/span><span data-contrast=\"auto\">,<\/span> <span data-contrast=\"auto\">trabajaron <\/span><span data-contrast=\"auto\">en la <\/span><span data-contrast=\"auto\">documentaci\u00f3n <\/span><span data-contrast=\"auto\">y planeaci\u00f3n <\/span><span data-contrast=\"auto\">de la EE<\/span><span data-contrast=\"auto\">,<\/span> <span data-contrast=\"auto\">desde la fo<\/span><span data-contrast=\"auto\">rma de <\/span><span data-contrast=\"auto\">abordar <\/span><span data-contrast=\"auto\">las <\/span><span data-contrast=\"auto\">diferentes <\/span><span data-contrast=\"auto\">actividades<\/span><span data-contrast=\"auto\">, la selecci\u00f3n de las <\/span><span data-contrast=\"auto\">videoconferencias<\/span><span data-contrast=\"auto\"> y<\/span><span data-contrast=\"auto\"> otros detalles<\/span><span data-contrast=\"auto\">,<\/span><span data-contrast=\"auto\"> hasta <\/span><span data-contrast=\"auto\">la definici\u00f3n de los criterios de<\/span><span data-contrast=\"auto\"> evaluaci\u00f3n.<\/span><span data-ccp-props=\"{&quot;201341983&quot;:0,&quot;335559739&quot;:160,&quot;335559740&quot;:240}\">\u00a0<\/span><\/p>\n<p><span data-contrast=\"auto\">Al final de la EE, l<\/span><span data-contrast=\"auto\">os <\/span><span data-contrast=\"auto\">j\u00f3venes <\/span><span data-contrast=\"auto\">mexicanos deben entregar un manual en ingl\u00e9s y para ello ser\u00e1n apoyados por sus compa\u00f1eros irlandeses<\/span><span data-contrast=\"auto\">;<\/span> <span data-contrast=\"auto\">presentar\u00e1n de manera oral s<\/span><span data-contrast=\"auto\">us proyectos <\/span><span data-contrast=\"auto\">a la profesora de Irlanda, <\/span><span data-contrast=\"auto\">en <\/span><span data-contrast=\"auto\">un lapso de 10 a<\/span><span data-contrast=\"auto\"> 15 minutos.<\/span><span data-ccp-props=\"{&quot;201341983&quot;:0,&quot;335559731&quot;:708,&quot;335559739&quot;:160,&quot;335559740&quot;:240}\">\u00a0<\/span><\/p>\n<p><span data-contrast=\"auto\">Lagunes <\/span><span data-contrast=\"auto\">Dom\u00ednguez<\/span><span data-contrast=\"auto\">,<\/span><span data-contrast=\"auto\"> coordinador de internacionalizaci\u00f3n de la FCA<\/span><span data-contrast=\"auto\">, coment\u00f3<\/span><span data-contrast=\"auto\"> que la <\/span><span data-contrast=\"auto\">F<\/span><span data-contrast=\"auto\">acultad y la <\/span><span data-contrast=\"auto\">regi\u00f3n <\/span><span data-contrast=\"auto\">est\u00e1<\/span><span data-contrast=\"auto\">n comprometidos<\/span><span data-contrast=\"auto\"> y se esfuerza<\/span><span data-contrast=\"auto\">n<\/span> <span data-contrast=\"auto\">por difundir y consolidar la internacionalizaci\u00f3n de la UV.<\/span><span data-ccp-props=\"{&quot;201341983&quot;:0,&quot;335559731&quot;:708,&quot;335559739&quot;:160,&quot;335559740&quot;:240}\">\u00a0<\/span><\/p>\n<p><span data-contrast=\"auto\">Asi<\/span><span data-contrast=\"auto\">mismo<\/span><span data-contrast=\"auto\">,<\/span><span data-contrast=\"auto\"> i<\/span><span data-contrast=\"auto\">nform\u00f3<\/span><span data-contrast=\"auto\"> que la <\/span><span data-contrast=\"auto\">\u201ci<\/span><span data-contrast=\"auto\">nternacionalizaci\u00f3n fuera de casa<\/span><span data-contrast=\"auto\">\u201d<\/span><span data-contrast=\"auto\"> es cuando el estudiante<\/span><span data-contrast=\"auto\"> o profesor viaja al extranjero<\/span><span data-contrast=\"auto\">,<\/span> <span data-contrast=\"auto\">y cuando <\/span><span data-contrast=\"auto\">la UV <\/span><span data-contrast=\"auto\">recibe estudiantes y profesores extranjeros<\/span><span data-contrast=\"auto\">;<\/span><span data-contrast=\"auto\"> la <\/span><span data-contrast=\"auto\">\u201ci<\/span><span data-contrast=\"auto\">nternacionalizaci\u00f3n en casa\u201d <\/span><span data-contrast=\"auto\">ocurre <\/span><span data-contrast=\"auto\">cuando los profesores de la UV y de universidades e instituciones extranjeras toman <\/span><span data-contrast=\"auto\">previamente un <\/span><span data-contrast=\"auto\">curso-taller<\/span><span data-contrast=\"auto\">, <\/span><span data-contrast=\"auto\">forman equipo e imparten juntos una <\/span><span data-contrast=\"auto\">EE<\/span><span data-contrast=\"auto\"> a estudiantes de <\/span><span data-contrast=\"auto\">ambos <\/span><span data-contrast=\"auto\">pa\u00edses.<\/span><span data-ccp-props=\"{&quot;201341983&quot;:0,&quot;335559739&quot;:160,&quot;335559740&quot;:240}\">\u00a0<\/span><\/p>\n<p><span data-contrast=\"auto\">Coment\u00f3<\/span><span data-contrast=\"auto\"> que el \u00faltimo curso-taller <\/span><span data-contrast=\"auto\">VIC finaliz\u00f3 el 31<\/span><span data-contrast=\"auto\"> de enero <\/span><span data-contrast=\"auto\">y<\/span> <span data-contrast=\"auto\">su <\/span><span data-contrast=\"auto\">objetivo <\/span><span data-contrast=\"auto\">fue <\/span><span data-contrast=\"auto\">orientar a<\/span> <span data-contrast=\"auto\">l<\/span><span data-contrast=\"auto\">os<\/span><span data-contrast=\"auto\"> acad\u00e9mico<\/span><span data-contrast=\"auto\">s<\/span> <span data-contrast=\"auto\">nacionales y extranjeros <\/span><span data-contrast=\"auto\">en la elaboraci\u00f3n de una intervenci\u00f3n educativa en modalidad <\/span><span data-contrast=\"auto\">COIL\/VIC <\/span><span data-contrast=\"auto\">y forma parte del<\/span> <span data-contrast=\"auto\">Programa de Habilitaci\u00f3n del Perfil Internacional para Acad\u00e9micos y Funcionarios, as\u00ed como del Programa de Formaci\u00f3n de Acad\u00e9micos (<\/span><i><span data-contrast=\"auto\">ProFA<\/span><\/i><span data-contrast=\"auto\">)<\/span><span data-ccp-props=\"{&quot;201341983&quot;:0,&quot;335559739&quot;:160,&quot;335559740&quot;:240}\">\u00a0<\/span><\/p>\n<p><span data-contrast=\"auto\">Agust\u00edn Lagunes <\/span><span data-contrast=\"auto\">dijo<\/span><span data-contrast=\"auto\"> que la internacionalizaci\u00f3n ayuda mucho a los estudiantes porque<\/span><span data-contrast=\"auto\">,<\/span><span data-contrast=\"auto\"> en primer lugar<\/span><span data-contrast=\"auto\">,<\/span><span data-contrast=\"auto\"> se capacitan en cursar una EE en<\/span><span data-contrast=\"auto\"> la<\/span><span data-contrast=\"auto\"> plataforma <\/span><i><span data-contrast=\"auto\">E<\/span><\/i><i><span data-contrast=\"auto\">minus<\/span><\/i><span data-contrast=\"auto\"> en idioma ingl\u00e9s;<\/span><span data-contrast=\"auto\"> en segundo<\/span><span data-contrast=\"auto\">,<\/span><span data-contrast=\"auto\"> porque <\/span><span data-contrast=\"auto\">presentan<\/span><span data-contrast=\"auto\"> sus trabajos en otro idioma<\/span><span data-contrast=\"auto\">; en<\/span><span data-contrast=\"auto\"> tercero<\/span><span data-contrast=\"auto\">,<\/span><span data-contrast=\"auto\"> porque toman pr\u00e1ctica en hablar <\/span><span data-contrast=\"auto\">en i<\/span><span data-contrast=\"auto\">ngl\u00e9s<\/span> <span data-contrast=\"auto\">con un profesor<\/span><span data-contrast=\"auto\">.<\/span><span data-ccp-props=\"{&quot;201341983&quot;:0,&quot;335559739&quot;:160,&quot;335559740&quot;:240}\">\u00a0<\/span><\/p>\n<p><span data-contrast=\"auto\">Adelant\u00f3<\/span><span data-contrast=\"auto\"> que la pretensi\u00f3n de la Universidad en su conjunto es que participen todos los profesores<\/span><span data-contrast=\"auto\"> y dominen el proceso de internacionalizaci\u00f3n en casa.<\/span><span data-ccp-props=\"{&quot;201341983&quot;:0,&quot;335559739&quot;:160,&quot;335559740&quot;:240}\">\u00a0<\/span><\/p>\n<p><span data-contrast=\"auto\">Inform\u00f3<\/span><span data-contrast=\"auto\"> que para ello la UV tambi\u00e9n proporciona<\/span><span data-contrast=\"auto\"> a sus acad\u00e9micos<\/span><span data-contrast=\"auto\">, adem\u00e1s de la capacitaci\u00f3n en COIL\/VIC<\/span><span data-contrast=\"auto\">, <\/span><span data-contrast=\"auto\">el programa <\/span><span data-contrast=\"auto\">Habilitaci\u00f3n del Perfil Internacional <\/span><span data-contrast=\"auto\">(<\/span><a href=\"https:\/\/www.uv.mx\/movilidad\/hapi-uv\/\"><span data-contrast=\"none\">https:\/\/www.uv.mx\/movilidad\/hapi-uv\/<\/span><\/a><span data-contrast=\"auto\">)<\/span><span data-contrast=\"auto\">.<\/span><span data-ccp-props=\"{&quot;201341983&quot;:0,&quot;335559739&quot;:160,&quot;335559740&quot;:240}\">\u00a0<\/span><\/p>\n","protected":false},"excerpt":{"rendered":"<p>La UV tambi\u00e9n proporciona a sus acad\u00e9micos, adem\u00e1s de la capacitaci\u00f3n en COIL\/VIC, el programa Habilitaci\u00f3n del Perfil Internacional (https:\/\/www.uv.mx\/movilidad\/hapi-uv\/) <\/p>\n","protected":false},"author":1508,"featured_media":73166,"comment_status":"closed","ping_status":"closed","sticky":false,"template":"","format":"standard","meta":{"footnotes":""},"categories":[53],"tags":[],"class_list":["post-73471","post","type-post","status-publish","format-standard","has-post-thumbnail","hentry","category-orizaba"],"_links":{"self":[{"href":"https:\/\/www.uv.mx\/prensa\/wp-json\/wp\/v2\/posts\/73471","targetHints":{"allow":["GET"]}}],"collection":[{"href":"https:\/\/www.uv.mx\/prensa\/wp-json\/wp\/v2\/posts"}],"about":[{"href":"https:\/\/www.uv.mx\/prensa\/wp-json\/wp\/v2\/types\/post"}],"author":[{"embeddable":true,"href":"https:\/\/www.uv.mx\/prensa\/wp-json\/wp\/v2\/users\/1508"}],"replies":[{"embeddable":true,"href":"https:\/\/www.uv.mx\/prensa\/wp-json\/wp\/v2\/comments?post=73471"}],"version-history":[{"count":0,"href":"https:\/\/www.uv.mx\/prensa\/wp-json\/wp\/v2\/posts\/73471\/revisions"}],"wp:featuredmedia":[{"embeddable":true,"href":"https:\/\/www.uv.mx\/prensa\/wp-json\/wp\/v2\/media\/73166"}],"wp:attachment":[{"href":"https:\/\/www.uv.mx\/prensa\/wp-json\/wp\/v2\/media?parent=73471"}],"wp:term":[{"taxonomy":"category","embeddable":true,"href":"https:\/\/www.uv.mx\/prensa\/wp-json\/wp\/v2\/categories?post=73471"},{"taxonomy":"post_tag","embeddable":true,"href":"https:\/\/www.uv.mx\/prensa\/wp-json\/wp\/v2\/tags?post=73471"}],"curies":[{"name":"wp","href":"https:\/\/api.w.org\/{rel}","templated":true}]}}