{"id":7340,"date":"2016-02-19T12:43:44","date_gmt":"2016-02-19T18:43:44","guid":{"rendered":"https:\/\/www.uv.mx\/prensa\/?p=7340"},"modified":"2016-02-19T14:28:50","modified_gmt":"2016-02-19T20:28:50","slug":"uv-promueve-agricultura-de-conservacion-con-maiz","status":"publish","type":"post","link":"https:\/\/www.uv.mx\/prensa\/general\/uv-promueve-agricultura-de-conservacion-con-maiz\/","title":{"rendered":"UV promueve agricultura de conservaci\u00f3n con ma\u00edz"},"content":{"rendered":"<p>&nbsp;<\/p>\n<ul>\n<li><em>La \u00fanica de su tipo en Veracruz<\/em><\/li>\n<li><em>En el rancho \u201cLa Bandera\u201d, adscrito a la Facultad de Ciencias Agr\u00edcolas, se capacita a productores<\/em><\/li>\n<li><em>Forma parte de un convenio de colaboraci\u00f3n con el Centro Internacional de Mejoramiento de Ma\u00edz y Trigo (CIMMYT)<\/em><\/li>\n<\/ul>\n<p>&nbsp;<\/p>\n<p><strong><em>David Sandoval Rodr\u00edguez<\/em><\/strong><\/p>\n<p>&nbsp;<\/p>\n<p>La Universidad Veracruzana (UV), a trav\u00e9s de la Facultad de Ciencias Agr\u00edcolas, trabaja con el Centro Internacional de Mejoramiento de Ma\u00edz y Trigo (CIMMYT) en la capacitaci\u00f3n de productores de ma\u00edz para implementar la agricultura de conservaci\u00f3n en la regi\u00f3n de Actopan.<\/p>\n<p>Los resultados del primer a\u00f1o de trabajo fueron presentados por Guillermo Alafita V\u00e1squez, acad\u00e9mico de la Facultad y responsable del rancho \u201cLa Bandera\u201d, perteneciente a esta entidad educativa, dentro del II Seminario de Plataformas de Innovaci\u00f3n Tecnol\u00f3gica \u201cResultados de investigaci\u00f3n y capacitaci\u00f3n de proyectos implementados en la estrategia plataformas de innovaci\u00f3n tecnol\u00f3gica\u201d.<\/p>\n<p>Con la ponencia \u201cReconversi\u00f3n del rancho \u2018La Bandera\u2019 en plataforma tecnol\u00f3gica e identificaci\u00f3n de innovaciones tecnol\u00f3gicas para la agricultura de conservaci\u00f3n de ma\u00edz en el municipio de Actopan\u201d, el docente se\u00f1al\u00f3 que el objetivo general del proyecto es establecer una plataforma de investigaci\u00f3n del sistema producto-ma\u00edz en la regi\u00f3n de Actopan que permita desarrollar tecnolog\u00edas de producci\u00f3n sustentable bajo los principios de la agricultura de conservaci\u00f3n.<\/p>\n<p>Asimismo, est\u00e1 enfocado a la generaci\u00f3n de alternativas y propuestas de agricultura de conservaci\u00f3n y surgi\u00f3 como parte del convenio de colaboraci\u00f3n con el CIMMYT, adem\u00e1s de contar con recursos financieros proporcionados por la Secretar\u00eda de Agricultura, Ganader\u00eda, Desarrollo Rural, Pesca y Alimentos (<em>Sagarpa<\/em>), enfocados en la transferencia tecnol\u00f3gica.<\/p>\n<div id=\"attachment_7342\" style=\"width: 233px\" class=\"wp-caption aligncenter\"><a href=\"https:\/\/www.uv.mx\/prensa\/files\/2016\/02\/Mazorca.jpg\"><img aria-describedby=\"caption-attachment-7342\" decoding=\"async\" loading=\"lazy\" class=\"size-medium wp-image-7342\" src=\"https:\/\/www.uv.mx\/prensa\/files\/2016\/02\/Mazorca-223x300.jpg\" alt=\"El objetivo del proyecto es desarrollar tecnolog\u00edas de producci\u00f3n sustentable.\" width=\"223\" height=\"300\" srcset=\"https:\/\/www.uv.mx\/prensa\/files\/2016\/02\/Mazorca-223x300.jpg 223w, https:\/\/www.uv.mx\/prensa\/files\/2016\/02\/Mazorca-762x1024.jpg 762w, https:\/\/www.uv.mx\/prensa\/files\/2016\/02\/Mazorca.jpg 1125w\" sizes=\"(max-width: 223px) 100vw, 223px\" \/><\/a><p id=\"caption-attachment-7342\" class=\"wp-caption-text\">El objetivo del proyecto es desarrollar tecnolog\u00edas de producci\u00f3n sustentable.<\/p><\/div>\n<p>En 2014 se concluy\u00f3 el diagn\u00f3stico e inici\u00f3 la plataforma, la \u00fanica de su tipo en Veracruz, recalc\u00f3 Alafita V\u00e1squez, \u201chay muchos estados participando, por desgracia somos la \u00faltima plataforma que entr\u00f3 al proyecto porque el presupuesto asignado al CIMMYT se ha reducido gradualmente\u201d.<\/p>\n<p>La estrategia opera con el establecimiento de una plataforma, que a su vez instituye m\u00f3dulos de transferencia de tecnolog\u00eda y observ\u00f3 que \u201cno es una metodolog\u00eda nueva, ya con otros nombres se ha puesto en marcha en M\u00e9xico y ha demostrado en distintas ocasiones que s\u00ed tiene porcentajes de \u00e9xito, por eso es retomada y adecuada por el CIMMYT\u201d.<\/p>\n<p>Como resultado del diagn\u00f3stico inicial, se encontr\u00f3 la percepci\u00f3n de los agricultores sobre un decremento constante en el cultivo de ma\u00edz y que la fertilizaci\u00f3n inorg\u00e1nica que utilizan no est\u00e1 dando los resultados a los que estaban acostumbrados, cuestionan su eficacia y proceden a incrementar la dosis buscando subsanar las deficiencias, lo cual genera graves problemas de impacto ambiental.<\/p>\n<p>Se pudo detectar adem\u00e1s que el control de plagas es deficiente y puede mejorarse el control integrado de malezas, que es considerado un foco de atenci\u00f3n severo por los mismos productores.<\/p>\n<p>\u201cLa asesor\u00eda que reciben est\u00e1 en manos pr\u00e1cticamente de los vendedores de agroqu\u00edmicos, por lo tanto es una asesor\u00eda muy sesgada al producto que deja una mayor comisi\u00f3n o aquel que es rentable en el momento, por lo tanto no siempre son los que el agricultor necesita\u201d, observ\u00f3 el acad\u00e9mico.<\/p>\n<p>A partir de entonces se abrieron tres l\u00edneas de trabajo de manera simult\u00e1nea: la primera, fue la capacitaci\u00f3n de t\u00e9cnicos operativos, quienes trabajan con los agricultores d\u00eda a d\u00eda; la segunda, consisti\u00f3 en la aprobaci\u00f3n del proyecto y la asignaci\u00f3n de recursos del CIMMYT.<\/p>\n<p>\u201cEs importante porque si bien fue financiado a trav\u00e9s de la Universidad, esta posibilidad del convenio permiti\u00f3 generar un fondo de ahorro, es decir, que se rembolsaban los gastos generados que garantizaban la permanencia de la plataforma, esto le pareci\u00f3 al CIMMYT bastante atractivo porque podr\u00eda garantizar la permanencia de la plataforma a pesar de que el proyecto desapareciera\u201d, detall\u00f3.<\/p>\n<p>La tercera l\u00ednea implicaba cumplir con la normativa legal a la que se somete cualquier proyecto que busca recibir recursos externos a la UV; en ese sentido, reconoci\u00f3 que implica una mayor cantidad de tiempo a la que hab\u00edan considerado inicialmente debido a las distintas entidades universitarias que tienen que revisar el documento de colaboraci\u00f3n.<\/p>\n<p>Para cumplir con los requerimientos externos, la capacitaci\u00f3n que se imparti\u00f3 fue para t\u00e9cnicos en proceso de certificaci\u00f3n, sumando 30 del estado de Veracruz, un par de Puebla, tres de Oaxaca y siete estudiantes de Ciencias Agr\u00edcolas. Ellos recibieron un taller en el rancho \u201cLa Bandera\u201d.<\/p>\n<p>Se espera que para este a\u00f1o la suma de voluntades de quienes se integran al proyecto (estudiantes, profesores e integrantes del CIMMYT) sea un contrapeso y que sea posible continuar el proyecto de agricultura de conservaci\u00f3n<\/p>\n<p>\u201cEl objetivo de esta investigaci\u00f3n es el desarrollo de alternativas totalmente aplicables, dado que la agricultura de conservaci\u00f3n no es un tema nuevo, es un tema que se debe adaptar a la zona, lo cual no se ha hecho y se debe promover su adopci\u00f3n porque ofrece muchas ventajas pero se desconoce. Creo que ah\u00ed tenemos una oportunidad importante\u201d, enfatiz\u00f3.<\/p>\n","protected":false},"excerpt":{"rendered":"<p><strong><em>David Sandoval.-<\/em><\/strong>La Universidad Veracruzana (UV), a trav\u00e9s de la Facultad de Ciencias Agr\u00edcolas, trabaja con el Centro Internacional de Mejoramiento de Ma\u00edz y Trigo (CIMMYT) en la capacitaci\u00f3n de productores de ma\u00edz para implementar la agricultura de conservaci\u00f3n en la regi\u00f3n de Actopan.<\/p>\n","protected":false},"author":1810,"featured_media":7341,"comment_status":"closed","ping_status":"closed","sticky":false,"template":"","format":"standard","meta":[],"categories":[1],"tags":[3],"_links":{"self":[{"href":"https:\/\/www.uv.mx\/prensa\/wp-json\/wp\/v2\/posts\/7340"}],"collection":[{"href":"https:\/\/www.uv.mx\/prensa\/wp-json\/wp\/v2\/posts"}],"about":[{"href":"https:\/\/www.uv.mx\/prensa\/wp-json\/wp\/v2\/types\/post"}],"author":[{"embeddable":true,"href":"https:\/\/www.uv.mx\/prensa\/wp-json\/wp\/v2\/users\/1810"}],"replies":[{"embeddable":true,"href":"https:\/\/www.uv.mx\/prensa\/wp-json\/wp\/v2\/comments?post=7340"}],"version-history":[{"count":0,"href":"https:\/\/www.uv.mx\/prensa\/wp-json\/wp\/v2\/posts\/7340\/revisions"}],"wp:featuredmedia":[{"embeddable":true,"href":"https:\/\/www.uv.mx\/prensa\/wp-json\/wp\/v2\/media\/7341"}],"wp:attachment":[{"href":"https:\/\/www.uv.mx\/prensa\/wp-json\/wp\/v2\/media?parent=7340"}],"wp:term":[{"taxonomy":"category","embeddable":true,"href":"https:\/\/www.uv.mx\/prensa\/wp-json\/wp\/v2\/categories?post=7340"},{"taxonomy":"post_tag","embeddable":true,"href":"https:\/\/www.uv.mx\/prensa\/wp-json\/wp\/v2\/tags?post=7340"}],"curies":[{"name":"wp","href":"https:\/\/api.w.org\/{rel}","templated":true}]}}