{"id":73346,"date":"2019-09-18T18:05:22","date_gmt":"2019-09-18T23:05:22","guid":{"rendered":"https:\/\/www.uv.mx\/prensa\/?p=73346"},"modified":"2019-09-19T10:44:58","modified_gmt":"2019-09-19T15:44:58","slug":"pedagogia-uv-inauguro-semana-nacional-de-proteccion-civil","status":"publish","type":"post","link":"https:\/\/www.uv.mx\/prensa\/regiones\/veracruz\/pedagogia-uv-inauguro-semana-nacional-de-proteccion-civil\/","title":{"rendered":"Pedagog\u00eda UV inaugur\u00f3 Semana Nacional de Protecci\u00f3n Civil"},"content":{"rendered":"<ul>\n<li data-leveltext=\"\uf0b7\" data-font=\"Symbol\" data-listid=\"1\" data-aria-posinset=\"0\" data-aria-level=\"1\"><i><span data-contrast=\"auto\">El jueves 19 de septiembre <\/span><\/i><i><span data-contrast=\"auto\">habr\u00e1 <\/span><\/i><i><span data-contrast=\"auto\">un simulacro masivo a las 10:00 y 17:30 horas<\/span><\/i><span data-ccp-props=\"{&quot;134233279&quot;:true,&quot;201341983&quot;:0,&quot;335559739&quot;:160,&quot;335559740&quot;:240}\">\u00a0<\/span><\/li>\n<\/ul>\n<div id=\"attachment_73256\" style=\"width: 732px\" class=\"wp-caption aligncenter\"><a href=\"https:\/\/www.uv.mx\/prensa\/files\/2019\/09\/170919-veracruz-proteccion-civil-1.jpg\"><img aria-describedby=\"caption-attachment-73256\" decoding=\"async\" loading=\"lazy\" class=\"wp-image-73256 size-full\" src=\"https:\/\/www.uv.mx\/prensa\/files\/2019\/09\/170919-veracruz-proteccion-civil-1.jpg\" alt=\"\" width=\"722\" height=\"481\" srcset=\"https:\/\/www.uv.mx\/prensa\/files\/2019\/09\/170919-veracruz-proteccion-civil-1.jpg 722w, https:\/\/www.uv.mx\/prensa\/files\/2019\/09\/170919-veracruz-proteccion-civil-1-300x200.jpg 300w\" sizes=\"(max-width: 722px) 100vw, 722px\" \/><\/a><p id=\"caption-attachment-73256\" class=\"wp-caption-text\">La Facultad de Pedagog\u00eda inici\u00f3 actividades de la Semana de la Protecci\u00f3n Civil<\/p><\/div>\n<p><b><i><span data-contrast=\"auto\">Alma Mart\u00ednez y <\/span><\/i><\/b><b><i><span data-contrast=\"auto\">Shuguey<\/span><\/i><\/b> <b><i><span data-contrast=\"auto\">Enr\u00edquez<\/span><\/i><\/b><span data-ccp-props=\"{&quot;201341983&quot;:0,&quot;335559739&quot;:160,&quot;335559740&quot;:240}\">\u00a0<\/span><\/p>\n<p><b><i><span data-contrast=\"auto\">1<\/span><\/i><\/b><b><i><span data-contrast=\"auto\">8<\/span><\/i><\/b><b><i><span data-contrast=\"auto\">\/09\/2019, Boca del R\u00edo, Ver.- <\/span><\/i><\/b><span data-contrast=\"auto\">En el marco de la Semana Nacional de Protecci\u00f3n Civil<\/span><span data-contrast=\"auto\">,<\/span> <span data-contrast=\"auto\">la <a href=\"https:\/\/www.uv.mx\/veracruz\/pedagogia\/\">Facultad de Pedagog<\/a><\/span><span data-contrast=\"auto\">\u00eda<\/span><span data-contrast=\"auto\"> de <\/span><span data-contrast=\"auto\">la Universidad Veracruzana <\/span><span data-contrast=\"auto\">(UV) <\/span><span data-contrast=\"auto\">realiza del 17 al 21 de septiembre <\/span><span data-contrast=\"auto\">diversas actividades encaminadas a la informaci\u00f3n y promoci\u00f3n de la cultura de la protecci\u00f3n civil y seguridad universitaria.<\/span><span data-ccp-props=\"{&quot;201341983&quot;:0,&quot;335559739&quot;:160,&quot;335559740&quot;:240}\">\u00a0<\/span><\/p>\n<p><span data-contrast=\"auto\">Entre las actividades destacan c<\/span><span data-contrast=\"auto\">onferencias <\/span><span data-contrast=\"auto\">sobre<\/span><span data-contrast=\"auto\"> los fen\u00f3menos <\/span><span data-contrast=\"auto\">hidrometeorol\u00f3gicos<\/span><span data-contrast=\"auto\">, seguridad universitaria, qu\u00e9 hacer <\/span><span data-contrast=\"auto\">en caso de recibir <\/span><span data-contrast=\"auto\">extorsiones telef\u00f3nicas, <\/span><span data-contrast=\"auto\">ciberseguridad<\/span><span data-contrast=\"auto\">, delitos cibern<\/span><span data-contrast=\"auto\">\u00e9ticos y comunicaci\u00f3n ambiental; adem\u00e1s,<\/span> <span data-contrast=\"auto\">talleres del uso y manejo de extintores<\/span><span data-contrast=\"auto\"> y primeros auxilios ser\u00e1n impartidos por expertos en las diferentes facultades de la regi\u00f3n.<\/span><span data-ccp-props=\"{&quot;201341983&quot;:0,&quot;335559731&quot;:708,&quot;335559739&quot;:160,&quot;335559740&quot;:240}\">\u00a0<\/span><\/p>\n<p><span data-contrast=\"auto\">Asimismo<\/span><span data-contrast=\"auto\">,<\/span> <span data-contrast=\"auto\">el jueves 19 <\/span><span data-contrast=\"auto\">se llevar\u00e1n a cabo dos simulacros de evacuaci\u00f3n en todas las entidades acad\u00e9micas y dependencias de la<\/span><span data-contrast=\"auto\"> UV, a las 10:00 y 17:30 horas.<\/span><span data-ccp-props=\"{&quot;201341983&quot;:0,&quot;335559731&quot;:708,&quot;335559739&quot;:160,&quot;335559740&quot;:240}\">\u00a0<\/span><\/p>\n<p><span data-contrast=\"auto\">En la inauguraci\u00f3n <\/span><span data-contrast=\"auto\">de la <\/span><span data-contrast=\"auto\">Semana Nacional de Protecci\u00f3n Civil, el vicerrector Alfonso P\u00e9rez Morales reconoci\u00f3 la relevancia del conocimiento de los protocolos de seguridad ante una contingencia.<\/span><span data-ccp-props=\"{&quot;201341983&quot;:0,&quot;335559731&quot;:708,&quot;335559739&quot;:160,&quot;335559740&quot;:240}\">\u00a0<\/span><\/p>\n<p><span data-contrast=\"auto\">\u201cEn esta regi\u00f3n, gracias al trabajo de la comunidad<\/span><span data-contrast=\"auto\">,<\/span><span data-contrast=\"auto\"> ha permeado el Sistema Universitario de Gesti\u00f3n Integral del Riesgo (SUGIR) y se desarrollan acciones planeadas en forma colegiada que aborden temas de protecci\u00f3n civil\u201d, coment\u00f3 el Vicerrector.<\/span><span data-ccp-props=\"{&quot;201341983&quot;:0,&quot;335559731&quot;:708,&quot;335559739&quot;:160,&quot;335559740&quot;:240}\">\u00a0<\/span><\/p>\n<p><span data-contrast=\"auto\">Andr\u00e9s Escalera Pav\u00f3n, director de Protecci\u00f3n Civil del H. Ayuntamiento de Veracruz, afirm\u00f3 que la cultura de la protecci\u00f3n civil ha aumentado al darse cuenta de su relevancia para salvar vidas.<\/span><span data-ccp-props=\"{&quot;201341983&quot;:0,&quot;335559731&quot;:708,&quot;335559739&quot;:160,&quot;335559740&quot;:240}\">\u00a0<\/span><\/p>\n<p><span data-contrast=\"auto\">\u201cE<\/span><span data-contrast=\"auto\">l conocimiento de la protecci\u00f3n civil se ha vuelto una necesidad a ra\u00edz del aumento de fen\u00f3menos s\u00edsmicos <\/span><span data-contrast=\"auto\">e<\/span> <span data-contrast=\"auto\">hidrometeorol\u00f3gicos<\/span><span data-contrast=\"auto\">\u201d<\/span><span data-contrast=\"auto\">, dijo el funcionario municipal <\/span><span data-contrast=\"auto\">y exhort\u00f3 a la comunidad universitaria a informarse y actuar conforme a los protocolos es<\/span><span data-contrast=\"auto\">tablecidos ante una emergencia.<\/span><span data-ccp-props=\"{&quot;201341983&quot;:0,&quot;335559731&quot;:708,&quot;335559739&quot;:160,&quot;335559740&quot;:240}\">\u00a0<\/span><\/p>\n<p><span data-contrast=\"auto\">De forma alterna en las 13 f<\/span><span data-contrast=\"auto\">acultades de la regi\u00f3n se realizaron actividades diversas con las que se inaug<\/span><span data-contrast=\"auto\">ur\u00f3 la Semana de la Protecci\u00f3n C<\/span><span data-contrast=\"auto\">ivil.<\/span><span data-ccp-props=\"{&quot;201341983&quot;:0,&quot;335559731&quot;:708,&quot;335559739&quot;:160,&quot;335559740&quot;:240}\">\u00a0<\/span><\/p>\n<div id='gallery-1' class='gallery galleryid-73346 gallery-columns-2 gallery-size-full'><dl class='gallery-item'>\n\t\t\t<dt class='gallery-icon landscape'>\n\t\t\t\t<a href='https:\/\/www.uv.mx\/prensa\/files\/2019\/09\/170919-veracruz-proteccion-civil-2.jpg'><img width=\"722\" height=\"481\" src=\"https:\/\/www.uv.mx\/prensa\/files\/2019\/09\/170919-veracruz-proteccion-civil-2.jpg\" class=\"attachment-full size-full\" alt=\"\" decoding=\"async\" loading=\"lazy\" aria-describedby=\"gallery-1-73255\" srcset=\"https:\/\/www.uv.mx\/prensa\/files\/2019\/09\/170919-veracruz-proteccion-civil-2.jpg 722w, https:\/\/www.uv.mx\/prensa\/files\/2019\/09\/170919-veracruz-proteccion-civil-2-300x200.jpg 300w\" sizes=\"(max-width: 722px) 100vw, 722px\" \/><\/a>\n\t\t\t<\/dt>\n\t\t\t\t<dd class='wp-caption-text gallery-caption' id='gallery-1-73255'>\n\t\t\t\tEl Vicerrector mencion\u00f3 la importancia de conocer los protocolos de seguridad\n\t\t\t\t<\/dd><\/dl><dl class='gallery-item'>\n\t\t\t<dt class='gallery-icon landscape'>\n\t\t\t\t<a href='https:\/\/www.uv.mx\/prensa\/files\/2019\/09\/170919-veracruz-proteccion-civil-3.jpg'><img width=\"722\" height=\"481\" src=\"https:\/\/www.uv.mx\/prensa\/files\/2019\/09\/170919-veracruz-proteccion-civil-3.jpg\" class=\"attachment-full size-full\" alt=\"\" decoding=\"async\" loading=\"lazy\" aria-describedby=\"gallery-1-73254\" srcset=\"https:\/\/www.uv.mx\/prensa\/files\/2019\/09\/170919-veracruz-proteccion-civil-3.jpg 722w, https:\/\/www.uv.mx\/prensa\/files\/2019\/09\/170919-veracruz-proteccion-civil-3-300x200.jpg 300w\" sizes=\"(max-width: 722px) 100vw, 722px\" \/><\/a>\n\t\t\t<\/dt>\n\t\t\t\t<dd class='wp-caption-text gallery-caption' id='gallery-1-73254'>\n\t\t\t\tEl Director de Protecci\u00f3n Civil del H. Ayuntamiento de Veracruz dio una conferencia\n\t\t\t\t<\/dd><\/dl><br style=\"clear: both\" \/>\n\t\t<\/div>\n\n","protected":false},"excerpt":{"rendered":"<p>\u201cEl conocimiento de la protecci\u00f3n civil se ha vuelto una necesidad a ra\u00edz del aumento de fen\u00f3menos s\u00edsmicos e hidrometeorol\u00f3gicos\u201d<\/p>\n","protected":false},"author":1508,"featured_media":73324,"comment_status":"closed","ping_status":"closed","sticky":false,"template":"","format":"standard","meta":[],"categories":[55],"tags":[],"_links":{"self":[{"href":"https:\/\/www.uv.mx\/prensa\/wp-json\/wp\/v2\/posts\/73346"}],"collection":[{"href":"https:\/\/www.uv.mx\/prensa\/wp-json\/wp\/v2\/posts"}],"about":[{"href":"https:\/\/www.uv.mx\/prensa\/wp-json\/wp\/v2\/types\/post"}],"author":[{"embeddable":true,"href":"https:\/\/www.uv.mx\/prensa\/wp-json\/wp\/v2\/users\/1508"}],"replies":[{"embeddable":true,"href":"https:\/\/www.uv.mx\/prensa\/wp-json\/wp\/v2\/comments?post=73346"}],"version-history":[{"count":0,"href":"https:\/\/www.uv.mx\/prensa\/wp-json\/wp\/v2\/posts\/73346\/revisions"}],"wp:featuredmedia":[{"embeddable":true,"href":"https:\/\/www.uv.mx\/prensa\/wp-json\/wp\/v2\/media\/73324"}],"wp:attachment":[{"href":"https:\/\/www.uv.mx\/prensa\/wp-json\/wp\/v2\/media?parent=73346"}],"wp:term":[{"taxonomy":"category","embeddable":true,"href":"https:\/\/www.uv.mx\/prensa\/wp-json\/wp\/v2\/categories?post=73346"},{"taxonomy":"post_tag","embeddable":true,"href":"https:\/\/www.uv.mx\/prensa\/wp-json\/wp\/v2\/tags?post=73346"}],"curies":[{"name":"wp","href":"https:\/\/api.w.org\/{rel}","templated":true}]}}