{"id":73272,"date":"2019-09-18T08:00:39","date_gmt":"2019-09-18T13:00:39","guid":{"rendered":"https:\/\/www.uv.mx\/prensa\/?p=73272"},"modified":"2019-09-18T12:51:35","modified_gmt":"2019-09-18T17:51:35","slug":"maestria-en-salud-arte-y-comunidad-apunta-hacia-la-colectividad","status":"publish","type":"post","link":"https:\/\/www.uv.mx\/prensa\/general\/maestria-en-salud-arte-y-comunidad-apunta-hacia-la-colectividad\/","title":{"rendered":"Maestr\u00eda en Salud, Arte y Comunidad apunta hacia la colectividad"},"content":{"rendered":"<ul>\n<li data-leveltext=\"\uf0b7\" data-font=\"Symbol\" data-listid=\"1\" data-aria-posinset=\"1\" data-aria-level=\"1\"><i><span data-contrast=\"auto\">Con <\/span><\/i><i><span data-contrast=\"auto\">sede en la Facultad de Psicolog\u00eda<\/span><\/i><i><span data-contrast=\"auto\"> UV<\/span><\/i><i><span data-contrast=\"auto\">, deposita su ate<\/span><\/i><i><span data-contrast=\"auto\">nci\u00f3n en los lazos comunitarios<\/span><\/i><span data-ccp-props=\"{&quot;134233279&quot;:true}\">\u00a0<\/span><\/li>\n<\/ul>\n<p>&nbsp;<\/p>\n<div id=\"attachment_73242\" style=\"width: 732px\" class=\"wp-caption aligncenter\"><a href=\"https:\/\/www.uv.mx\/prensa\/files\/2019\/09\/170919-Coloquio-MISAC-Piscologia-1.jpg\"><img loading=\"lazy\" decoding=\"async\" aria-describedby=\"caption-attachment-73242\" class=\"size-full wp-image-73242\" src=\"https:\/\/www.uv.mx\/prensa\/files\/2019\/09\/170919-Coloquio-MISAC-Piscologia-1.jpg\" alt=\"\" width=\"722\" height=\"481\" srcset=\"https:\/\/www.uv.mx\/prensa\/files\/2019\/09\/170919-Coloquio-MISAC-Piscologia-1.jpg 722w, https:\/\/www.uv.mx\/prensa\/files\/2019\/09\/170919-Coloquio-MISAC-Piscologia-1-300x200.jpg 300w\" sizes=\"auto, (max-width: 722px) 100vw, 722px\" \/><\/a><p id=\"caption-attachment-73242\" class=\"wp-caption-text\">Lizette Figueroa V\u00e1zquez<\/p><\/div>\n<p>&nbsp;<\/p>\n<p><b><i><span data-contrast=\"auto\">Jorge V\u00e1zquez Pacheco<\/span><\/i><\/b><span data-ccp-props=\"{}\">\u00a0<\/span><\/p>\n<p><b><i><span data-contrast=\"auto\">18\/09\/2019, Xalapa, Ver.-<\/span><\/i><\/b> <span data-contrast=\"auto\">E<\/span><span data-contrast=\"auto\">l Coloquio de la Maestr\u00eda en Salud, Arte y Comunidad (MISAC)<\/span><span data-contrast=\"auto\"> se desarroll\u00f3<\/span> <span data-contrast=\"auto\">los d\u00edas<\/span><span data-contrast=\"auto\"> 12 <\/span><span data-contrast=\"auto\">y 13 <\/span><span data-contrast=\"auto\">de septiembre en el Auditorio \u201cRafael Velasco Fern\u00e1ndez\u201d de la<a href=\"https:\/\/www.uv.mx\/psicologia\/\"> Facultad de Psicolog\u00eda<\/a> de la Universidad Veracruzana (UV)<\/span><span data-contrast=\"auto\">.<\/span><span data-ccp-props=\"{}\">\u00a0<\/span><\/p>\n<p><span data-contrast=\"auto\">En la inauguraci\u00f3n del mismo, la acad\u00e9mica <\/span><span data-contrast=\"auto\">Lizette Figueroa V\u00e1zquez indic\u00f3 que e<\/span><span data-contrast=\"auto\">n el marco de este evento se presentaron res\u00famenes<\/span><span data-contrast=\"auto\"> de los trabajos art\u00edsticos realizados por la primera generaci\u00f3n.<\/span><span data-ccp-props=\"{&quot;335559731&quot;:708}\">\u00a0<\/span><\/p>\n<p><span data-contrast=\"auto\">La <\/span><span data-contrast=\"auto\">Doctora en Psicolog\u00eda por la U<\/span><span data-contrast=\"auto\">V<\/span> <span data-contrast=\"auto\">e integrante del n<\/span><span data-contrast=\"auto\">\u00facleo <\/span><span data-contrast=\"auto\">a<\/span><span data-contrast=\"auto\">cad\u00e9mico <\/span><span data-contrast=\"auto\">b<\/span><span data-contrast=\"auto\">\u00e1sico en la MISAC, Figueroa V\u00e1zquez <\/span><span data-contrast=\"auto\">apunt<\/span><span data-contrast=\"auto\">\u00f3<\/span><span data-contrast=\"auto\"> que se trata de una <\/span><span data-contrast=\"auto\">m<\/span><span data-contrast=\"auto\">aestr\u00eda \u201cmuy joven, apenas egresa nuestra primera generaci\u00f3n y recibimos a la segunda\u201d.<\/span><span data-ccp-props=\"{}\">\u00a0<\/span><\/p>\n<p><span data-contrast=\"auto\">La entrevistada deposit\u00f3<\/span><span data-contrast=\"auto\"> especial acento en las <\/span><span data-contrast=\"auto\">tres \u00e1reas de <\/span><span data-contrast=\"auto\">influencia <\/span><span data-contrast=\"auto\">integradas a la <\/span><span data-contrast=\"auto\">m<\/span><span data-contrast=\"auto\">aestr\u00eda: <\/span><span data-contrast=\"auto\">s<\/span><span data-contrast=\"auto\">alud,<\/span> <span data-contrast=\"auto\">a<\/span><span data-contrast=\"auto\">rte y <\/span><span data-contrast=\"auto\">c<\/span><span data-contrast=\"auto\">omunidad<\/span><span data-contrast=\"auto\">.<\/span> <span data-contrast=\"auto\">\u201cIntentamos, mediante <\/span><span data-contrast=\"auto\">metodolog\u00eda <\/span><span data-contrast=\"auto\">transdisciplinaria, <\/span><span data-contrast=\"auto\">la formaci\u00f3n de profesionales lo m\u00e1s comp<\/span><span data-contrast=\"auto\">l<\/span><span data-contrast=\"auto\">et<\/span><span data-contrast=\"auto\">a<\/span><span data-contrast=\"auto\"> posib<\/span><span data-contrast=\"auto\">le<\/span><span data-contrast=\"auto\">,<\/span> <span data-contrast=\"auto\">que abo<\/span><span data-contrast=\"auto\">rden la<\/span> <span data-contrast=\"auto\">problem\u00e1tica<\/span><span data-contrast=\"auto\"> ac<\/span><span data-contrast=\"auto\">tual <\/span><span data-contrast=\"auto\">con mayor integralidad<\/span><span data-contrast=\"auto\">\u201d<\/span><span data-contrast=\"auto\">.<\/span><span data-ccp-props=\"{}\">\u00a0<\/span><\/p>\n<p><span data-contrast=\"auto\">El coloquio <\/span><span data-contrast=\"auto\">incluy\u00f3 <\/span><span data-contrast=\"auto\">conferencias, una muestra fotogr\u00e1fica, fragmento de novela y videos. \u201cTodos son producto del trabajo de los j\u00f3venes egresados de la primera generaci\u00f3n. Han realizado una labor que, adem\u00e1s de convertirse en trabajo recepcional, muestra matices del todo art\u00edsticos\u201d.<\/span><span data-ccp-props=\"{&quot;335559731&quot;:708}\">\u00a0<\/span><\/p>\n<p><span data-contrast=\"auto\">Al abundar en torno de <\/span><span data-contrast=\"auto\">la labor promovida desde la Fac<\/span><span data-contrast=\"auto\">ultad, la acad\u00e9mica <\/span><span data-contrast=\"auto\">expres\u00f3<\/span><span data-contrast=\"auto\">: \u201cDonde quiera que trabajemos tratamos de crear lazos sociales y redes colectiva<\/span><span data-contrast=\"auto\">s<\/span><span data-contrast=\"auto\">; <\/span><span data-contrast=\"auto\">apostamos a <\/span><span data-contrast=\"auto\">esa forma de recuper<\/span><span data-contrast=\"auto\">a<\/span><span data-contrast=\"auto\">r<\/span><span data-contrast=\"auto\"> al sujeto<\/span><span data-contrast=\"auto\"> en problemas <\/span><span data-contrast=\"auto\">de integraci\u00f3n<\/span><span data-contrast=\"auto\">, de salvar las problem\u00e1ticas que vivim<\/span><span data-contrast=\"auto\">o<\/span><span data-contrast=\"auto\">s<\/span><span data-contrast=\"auto\">, la violencia, la descomposici\u00f3n del <\/span><span data-contrast=\"auto\">tejido social. <\/span><span data-contrast=\"auto\">Para el logro de esos objetivos no es s<\/span><span data-contrast=\"auto\">uficiente la teor\u00eda psicol\u00f3gica,<\/span><span data-contrast=\"auto\"> debemos recurrir al trabajo colectivo para tratar<\/span><span data-contrast=\"auto\"> de recuperar el tejido social.<\/span><span data-ccp-props=\"{&quot;335559731&quot;:708}\">\u00a0<\/span><\/p>\n<p><span data-contrast=\"auto\">\u201d<\/span><span data-contrast=\"auto\">Los r<\/span><span data-contrast=\"auto\">esultados <\/span><span data-contrast=\"auto\">son palpables. Los <\/span><span data-contrast=\"auto\">chicos que egresa<\/span><span data-contrast=\"auto\">ron e<\/span><span data-contrast=\"auto\">n<\/span><span data-contrast=\"auto\"> julio llevaron a efecto labores de campo en zonas como Chiltoyac, otro<\/span><span data-contrast=\"auto\">s <\/span><span data-contrast=\"auto\">trabajaron con desplazados <\/span><span data-contrast=\"auto\">ind\u00edgen<\/span><span data-contrast=\"auto\">as, unos m\u00e1s con <\/span><span data-contrast=\"auto\">ni\u00f1os de <\/span><span data-contrast=\"auto\">secu<\/span><span data-contrast=\"auto\">ndaria<\/span><span data-contrast=\"auto\">. <\/span><span data-contrast=\"auto\">Vemos que lograron una buena l\u00ednea de comunicaci\u00f3n y aportaci\u00f3n colectiva para las labores de conjunto.\u201d<\/span><span data-ccp-props=\"{&quot;335559731&quot;:708}\">\u00a0<\/span><\/p>\n<p><span data-contrast=\"auto\">Finalmente invit\u00f3 a todos a conocer los detalles relacionados con la maestr\u00eda en la p\u00e1gina <\/span><i><span data-contrast=\"auto\">web<\/span><\/i><span data-contrast=\"auto\">:<\/span> <a href=\"https:\/\/www.uv.mx\/misac\/\"><span data-contrast=\"none\">https:\/\/www.uv.mx\/misac\/<\/span><\/a><span data-contrast=\"auto\">.<\/span><span data-ccp-props=\"{&quot;335559731&quot;:708}\">\u00a0<\/span><\/p>\n","protected":false},"excerpt":{"rendered":"<p>El coloquio de este posgrado se desarroll\u00f3 los d\u00edas 12 y 13 de septiembre en la Facultad de Psicolog\u00eda, donde se presentaron res\u00famenes de los trabajos art\u00edsticos realizados por la primera generaci\u00f3n<\/p>\n","protected":false},"author":1508,"featured_media":73242,"comment_status":"closed","ping_status":"closed","sticky":false,"template":"","format":"standard","meta":{"footnotes":""},"categories":[1],"tags":[],"class_list":["post-73272","post","type-post","status-publish","format-standard","has-post-thumbnail","hentry","category-general"],"_links":{"self":[{"href":"https:\/\/www.uv.mx\/prensa\/wp-json\/wp\/v2\/posts\/73272","targetHints":{"allow":["GET"]}}],"collection":[{"href":"https:\/\/www.uv.mx\/prensa\/wp-json\/wp\/v2\/posts"}],"about":[{"href":"https:\/\/www.uv.mx\/prensa\/wp-json\/wp\/v2\/types\/post"}],"author":[{"embeddable":true,"href":"https:\/\/www.uv.mx\/prensa\/wp-json\/wp\/v2\/users\/1508"}],"replies":[{"embeddable":true,"href":"https:\/\/www.uv.mx\/prensa\/wp-json\/wp\/v2\/comments?post=73272"}],"version-history":[{"count":0,"href":"https:\/\/www.uv.mx\/prensa\/wp-json\/wp\/v2\/posts\/73272\/revisions"}],"wp:featuredmedia":[{"embeddable":true,"href":"https:\/\/www.uv.mx\/prensa\/wp-json\/wp\/v2\/media\/73242"}],"wp:attachment":[{"href":"https:\/\/www.uv.mx\/prensa\/wp-json\/wp\/v2\/media?parent=73272"}],"wp:term":[{"taxonomy":"category","embeddable":true,"href":"https:\/\/www.uv.mx\/prensa\/wp-json\/wp\/v2\/categories?post=73272"},{"taxonomy":"post_tag","embeddable":true,"href":"https:\/\/www.uv.mx\/prensa\/wp-json\/wp\/v2\/tags?post=73272"}],"curies":[{"name":"wp","href":"https:\/\/api.w.org\/{rel}","templated":true}]}}