{"id":73266,"date":"2019-09-18T08:00:34","date_gmt":"2019-09-18T13:00:34","guid":{"rendered":"https:\/\/www.uv.mx\/prensa\/?p=73266"},"modified":"2019-09-17T19:07:44","modified_gmt":"2019-09-18T00:07:44","slug":"doctorado-honoris-causa-reconocimiento-a-la-microbiologia-r-guerrero","status":"publish","type":"post","link":"https:\/\/www.uv.mx\/prensa\/general\/doctorado-honoris-causa-reconocimiento-a-la-microbiologia-r-guerrero\/","title":{"rendered":"Doctorado <em>Honoris Causa<\/em>, reconocimiento a la microbiolog\u00eda: R. Guerrero"},"content":{"rendered":"<ul>\n<li data-leveltext=\"\uf0b7\" data-font=\"Symbol\" data-listid=\"5\" data-aria-posinset=\"1\" data-aria-level=\"1\"><i><span data-contrast=\"none\">\u201cMe incorporo al camino que le ha permitido a la UV <\/span><\/i><i><span data-contrast=\"none\">ocupar un lugar prominente en el desarrollo cient\u00edfico, human\u00edstico, educativo y cultural de M\u00e9xico y el mund<\/span><\/i><i><span data-contrast=\"none\">o\u201d, expres\u00f3<\/span><\/i><span data-ccp-props=\"{}\">\u00a0<\/span><\/li>\n<li data-leveltext=\"\uf0b7\" data-font=\"Symbol\" data-listid=\"5\" data-aria-posinset=\"2\" data-aria-level=\"1\"><i><span data-contrast=\"none\">Esta casa de estudios condecor\u00f3<\/span><\/i><i><span data-contrast=\"none\"> al acad\u00e9mico de la Universidad de Barcelona<\/span><\/i><i><span data-contrast=\"none\"> el 11 de septiembre, en el marco de su 75 aniversario<\/span><\/i><\/li>\n<\/ul>\n<p>&nbsp;<\/p>\n<div id=\"attachment_73217\" style=\"width: 732px\" class=\"wp-caption aligncenter\"><a href=\"https:\/\/www.uv.mx\/prensa\/files\/2019\/09\/130919-Ricardo-Guerrero.jpg\"><img loading=\"lazy\" decoding=\"async\" aria-describedby=\"caption-attachment-73217\" class=\"size-full wp-image-73217\" src=\"https:\/\/www.uv.mx\/prensa\/files\/2019\/09\/130919-Ricardo-Guerrero.jpg\" alt=\"\" width=\"722\" height=\"481\" srcset=\"https:\/\/www.uv.mx\/prensa\/files\/2019\/09\/130919-Ricardo-Guerrero.jpg 722w, https:\/\/www.uv.mx\/prensa\/files\/2019\/09\/130919-Ricardo-Guerrero-300x200.jpg 300w\" sizes=\"auto, (max-width: 722px) 100vw, 722px\" \/><\/a><p id=\"caption-attachment-73217\" class=\"wp-caption-text\">Ricardo Guerrero Moreno<\/p><\/div>\n<p>&nbsp;<\/p>\n<p><b><i><span data-contrast=\"none\">Carlos Hugo Hermida Rosales<\/span><\/i><\/b><span data-ccp-props=\"{}\">\u00a0<\/span><\/p>\n<p><b><i><span data-contrast=\"none\">1<\/span><\/i><\/b><b><i><span data-contrast=\"none\">8<\/span><\/i><\/b><b><i><span data-contrast=\"none\">\/09\/<\/span><\/i><\/b><b><i><span data-contrast=\"none\">2019<\/span><\/i><\/b><b><i><span data-contrast=\"none\">,<\/span><\/i><\/b> <b><i><span data-contrast=\"none\">Xalapa, <\/span><\/i><\/b><b><i><span data-contrast=\"none\">Ver.<\/span><\/i><\/b><b><i><span data-contrast=\"none\">&#8211;<\/span><\/i><\/b> <span data-contrast=\"none\">Ricardo Guerrero Moreno, catedr\u00e1tico e investigador de la Universidad de Barcelona,<\/span> <span data-contrast=\"none\">expres\u00f3 que recibir el Doctorado<\/span> <i><span data-contrast=\"none\">Honoris Causa<\/span><\/i> <span data-contrast=\"none\">por parte de la Universidad Veracruzana (UV) representa para \u00e9l un gran honor, <\/span><span data-contrast=\"none\">ya que es<\/span><span data-contrast=\"none\"> un reconocimiento a su trabajo de muchos a\u00f1<\/span><span data-contrast=\"none\">os dentro de la<\/span><span data-contrast=\"none\"> ciencia microbiol\u00f3gica y la ecolog\u00eda microbiana.<\/span><span data-ccp-props=\"{}\">\u00a0<\/span><\/p>\n<p><span data-contrast=\"none\">El catedr\u00e1tico mencion\u00f3 que la Universidad de Barcelona es su <\/span><span data-contrast=\"none\">alma mater<\/span><span data-contrast=\"none\">, <\/span><span data-contrast=\"none\">que gran parte de su formaci\u00f3n se la debe a la Universidad de California en Davis, y que actualmente mantiene una estrecha colaboraci\u00f3n con la Universidad de Massachusetts-Amherst, <\/span><span data-contrast=\"none\">pero<\/span><span data-contrast=\"none\"> que ahora se encuentra feliz de formar parte de la historia de una casa de estudios tan impresionante como la UV.<\/span><span data-ccp-props=\"{&quot;335559731&quot;:708}\">\u00a0<\/span><\/p>\n<p><span data-contrast=\"none\">En la larga trayectoria de Ricardo Guerrero destaca ser fundador de la revista <\/span><span data-contrast=\"none\">cient\u00edfica <\/span><i><span data-contrast=\"none\">International <\/span><\/i><i><span data-contrast=\"none\">Microbiology<\/span><\/i><span data-contrast=\"none\">, <\/span><span data-contrast=\"none\">publicaci\u00f3n <\/span><span data-contrast=\"none\">de la Sociedad Espa\u00f1ola de Microbiolog\u00eda, instituci\u00f3n de la que ya fue presidente.\u00a0<\/span><span data-ccp-props=\"{&quot;335559731&quot;:708}\">\u00a0<\/span><\/p>\n<p><span data-contrast=\"none\">Explic\u00f3 que uno de los objetivos de <\/span><span data-contrast=\"none\">la misma <\/span><span data-contrast=\"none\">era dar voz a investigadores espa\u00f1oles y latinoamericanos que trabajan en el <\/span><span data-contrast=\"none\">\u00e1<\/span><span data-contrast=\"none\">mbito de la microbiolog\u00eda, ya que en las revistas internacionales de este rubro quienes publican son pr<\/span><span data-contrast=\"none\">i<\/span><span data-contrast=\"none\">ncipalmente de nacionalidades inglesa, estadounidense y alemana, entre otras.\u00a0<\/span><span data-ccp-props=\"{&quot;335559731&quot;:708}\">\u00a0<\/span><\/p>\n<p><span data-contrast=\"none\">\u201cAl fundar <\/span><i><span data-contrast=\"none\">International <\/span><\/i><i><span data-contrast=\"none\">Microbiology<\/span><\/i> <span data-contrast=\"none\">pens\u00e9 que los investigadores latinoamericanos que part<\/span><span data-contrast=\"none\">icipar\u00edan en esta publicaci\u00f3n s\u00f3<\/span><span data-contrast=\"none\">lo ser\u00edan unos cuantos, pero fue asombroso ver la cantidad de cient\u00edficos que comenzaron a enviar sus colaboraciones, ya que la ciencia latinoamericana es muy fuerte\u201d, <\/span><span data-contrast=\"none\">relat\u00f3.<\/span><span data-contrast=\"none\">\u00a0<\/span><span data-ccp-props=\"{&quot;335559731&quot;:708}\">\u00a0<\/span><\/p>\n<p><span data-contrast=\"none\">Ricardo Guerrero <\/span><span data-contrast=\"none\">comparti\u00f3 <\/span><span data-contrast=\"none\">que agradecer a la UV por otorgarle el Doctorado <\/span><i><span data-contrast=\"none\">Honoris Causa<\/span><\/i><span data-contrast=\"none\"> no es suficiente, pero que aun as\u00ed lo hace de todo coraz\u00f3n, al tiempo que le desea a esta casa de estudios continuar por el camino que le ha permitido ocupar un lugar prominente en el desarrollo cient\u00edfico, human\u00edstico, educativo y cultural de M\u00e9xico y el mundo, \u201ccamino al que me incorporo con todo mi conocimiento desde ahora\u201d.<\/span><span data-ccp-props=\"{&quot;335559731&quot;:708}\">\u00a0<\/span><\/p>\n<p><span data-contrast=\"none\">Previo a la entrega del reconocimiento por parte de la rectora Sara Ladr\u00f3n de Guevara, realizada la tarde del 11 de septiembre en Sesi\u00f3n Solemne del Consejo Universitario General, el investigador Emilio Ribes <\/span><span data-contrast=\"none\">I\u00f1esta<\/span><span data-contrast=\"none\"> ley\u00f3 la semblanza del homenajeado y destac\u00f3<\/span><span data-contrast=\"none\"> que sus trabajos en ecosistemas microbianos en Espa\u00f1a, Francia y <\/span><span data-contrast=\"none\">Cuba,<\/span><span data-contrast=\"none\"> han sido modelos de referencia para estudios ecol\u00f3gicos en distintos lugares del mundo.<\/span><span data-ccp-props=\"{&quot;335559731&quot;:708}\">\u00a0<\/span><\/p>\n<p><span data-contrast=\"none\">\u201cEstos trabajos han atra\u00eddo el inter\u00e9s de investigadores internacionales por los ecosistemas m\u00ednimos procariotas y las primeras etapas de la vida sobre la tierra\u201d, puntualiz\u00f3.<\/span><span data-ccp-props=\"{&quot;335559731&quot;:708}\">\u00a0<\/span><\/p>\n<p><span data-contrast=\"none\">Afirm\u00f3 que <\/span><span data-contrast=\"none\">Ricardo Guerrero h<\/span><span data-contrast=\"none\">a creado escuela en el campo de la microbiolog\u00eda y la ecolog\u00eda microbiana, y que se ha convertido en uno de los investigadores m\u00e1s destacados en esta disciplina a nivel mundial.<\/span><span data-contrast=\"none\">\u00a0<\/span><span data-ccp-props=\"{&quot;335559731&quot;:708}\">\u00a0<\/span><\/p>\n<p><span data-contrast=\"none\">Destac\u00f3 que adem\u00e1s de su labor investigadora y docente en microbiolog\u00eda, ha desarrollado diversas actividades en programas de comunicaci\u00f3n cient\u00edfica, escrito numerosos art\u00edculos sobre temas de divulgaci\u00f3n de la ciencia, y es miembro del comit\u00e9 gestor de varios proyectos educativos en el \u00e1mbito de la microbiolog\u00eda.<\/span><\/p>\n","protected":false},"excerpt":{"rendered":"<p>\u201cFue asombroso ver la cantidad de cient\u00edficos que comenzaron a enviar sus colaboraciones, ya que la ciencia latinoamericana es muy fuerte\u201d, dijo el fundador de la revista <em>International Microbiology<\/em><\/p>\n","protected":false},"author":1508,"featured_media":0,"comment_status":"closed","ping_status":"closed","sticky":false,"template":"","format":"standard","meta":{"footnotes":""},"categories":[1],"tags":[],"class_list":["post-73266","post","type-post","status-publish","format-standard","hentry","category-general"],"_links":{"self":[{"href":"https:\/\/www.uv.mx\/prensa\/wp-json\/wp\/v2\/posts\/73266","targetHints":{"allow":["GET"]}}],"collection":[{"href":"https:\/\/www.uv.mx\/prensa\/wp-json\/wp\/v2\/posts"}],"about":[{"href":"https:\/\/www.uv.mx\/prensa\/wp-json\/wp\/v2\/types\/post"}],"author":[{"embeddable":true,"href":"https:\/\/www.uv.mx\/prensa\/wp-json\/wp\/v2\/users\/1508"}],"replies":[{"embeddable":true,"href":"https:\/\/www.uv.mx\/prensa\/wp-json\/wp\/v2\/comments?post=73266"}],"version-history":[{"count":0,"href":"https:\/\/www.uv.mx\/prensa\/wp-json\/wp\/v2\/posts\/73266\/revisions"}],"wp:attachment":[{"href":"https:\/\/www.uv.mx\/prensa\/wp-json\/wp\/v2\/media?parent=73266"}],"wp:term":[{"taxonomy":"category","embeddable":true,"href":"https:\/\/www.uv.mx\/prensa\/wp-json\/wp\/v2\/categories?post=73266"},{"taxonomy":"post_tag","embeddable":true,"href":"https:\/\/www.uv.mx\/prensa\/wp-json\/wp\/v2\/tags?post=73266"}],"curies":[{"name":"wp","href":"https:\/\/api.w.org\/{rel}","templated":true}]}}