{"id":73197,"date":"2019-09-17T08:00:12","date_gmt":"2019-09-17T13:00:12","guid":{"rendered":"https:\/\/www.uv.mx\/prensa\/?p=73197"},"modified":"2019-09-18T13:19:41","modified_gmt":"2019-09-18T18:19:41","slug":"uv-participara-en-v-feria-de-la-milpa","status":"publish","type":"post","link":"https:\/\/www.uv.mx\/prensa\/eventos\/uv-participara-en-v-feria-de-la-milpa\/","title":{"rendered":"UV participar\u00e1 en V Feria de la Milpa"},"content":{"rendered":"<ul>\n<li data-leveltext=\"\uf0b7\" data-font=\"Symbol\" data-listid=\"1\" data-aria-posinset=\"1\" data-aria-level=\"1\"><i><span data-contrast=\"auto\">En este a\u00f1o tiene como lema \u201cNi\u00f1os heredando milpa\u201d<\/span><\/i><i><span data-contrast=\"auto\"> y <\/span><\/i><i><span data-contrast=\"auto\">se llevar\u00e1 a cabo el 29 de septiembre en Rancho Viejo, municipio de Tlalnelhuayocan<\/span><\/i><span data-ccp-props=\"{&quot;134233279&quot;:true}\">\u00a0<\/span><\/li>\n<li data-leveltext=\"\uf0b7\" data-font=\"Symbol\" data-listid=\"1\" data-aria-posinset=\"2\" data-aria-level=\"1\"><i><span data-contrast=\"auto\">Se realizar\u00e1n los concursos <\/span><\/i><i><span data-contrast=\"auto\">\u201cMejor mazorca de ma\u00edz criollo\u201d, \u201cMejor comid<\/span><\/i><i><span data-contrast=\"auto\">a de la milpa\u201d y<\/span><\/i><i><span data-contrast=\"auto\"> \u201cMi historia con la milpa\u201d<\/span><\/i><\/li>\n<\/ul>\n<div id=\"attachment_72986\" style=\"width: 732px\" class=\"wp-caption aligncenter\"><a href=\"https:\/\/www.uv.mx\/prensa\/files\/2019\/09\/060919-PAOLA-Feria-Milpa.jpg\"><img loading=\"lazy\" decoding=\"async\" aria-describedby=\"caption-attachment-72986\" class=\"size-full wp-image-72986\" src=\"https:\/\/www.uv.mx\/prensa\/files\/2019\/09\/060919-PAOLA-Feria-Milpa.jpg\" alt=\"CoSustenta y Citro participar\u00e1n en la V Feria de la Milpa \" width=\"722\" height=\"481\" srcset=\"https:\/\/www.uv.mx\/prensa\/files\/2019\/09\/060919-PAOLA-Feria-Milpa.jpg 722w, https:\/\/www.uv.mx\/prensa\/files\/2019\/09\/060919-PAOLA-Feria-Milpa-300x200.jpg 300w\" sizes=\"auto, (max-width: 722px) 100vw, 722px\" \/><\/a><p id=\"caption-attachment-72986\" class=\"wp-caption-text\"><em>CoSustenta<\/em> y <em>Citro<\/em> participar\u00e1n en la V Feria de la Milpa<\/p><\/div>\n<p><b><i><span data-contrast=\"auto\">Paola Cort\u00e9s P\u00e9rez<\/span><\/i><\/b><span data-ccp-props=\"{}\">\u00a0<\/span><\/p>\n<p><b><i><span data-contrast=\"auto\">17<\/span><\/i><\/b><b><i><span data-contrast=\"auto\">\/09\/2019, Xalapa, <\/span><\/i><\/b><b><i><span data-contrast=\"auto\">Ver.-<\/span><\/i><\/b><span data-contrast=\"auto\"> La <a href=\"https:\/\/www.uv.mx\/cosustenta\">Coordinaci\u00f3n Universitaria para la Sustentabilidad<\/a> (<\/span><i><span data-contrast=\"auto\">CoSustenta<\/span><\/i><span data-contrast=\"auto\">) y el <a href=\"https:\/\/www.uv.mx\/citro\/\">Centro de Investigaciones Tropicales<\/a> (<\/span><i><span data-contrast=\"auto\">Citro<\/span><\/i><span data-contrast=\"auto\">) de la Universidad Veracruzana (UV), invitan a participar en la V Feria de la Milpa \u201cNi\u00f1os heredando milpa\u201d, que tendr\u00e1 lugar el domingo 29 de septiembre en Rancho Viejo, municipio de Tlalnelhuayocan<\/span><span data-contrast=\"auto\">, de 9:00 a 15:00 horas.<\/span><span data-ccp-props=\"{}\">\u00a0<\/span><\/p>\n<p><span data-contrast=\"auto\">El evento es organizado por <\/span><i><span data-contrast=\"auto\">CoSustenta<\/span><\/i><span data-contrast=\"auto\">, <\/span><i><span data-contrast=\"auto\">Citro<\/span><\/i><span data-contrast=\"auto\">, el Ayuntamiento de Xalapa, el municipio de <\/span><span data-contrast=\"auto\">Tlalnelhuayocan<\/span><span data-contrast=\"auto\">, la asociaci\u00f3n civil Senderos y Encuentros para un Desarrollo Aut\u00f3nomo Sustentable (<\/span><i><span data-contrast=\"auto\">Senderos<\/span><\/i><span data-contrast=\"auto\">) y la Oficina Regional Golfo de M\u00e9xico del Centro Mexicano de Derecho Ambiental<\/span><span data-contrast=\"auto\">,<\/span><span data-contrast=\"auto\"> A.C. (<\/span><i><span data-contrast=\"auto\">Cemda<\/span><\/i><span data-contrast=\"auto\">).<\/span><span data-ccp-props=\"{&quot;335559731&quot;:708}\">\u00a0<\/span><\/p>\n<p><span data-contrast=\"auto\">La feria tiene por objetivo la valorizaci\u00f3n y promoci\u00f3n de una alimentaci\u00f3n sana y culturalmente significativa, reconociendo a la milpa como parte del patrimonio biocultural de nuestro pa\u00eds.<\/span><span data-ccp-props=\"{&quot;335559731&quot;:708}\">\u00a0<\/span><\/p>\n<p><span data-contrast=\"auto\">La edici\u00f3n de este a\u00f1o est\u00e1 dedicada a los ni\u00f1os, quienes heredan los conocimientos y lugares de producci\u00f3n de la milpa, por ello sus inquietudes, preguntas<\/span><span data-contrast=\"auto\"> e<\/span><span data-contrast=\"auto\"> iniciativas ser\u00e1n parte central de este evento.<\/span><span data-ccp-props=\"{&quot;335559731&quot;:708}\">\u00a0<\/span><\/p>\n<p><span data-contrast=\"auto\">Tambi\u00e9n<\/span> <span data-contrast=\"auto\">se propicia el intercambio, aprendizaje y acercamiento <\/span><span data-contrast=\"auto\">entre diversas organizaciones y personas de la ciudad de Xalapa con mujeres cocineras y campesinos productores de ma\u00edz, a partir de talleres, concursos, mesas de intercambio y la venta de comidas elaboradas con ingredientes de la milpa.<\/span><span data-ccp-props=\"{&quot;335559731&quot;:708}\">\u00a0<\/span><\/p>\n<p><span data-contrast=\"auto\">Asimismo, se llevar\u00e1<\/span><span data-contrast=\"auto\">n<\/span><span data-contrast=\"auto\"> a cabo <\/span><span data-contrast=\"auto\">los <\/span><span data-contrast=\"auto\">concurso<\/span><span data-contrast=\"auto\">s<\/span><span data-contrast=\"auto\"> \u201cMejor mazorca de ma\u00edz criollo\u201d, \u201cMejor comida de la milpa\u201d y \u201cMi historia con la milpa\u201d, <\/span><span data-contrast=\"auto\">con el<\/span><span data-contrast=\"auto\"> objetivo <\/span><span data-contrast=\"auto\">d<\/span><span data-contrast=\"auto\">e que a trav\u00e9s de una foto o dibujo <\/span><span data-contrast=\"auto\">los <\/span><span data-contrast=\"auto\">ni\u00f1os <\/span><span data-contrast=\"auto\">relaten sus experiencias propias y de su familia con la milpa.<\/span><span data-ccp-props=\"{&quot;335559731&quot;:708}\">\u00a0<\/span><\/p>\n<p><span data-contrast=\"auto\">L<\/span><span data-contrast=\"auto\">a convocatoria para <\/span><span data-contrast=\"auto\">participar<\/span><span data-contrast=\"auto\"> puede consultarse en <\/span><i><span data-contrast=\"auto\">Facebook<\/span><\/i><span data-contrast=\"auto\">: <\/span><a href=\"https:\/\/www.facebook.com\/La-Milpa-1648067628764743\/\" target=\"_blank\" rel=\"noopener noreferrer\"><span data-contrast=\"none\">https:\/\/www.facebook.com\/La-Milpa-1648067628764743\/<\/span><\/a><span data-contrast=\"auto\">.<\/span><span data-ccp-props=\"{&quot;335559731&quot;:708}\">\u00a0<\/span><\/p>\n","protected":false},"excerpt":{"rendered":"<p>La convocatoria para participar puede consultarse en <em>Facebook<\/em>: https:\/\/www.facebook.com\/La-Milpa-1648067628764743\/ <\/p>\n","protected":false},"author":1775,"featured_media":72986,"comment_status":"closed","ping_status":"closed","sticky":false,"template":"","format":"standard","meta":{"footnotes":""},"categories":[47],"tags":[],"class_list":["post-73197","post","type-post","status-publish","format-standard","has-post-thumbnail","hentry","category-eventos"],"_links":{"self":[{"href":"https:\/\/www.uv.mx\/prensa\/wp-json\/wp\/v2\/posts\/73197","targetHints":{"allow":["GET"]}}],"collection":[{"href":"https:\/\/www.uv.mx\/prensa\/wp-json\/wp\/v2\/posts"}],"about":[{"href":"https:\/\/www.uv.mx\/prensa\/wp-json\/wp\/v2\/types\/post"}],"author":[{"embeddable":true,"href":"https:\/\/www.uv.mx\/prensa\/wp-json\/wp\/v2\/users\/1775"}],"replies":[{"embeddable":true,"href":"https:\/\/www.uv.mx\/prensa\/wp-json\/wp\/v2\/comments?post=73197"}],"version-history":[{"count":0,"href":"https:\/\/www.uv.mx\/prensa\/wp-json\/wp\/v2\/posts\/73197\/revisions"}],"wp:featuredmedia":[{"embeddable":true,"href":"https:\/\/www.uv.mx\/prensa\/wp-json\/wp\/v2\/media\/72986"}],"wp:attachment":[{"href":"https:\/\/www.uv.mx\/prensa\/wp-json\/wp\/v2\/media?parent=73197"}],"wp:term":[{"taxonomy":"category","embeddable":true,"href":"https:\/\/www.uv.mx\/prensa\/wp-json\/wp\/v2\/categories?post=73197"},{"taxonomy":"post_tag","embeddable":true,"href":"https:\/\/www.uv.mx\/prensa\/wp-json\/wp\/v2\/tags?post=73197"}],"curies":[{"name":"wp","href":"https:\/\/api.w.org\/{rel}","templated":true}]}}