{"id":73131,"date":"2019-09-11T22:16:00","date_gmt":"2019-09-12T03:16:00","guid":{"rendered":"https:\/\/www.uv.mx\/prensa\/?p=73131"},"modified":"2019-09-11T22:36:10","modified_gmt":"2019-09-12T03:36:10","slug":"sepomex-cancelo-estampilla-postal-del-75-aniversario-de-la-uv","status":"publish","type":"post","link":"https:\/\/www.uv.mx\/prensa\/banner\/sepomex-cancelo-estampilla-postal-del-75-aniversario-de-la-uv\/","title":{"rendered":"SEPOMEX cancel\u00f3 estampilla postal del 75 aniversario de la UV"},"content":{"rendered":"<ul>\n<li><em>La cancelaci\u00f3n de primer d\u00eda de emisi\u00f3n marca el inicio oficial de circulaci\u00f3n de este timbre postal<\/em><\/li>\n<li><em>La Rectora, el Abogado General, el Director Regional Sur de SEPOMEX y el Gerente Estatal del servicio postal encabezaron la ceremonia<\/em><\/li>\n<\/ul>\n<p>&nbsp;<\/p>\n<div id='gallery-1' class='gallery galleryid-73131 gallery-columns-2 gallery-size-full'><dl class='gallery-item'>\n\t\t\t<dt class='gallery-icon landscape'>\n\t\t\t\t<a href='https:\/\/www.uv.mx\/prensa\/files\/2019\/09\/110919-Estampilla-UV-1.jpg'><img loading=\"lazy\" decoding=\"async\" width=\"722\" height=\"481\" src=\"https:\/\/www.uv.mx\/prensa\/files\/2019\/09\/110919-Estampilla-UV-1.jpg\" class=\"attachment-full size-full\" alt=\"\" aria-describedby=\"gallery-1-73135\" srcset=\"https:\/\/www.uv.mx\/prensa\/files\/2019\/09\/110919-Estampilla-UV-1.jpg 722w, https:\/\/www.uv.mx\/prensa\/files\/2019\/09\/110919-Estampilla-UV-1-300x200.jpg 300w\" sizes=\"auto, (max-width: 722px) 100vw, 722px\" \/><\/a>\n\t\t\t<\/dt>\n\t\t\t\t<dd class='wp-caption-text gallery-caption' id='gallery-1-73135'>\n\t\t\t\tAutoridades de la Universidad y de SEPOMEX encabezaron la ceremonia de cancelaci\u00f3n de primer d\u00eda de emisi\u00f3n\n\t\t\t\t<\/dd><\/dl><dl class='gallery-item'>\n\t\t\t<dt class='gallery-icon landscape'>\n\t\t\t\t<a href='https:\/\/www.uv.mx\/prensa\/files\/2019\/09\/110919-Estampilla-UV-2.jpg'><img loading=\"lazy\" decoding=\"async\" width=\"722\" height=\"482\" src=\"https:\/\/www.uv.mx\/prensa\/files\/2019\/09\/110919-Estampilla-UV-2.jpg\" class=\"attachment-full size-full\" alt=\"\" aria-describedby=\"gallery-1-73133\" srcset=\"https:\/\/www.uv.mx\/prensa\/files\/2019\/09\/110919-Estampilla-UV-2.jpg 722w, https:\/\/www.uv.mx\/prensa\/files\/2019\/09\/110919-Estampilla-UV-2-300x200.jpg 300w\" sizes=\"auto, (max-width: 722px) 100vw, 722px\" \/><\/a>\n\t\t\t<\/dt>\n\t\t\t\t<dd class='wp-caption-text gallery-caption' id='gallery-1-73133'>\n\t\t\t\tSara Ladr\u00f3n de Guevara cancela la estampilla usando un sello con tinta roja junto al Director Regional Sur de SEPOMEX, Enrique Gerardo Nocedal Palafox\n\t\t\t\t<\/dd><\/dl><br style=\"clear: both\" \/>\n\t\t<\/div>\n\n<p>&nbsp;<\/p>\n<p><strong><em>Edgar Onofre <\/em><\/strong><\/p>\n<p><strong><em>11\/09\/2019\/ Xalapa, Ver.-<\/em><\/strong> El Servicio Postal Mexicano (SEPOMEX) cancel\u00f3 este mi\u00e9rcoles <a href=\"https:\/\/www.uv.mx\/75aniversario\/conmemoracion\/timbre-postal\/\" target=\"_blank\" rel=\"noopener noreferrer\">la estampilla que conmemora el 75 aniversario de la fundaci\u00f3n de la Universidad Veracruzana (UV)<\/a>, lo que marca el inicio oficial de circulaci\u00f3n de este timbre postal.<\/p>\n<p>La ceremonia de cancelaci\u00f3n de primer d\u00eda de emisi\u00f3n, como se conoce oficialmente al acto, fue realizada momentos antes de iniciar la sesi\u00f3n de Consejo Universitario General (CUG) \u00a0en la que se entreg\u00f3 el Doctorado Honoris Causa de la UV a Bernard Lahire, Jos\u00e9 Ram\u00f3n Coss\u00edo, Mauricio Hardie Beuchot y Ricardo Guerrero Moreno.<\/p>\n<p>La rectora de la Universidad, Sara Ladr\u00f3n de Guevara; el abogado general de la UV, Alberto Islas Reyes; el General de Brigada en Retiro, Enrique Gerardo Nocedal Palafox, Director Regional Sur de SEPOMEX, y el Gerente Estatal del servicio postal, Juan Manuel Contreras Espinosa, encabezaron la ceremonia en la que se impuso a la estampilla conmemorativa un sello especialmente dise\u00f1ado para la conmemoraci\u00f3n.<\/p>\n<p>Usando tinta roja, el sello se imprime sobre la estampilla en lo que se denomina \u201cprotocolo de cancelaci\u00f3n de primer d\u00eda de emisi\u00f3n\u201d. Al concluir \u00e9ste, la estampilla empieza a circular oficialmente.<\/p>\n<p>La ceremonia de cancelaci\u00f3n se realiz\u00f3 ante consejeros universitarios reunidos la Sala de Conciertos Tlaqn\u00e1, en presencia de invitados especiales, miembros de la Junta de Gobierno, autoridades de los gobiernos estatal y municipal y de la ANUIES, por mencionar algunos, y en \u00e9sta tambi\u00e9n participaron los secretarios universitarios, Magdalena Hern\u00e1ndez Alarc\u00f3n, Salvador tapia Spinoso y Octavio Ochoa Contreras.<\/p>\n<p>&nbsp;<\/p>\n<div id=\"attachment_73132\" style=\"width: 732px\" class=\"wp-caption aligncenter\"><a href=\"https:\/\/www.uv.mx\/prensa\/files\/2019\/09\/110919-Estampilla-UV-3.jpg\"><img loading=\"lazy\" decoding=\"async\" aria-describedby=\"caption-attachment-73132\" class=\"wp-image-73132 size-full\" src=\"https:\/\/www.uv.mx\/prensa\/files\/2019\/09\/110919-Estampilla-UV-3.jpg\" alt=\"\" width=\"722\" height=\"433\" srcset=\"https:\/\/www.uv.mx\/prensa\/files\/2019\/09\/110919-Estampilla-UV-3.jpg 722w, https:\/\/www.uv.mx\/prensa\/files\/2019\/09\/110919-Estampilla-UV-3-300x180.jpg 300w\" sizes=\"auto, (max-width: 722px) 100vw, 722px\" \/><\/a><p id=\"caption-attachment-73132\" class=\"wp-caption-text\">El timbre postal conmemorativo ya se encuentra en circulaci\u00f3n<\/p><\/div>\n","protected":false},"excerpt":{"rendered":"<p>La cancelaci\u00f3n de primer d\u00eda de emisi\u00f3n marca el inicio oficial de circulaci\u00f3n de este timbre postal<\/p>\n","protected":false},"author":1508,"featured_media":73134,"comment_status":"closed","ping_status":"closed","sticky":false,"template":"","format":"standard","meta":{"footnotes":""},"categories":[61],"tags":[],"class_list":["post-73131","post","type-post","status-publish","format-standard","has-post-thumbnail","hentry","category-banner"],"_links":{"self":[{"href":"https:\/\/www.uv.mx\/prensa\/wp-json\/wp\/v2\/posts\/73131","targetHints":{"allow":["GET"]}}],"collection":[{"href":"https:\/\/www.uv.mx\/prensa\/wp-json\/wp\/v2\/posts"}],"about":[{"href":"https:\/\/www.uv.mx\/prensa\/wp-json\/wp\/v2\/types\/post"}],"author":[{"embeddable":true,"href":"https:\/\/www.uv.mx\/prensa\/wp-json\/wp\/v2\/users\/1508"}],"replies":[{"embeddable":true,"href":"https:\/\/www.uv.mx\/prensa\/wp-json\/wp\/v2\/comments?post=73131"}],"version-history":[{"count":0,"href":"https:\/\/www.uv.mx\/prensa\/wp-json\/wp\/v2\/posts\/73131\/revisions"}],"wp:featuredmedia":[{"embeddable":true,"href":"https:\/\/www.uv.mx\/prensa\/wp-json\/wp\/v2\/media\/73134"}],"wp:attachment":[{"href":"https:\/\/www.uv.mx\/prensa\/wp-json\/wp\/v2\/media?parent=73131"}],"wp:term":[{"taxonomy":"category","embeddable":true,"href":"https:\/\/www.uv.mx\/prensa\/wp-json\/wp\/v2\/categories?post=73131"},{"taxonomy":"post_tag","embeddable":true,"href":"https:\/\/www.uv.mx\/prensa\/wp-json\/wp\/v2\/tags?post=73131"}],"curies":[{"name":"wp","href":"https:\/\/api.w.org\/{rel}","templated":true}]}}