{"id":73104,"date":"2019-09-11T21:12:21","date_gmt":"2019-09-12T02:12:21","guid":{"rendered":"https:\/\/www.uv.mx\/prensa\/?p=73104"},"modified":"2019-09-18T13:45:45","modified_gmt":"2019-09-18T18:45:45","slug":"la-filosofia-se-esta-asentando-en-un-nuevo-realismo-mauricio-beuchot","status":"publish","type":"post","link":"https:\/\/www.uv.mx\/prensa\/banner\/la-filosofia-se-esta-asentando-en-un-nuevo-realismo-mauricio-beuchot\/","title":{"rendered":"La filosof\u00eda se est\u00e1 asentando en un Nuevo Realismo: Mauricio Beuchot"},"content":{"rendered":"<ul>\n<li data-leveltext=\"\uf0b7\" data-font=\"Symbol\" data-listid=\"1\" data-aria-posinset=\"1\" data-aria-level=\"1\"><i><span data-contrast=\"auto\">T<\/span><\/i><i><span data-contrast=\"auto\">iene como elemento identificador la juventud de sus autores que adem\u00e1s son brillantes, como <\/span><\/i><i><span data-contrast=\"auto\">Maurizio<\/span><\/i> <i><span data-contrast=\"auto\">Ferraris<\/span><\/i><i><span data-contrast=\"auto\"> y Quentin <\/span><\/i><i><span data-contrast=\"auto\">Meillassoux<\/span><\/i><i><span data-contrast=\"auto\">, \u201cque est\u00e1n siendo sumamente seguidos en la filosof\u00eda y en el estudio de sus propuestas\u201d<\/span><\/i><i><span data-contrast=\"auto\">, afirm\u00f3<\/span><\/i><span data-ccp-props=\"{&quot;134233279&quot;:true}\">\u00a0<\/span><\/li>\n<li data-leveltext=\"\uf0b7\" data-font=\"Symbol\" data-listid=\"1\" data-aria-posinset=\"2\" data-aria-level=\"1\"><i><span data-contrast=\"auto\">\u201cU<\/span><\/i><i><span data-contrast=\"auto\">na hermen\u00e9utica sin ontolog\u00eda es como ir de viaje en el desierto<\/span><\/i><i><span data-contrast=\"auto\"> sin un mapa\u201d, expres\u00f3 el fil\u00f3sofo<\/span><\/i><span data-ccp-props=\"{&quot;134233279&quot;:true}\">\u00a0<\/span><\/li>\n<\/ul>\n<p>&nbsp;<\/p>\n<div id=\"attachment_73098\" style=\"width: 732px\" class=\"wp-caption aligncenter\"><a href=\"https:\/\/www.uv.mx\/prensa\/files\/2019\/09\/110919-Beuchot.jpg\"><img loading=\"lazy\" decoding=\"async\" aria-describedby=\"caption-attachment-73098\" class=\"size-full wp-image-73098\" src=\"https:\/\/www.uv.mx\/prensa\/files\/2019\/09\/110919-Beuchot.jpg\" alt=\"\" width=\"722\" height=\"476\" srcset=\"https:\/\/www.uv.mx\/prensa\/files\/2019\/09\/110919-Beuchot.jpg 722w, https:\/\/www.uv.mx\/prensa\/files\/2019\/09\/110919-Beuchot-300x198.jpg 300w\" sizes=\"auto, (max-width: 722px) 100vw, 722px\" \/><\/a><p id=\"caption-attachment-73098\" class=\"wp-caption-text\">Mauricio Beuchot disert\u00f3 en el Auditorio \u201cJes\u00fas Morales Fern\u00e1ndez\u201d<\/p><\/div>\n<p>&nbsp;<\/p>\n<p><b><i><span data-contrast=\"auto\">David Sandoval Rodr\u00edguez<\/span><\/i><\/b><span data-ccp-props=\"{}\">\u00a0<\/span><\/p>\n<p><b><i><span data-contrast=\"auto\">11\/09\/<\/span><\/i><\/b><b><i><span data-contrast=\"auto\">20<\/span><\/i><\/b><b><i><span data-contrast=\"auto\">19<\/span><\/i><\/b><b><i><span data-contrast=\"auto\">,<\/span><\/i><\/b><b><i><span data-contrast=\"auto\"> Xalapa, Ver.-<\/span><\/i><\/b> <span data-contrast=\"auto\">En la actualidad el concepto y el debate en torno a la posmodernidad ha salido de las aulas universitarias, expres\u00f3 <\/span><span data-contrast=\"auto\">Mauricio Hardie Beuchot Puente<\/span><span data-contrast=\"auto\">, fil\u00f3sofo e investigador del Instituto<\/span><span data-contrast=\"auto\"> de Investigaciones Filol\u00f3gicas (IIFL) <\/span><span data-contrast=\"auto\">de la Universidad Nacional Aut\u00f3noma de M\u00e9xico (UNAM)<\/span><span data-contrast=\"auto\">,<\/span><span data-contrast=\"auto\"> quien <\/span><span data-contrast=\"auto\">ofreci\u00f3<\/span><span data-contrast=\"auto\"> una conferencia <\/span><span data-contrast=\"auto\">magistral <\/span><span data-contrast=\"auto\">en la Unidad de Humanidades de la Universidad Veracruzana (UV).<\/span><span data-ccp-props=\"{}\">\u00a0<\/span><\/p>\n<p><span data-contrast=\"auto\">Invitado por la <a href=\"https:\/\/www.uv.mx\/filosofia\/\">Facultad de Filosof\u00eda<\/a> y teniendo como sede el <\/span><span data-contrast=\"auto\">A<\/span><span data-contrast=\"auto\">uditorio \u201cJes\u00fas Morales<\/span><span data-contrast=\"auto\"> Fern\u00e1ndez<\/span><span data-contrast=\"auto\">\u201d, <\/span><span data-contrast=\"auto\">Beuchot<\/span><span data-contrast=\"auto\"> Puente<\/span> <span data-contrast=\"auto\">disert\u00f3 sobre<\/span> <span data-contrast=\"auto\">\u201c<\/span><span data-contrast=\"auto\">Algunas perspe<\/span><span data-contrast=\"auto\">ctivas actuales de la f<\/span><span data-contrast=\"auto\">ilosof\u00eda\u201d<\/span><span data-contrast=\"auto\"> y<\/span><span data-contrast=\"auto\"> traz\u00f3 una v\u00eda desde los problemas que abordaba la filosof\u00eda hace <\/span><span data-contrast=\"auto\">30<\/span><span data-contrast=\"auto\"> a\u00f1os a la actualidad, destacando que en <\/span><span data-contrast=\"auto\">la UNAM <\/span><span data-contrast=\"auto\">el posmodernismo y la posmodernidad ya no son tema de debate.<\/span><span data-ccp-props=\"{}\">\u00a0<\/span><\/p>\n<p><span data-contrast=\"auto\">Existe una nueva corriente \u201cque podr\u00edamos llamar la <\/span><span data-contrast=\"auto\">pos-posmodernidad<\/span><span data-contrast=\"auto\"> porque se da como reacci\u00f3n contra la posmodernidad; de hecho, por lo menos en <\/span><span data-contrast=\"auto\">la F<\/span><span data-contrast=\"auto\">acultad <\/span><span data-contrast=\"auto\">de Filosof\u00eda de mi universidad <\/span><span data-contrast=\"auto\">ya desa<\/span><span data-contrast=\"auto\">pareci\u00f3, est\u00e1 de salida y es<\/span><span data-contrast=\"auto\"> obsoleta, hay nuevas corrientes como el nuevo realismo\u201d, dijo.<\/span><span data-ccp-props=\"{}\">\u00a0<\/span><\/p>\n<p><span data-contrast=\"auto\">Este nuevo realismo tiene como elemento identificador la juventud de sus autores que adem\u00e1s son brillantes, como <\/span><span data-contrast=\"auto\">Maurizio<\/span> <span data-contrast=\"auto\">Ferraris<\/span><span data-contrast=\"auto\"> y Quentin <\/span><span data-contrast=\"auto\">Me<\/span><span data-contrast=\"auto\">i<\/span><span data-contrast=\"auto\">ll<\/span><span data-contrast=\"auto\">assoux<\/span><span data-contrast=\"auto\">, \u201cque est\u00e1n siendo sumamente seguidos en la filosof\u00eda y en el estudio de sus propuestas\u201d.<\/span><span data-ccp-props=\"{}\">\u00a0<\/span><\/p>\n<p><span data-contrast=\"auto\">Plante\u00f3 que deber\u00edan considerarse como nuevos realismos porque son muy diferentes, no pugnan por una vuelta a la modernidad y al parecer <\/span><span data-contrast=\"auto\">demuestran que <\/span><span data-contrast=\"auto\">hubo un cansancio del relativismo posmoderno.<\/span><span data-ccp-props=\"{}\">\u00a0<\/span><\/p>\n<p><span data-contrast=\"auto\">Mencion\u00f3 a <\/span><span data-contrast=\"auto\">Graham<\/span><span data-contrast=\"auto\"> Harman<\/span><span data-contrast=\"auto\">, <\/span><span data-contrast=\"auto\">fil\u00f3sofo que propone un realismo orientado a objetos<\/span><span data-contrast=\"auto\">,<\/span><span data-contrast=\"auto\"> y <\/span><span data-contrast=\"auto\">a <\/span><span data-contrast=\"auto\">Markus<\/span><span data-contrast=\"auto\"> Gabriel, quien a sus 26 a\u00f1os ya era el<\/span><span data-contrast=\"auto\"> profesor m\u00e1s joven de Alemania y presenta un \u201chiperrealismo de los <\/span><span data-contrast=\"auto\">objetos, es decir un realismo fuerte, contundente, un poco extra\u00f1o porque niega la realidad, es una cosa curiosa, semejante a la teor\u00eda de conjuntos\u201d, explic\u00f3.<\/span><span data-ccp-props=\"{}\">\u00a0<\/span><\/p>\n<p><span data-contrast=\"auto\">Parad\u00f3jicamente \u201ctodos ellos fueron alumnos de fil\u00f3so<\/span><span data-contrast=\"auto\">fos posmodernos, por <\/span><span data-contrast=\"auto\">ejemplo<\/span><span data-contrast=\"auto\">,<\/span> <span data-contrast=\"auto\">Me<\/span><span data-contrast=\"auto\">i<\/span><span data-contrast=\"auto\">ll<\/span><span data-contrast=\"auto\">assoux<\/span><span data-contrast=\"auto\"> fue disc\u00edpulo de Alain <\/span><span data-contrast=\"auto\">Badiou<\/span><span data-contrast=\"auto\">, <\/span><span data-contrast=\"auto\">quien<\/span><span data-contrast=\"auto\"> a su vez fue disc\u00edpulo de Gilles <\/span><span data-contrast=\"auto\">Deleuze<\/span><span data-contrast=\"auto\">\u201d, coment\u00f3.<\/span><span data-ccp-props=\"{}\">\u00a0<\/span><\/p>\n<p><span data-contrast=\"auto\">Su inter\u00e9s actual es recuperar el realismo para la hermen\u00e9utica, \u201cporque, a diferencia de lo que dice Gianni <\/span><span data-contrast=\"auto\">Vattimo<\/span><span data-contrast=\"auto\">, creo que una hermen\u00e9utica sin ontolog\u00eda es como ir de viaje en el desierto o en la selva sin un mapa y <\/span><span data-contrast=\"auto\">debemos<\/span><span data-contrast=\"auto\"> tener un mapa de la realidad, que es lo que se est\u00e1 haciendo ahora con el nuevo realismo\u201d.<\/span><span data-ccp-props=\"{&quot;335559731&quot;:708}\">\u00a0<\/span><\/p>\n<p><span data-contrast=\"auto\">Ello significa adem\u00e1s una gran oportunidad para la hermen\u00e9utica anal\u00f3gica, concepto desarrollado por el propio Beuchot, \u201cporque tiene una ontolog\u00eda que la sus<\/span><span data-contrast=\"auto\">tenta pero no un\u00edvoca, es decir<\/span><span data-contrast=\"auto\"> ingenua, como se tuvo en el positivismo l\u00f3gico\u201d.<\/span><span data-ccp-props=\"{&quot;335559731&quot;:708}\">\u00a0<\/span><\/p>\n<p><span data-contrast=\"auto\">Dijo que los estructuralistas tambi\u00e9n han dejado de tener presencia en el quehacer filos\u00f3fico y comparti\u00f3 que al consultar a su colega Concepci\u00f3n Company <\/span><span data-contrast=\"auto\">Company<\/span><span data-contrast=\"auto\"> \u2013<\/span><span data-contrast=\"auto\">M<\/span><span data-contrast=\"auto\">edalla <\/span><span data-contrast=\"auto\">al M<\/span><span data-contrast=\"auto\">\u00e9rito UV 2018<\/span><span data-contrast=\"auto\">\u2013<\/span><span data-contrast=\"auto\"> sobre d\u00f3nde estaban los estructuralistas<\/span><span data-contrast=\"auto\">,<\/span><span data-contrast=\"auto\"> ella respondi\u00f3: \u201cen las cavernas\u201d, refiri\u00e9ndose al hecho de haber sido superados por otros enfoques te\u00f3ricos.<\/span><span data-ccp-props=\"{&quot;335559731&quot;:708}\">\u00a0<\/span><\/p>\n<p><span data-contrast=\"auto\">No obstante, <\/span><span data-contrast=\"auto\">record\u00f3 que uno de los fil\u00f3sofos m\u00e1s influyentes en las perspectivas actuales ha sido Charles Sanders Peirce, <\/span><span data-contrast=\"auto\">\u201cfue muy importante y ahora se est\u00e1 trabajando mucho a Peirce, junto a William James y John Dewey, pero para m\u00ed el mejor sigue siendo el primero\u201d.<\/span><span data-ccp-props=\"{}\">\u00a0<\/span><\/p>\n<p><span data-contrast=\"auto\">Adriana <\/span><span data-contrast=\"auto\">Menass\u00e9<\/span><span data-contrast=\"auto\"> Temple, directora del Instituto de Filosof\u00eda de la UV, present<\/span><span data-contrast=\"auto\">\u00f3 <\/span><span data-contrast=\"auto\">al ponente que recibir\u00e1 el Doctorado <\/span><i><span data-contrast=\"auto\">Honoris Causa<\/span><\/i><span data-contrast=\"auto\"> por la m\u00e1xima casa de estudios del estado este mismo d\u00eda.<\/span><span data-ccp-props=\"{&quot;335559731&quot;:708}\">\u00a0<\/span><\/p>\n<p><span data-contrast=\"auto\">Record\u00f3 que Beuchot Puente es autor de m\u00e1s de 112 libros y numerosos art\u00edculos<\/span><span data-contrast=\"auto\">;<\/span><span data-contrast=\"auto\"> cuenta<\/span><span data-contrast=\"auto\"> con m\u00e1s de <\/span><span data-contrast=\"auto\">30 <\/span><span data-contrast=\"auto\">a\u00f1os de trayectoria, adem\u00e1s de haber propuesto el enfoque de la hermen\u00e9utica anal\u00f3gica<\/span><span data-contrast=\"auto\">, reconocida a nivel internacional<\/span><span data-contrast=\"auto\">.<\/span><span data-ccp-props=\"{}\">\u00a0<\/span><\/p>\n<p><span data-contrast=\"auto\">\u201cLa relaci\u00f3n del ponente con la UV data desde hace mucho tiempo, <\/span><span data-contrast=\"auto\">por lo menos desde los a\u00f1os ochenta dado que ha sido un frecuente conferencista y profesor invitado a nuestras aulas; desde aquellos a\u00f1os compart\u00eda y discut\u00eda sus propuestas en Xalapa\u201d, <\/span><span data-contrast=\"auto\">comparti\u00f3<\/span> <span data-contrast=\"auto\">Menass\u00e9<\/span><span data-contrast=\"auto\"> Temple.<\/span><span data-ccp-props=\"{}\">\u00a0<\/span><\/p>\n","protected":false},"excerpt":{"rendered":"<p> Tiene como elemento identificador la juventud de sus autores que adem\u00e1s son brillantes, como Maurizio Ferraris y Quentin Meillassoux, \u201cque est\u00e1n siendo sumamente seguidos en la filosof\u00eda y en el estudio de sus propuestas\u201d, afirm\u00f3 <\/p>\n","protected":false},"author":1508,"featured_media":73097,"comment_status":"closed","ping_status":"closed","sticky":false,"template":"","format":"standard","meta":{"footnotes":""},"categories":[61],"tags":[],"class_list":["post-73104","post","type-post","status-publish","format-standard","has-post-thumbnail","hentry","category-banner"],"_links":{"self":[{"href":"https:\/\/www.uv.mx\/prensa\/wp-json\/wp\/v2\/posts\/73104","targetHints":{"allow":["GET"]}}],"collection":[{"href":"https:\/\/www.uv.mx\/prensa\/wp-json\/wp\/v2\/posts"}],"about":[{"href":"https:\/\/www.uv.mx\/prensa\/wp-json\/wp\/v2\/types\/post"}],"author":[{"embeddable":true,"href":"https:\/\/www.uv.mx\/prensa\/wp-json\/wp\/v2\/users\/1508"}],"replies":[{"embeddable":true,"href":"https:\/\/www.uv.mx\/prensa\/wp-json\/wp\/v2\/comments?post=73104"}],"version-history":[{"count":0,"href":"https:\/\/www.uv.mx\/prensa\/wp-json\/wp\/v2\/posts\/73104\/revisions"}],"wp:featuredmedia":[{"embeddable":true,"href":"https:\/\/www.uv.mx\/prensa\/wp-json\/wp\/v2\/media\/73097"}],"wp:attachment":[{"href":"https:\/\/www.uv.mx\/prensa\/wp-json\/wp\/v2\/media?parent=73104"}],"wp:term":[{"taxonomy":"category","embeddable":true,"href":"https:\/\/www.uv.mx\/prensa\/wp-json\/wp\/v2\/categories?post=73104"},{"taxonomy":"post_tag","embeddable":true,"href":"https:\/\/www.uv.mx\/prensa\/wp-json\/wp\/v2\/tags?post=73104"}],"curies":[{"name":"wp","href":"https:\/\/api.w.org\/{rel}","templated":true}]}}