{"id":73102,"date":"2019-09-11T15:03:58","date_gmt":"2019-09-11T20:03:58","guid":{"rendered":"https:\/\/www.uv.mx\/prensa\/?p=73102"},"modified":"2019-09-18T13:51:08","modified_gmt":"2019-09-18T18:51:08","slug":"difusion-cultural-inauguro-1o-festival-de-mariachi-uv","status":"publish","type":"post","link":"https:\/\/www.uv.mx\/prensa\/cultura\/difusion-cultural-inauguro-1o-festival-de-mariachi-uv\/","title":{"rendered":"Difusi\u00f3n Cultural inaugur\u00f3 1\u00ba Festival de Mariachi UV"},"content":{"rendered":"<ul>\n<li data-leveltext=\"\uf0b7\" data-font=\"Symbol\" data-listid=\"5\" data-aria-posinset=\"1\" data-aria-level=\"1\"><i><span data-contrast=\"auto\">Este evento que se desarrollar\u00e1 hasta el 13 de septiembre incluir\u00e1 recitales, clases maestras, conferencias y presentaciones art\u00edsticas<\/span><\/i><span data-ccp-props=\"{}\">\u00a0<\/span><\/li>\n<\/ul>\n<p>&nbsp;<\/p>\n<div id=\"attachment_73099\" style=\"width: 732px\" class=\"wp-caption aligncenter\"><a href=\"https:\/\/www.uv.mx\/prensa\/files\/2019\/09\/110919-Festival-Mariachi-1.jpg\"><img loading=\"lazy\" decoding=\"async\" aria-describedby=\"caption-attachment-73099\" class=\"size-full wp-image-73099\" src=\"https:\/\/www.uv.mx\/prensa\/files\/2019\/09\/110919-Festival-Mariachi-1.jpg\" alt=\"\" width=\"722\" height=\"481\" srcset=\"https:\/\/www.uv.mx\/prensa\/files\/2019\/09\/110919-Festival-Mariachi-1.jpg 722w, https:\/\/www.uv.mx\/prensa\/files\/2019\/09\/110919-Festival-Mariachi-1-300x200.jpg 300w\" sizes=\"auto, (max-width: 722px) 100vw, 722px\" \/><\/a><p id=\"caption-attachment-73099\" class=\"wp-caption-text\">El festival fue inaugurado por autoridades universitarias<\/p><\/div>\n<p>&nbsp;<\/p>\n<p><b><i><span data-contrast=\"auto\">Carlos Hugo Hermida Rosales<\/span><\/i><\/b><span data-ccp-props=\"{}\">\u00a0<\/span><\/p>\n<p><b><i><span data-contrast=\"auto\">11\/09\/2019, Xalapa, <\/span><\/i><\/b><b><i><span data-contrast=\"auto\">Ver.-<\/span><\/i><\/b> <span data-contrast=\"auto\">La Universidad Veracruzana (UV), a trav\u00e9s de la <a href=\"https:\/\/www.uv.mx\/difusioncultural\/\">Direcci\u00f3n General de Difusi\u00f3n Cultural<\/a> (DGDC), inaugur\u00f3 el 11 de septiembre en el foro de esta dependencia universitaria el <\/span><span data-contrast=\"none\">1\u00ba Festival de Mariachi UV, que se realizar\u00e1 hasta el 13 del mismo mes <\/span><span data-contrast=\"none\">con el<\/span><span data-contrast=\"none\"> objetivo d<\/span><span data-contrast=\"none\">e d<\/span><span data-contrast=\"none\">ar a conocer <\/span><span data-contrast=\"auto\">la m\u00fasica de Mariachi mediante la presentaci\u00f3n de trabajos art\u00edsticos y musicales.<\/span><span data-ccp-props=\"{}\">\u00a0<\/span><\/p>\n<p><span data-contrast=\"auto\">El evento inaugural fue encabezado por <\/span><span data-contrast=\"auto\">Juan Rafael Alcal\u00e1 Hinojosa, <\/span><span data-contrast=\"auto\">titular de la DGDC, qu<\/span><span data-contrast=\"auto\">i<\/span><span data-contrast=\"auto\">e<\/span><span data-contrast=\"auto\">n<\/span><span data-contrast=\"auto\"> estuvo acompa\u00f1ado por <\/span><span data-contrast=\"auto\">Rey Alejandro Conde Valdivia, director de Grupos Art\u00edsticos<\/span><span data-contrast=\"auto\">; <\/span><span data-contrast=\"auto\">Jor<\/span><span data-contrast=\"auto\">ge Iv\u00e1n Velasco L\u00f3pez, director art\u00edstico del <\/span><span data-contrast=\"auto\">Mariachi Universitario<\/span><span data-contrast=\"auto\">,<\/span><span data-contrast=\"auto\"> adem\u00e1s de <\/span><span data-contrast=\"auto\">m\u00fasicos<\/span><span data-contrast=\"auto\"> asistentes al festival.<\/span><span data-ccp-props=\"{&quot;335559731&quot;:708}\">\u00a0<\/span><\/p>\n<p><span data-contrast=\"auto\">Alcal\u00e1 Hinojosa <\/span><span data-contrast=\"auto\">asegur\u00f3 <\/span><span data-contrast=\"auto\">que el <\/span><span data-contrast=\"none\">1\u00ba Festival de Mariachi UV fortalecer\u00e1 las ra\u00edces de m\u00fasica folcl\u00f3rica y regional del pa\u00eds, hecho que <\/span><span data-contrast=\"none\">fortalece <\/span><span data-contrast=\"none\">la identidad y brinda un mayor sentido de pertenencia a sus habitantes.\u00a0<\/span><span data-ccp-props=\"{&quot;335559731&quot;:708}\">\u00a0<\/span><\/p>\n<p><span data-contrast=\"auto\">Agreg\u00f3 que un beneficio extra de este festival es que cuenta con clases instrumentales y maestras que ayudar\u00e1n a la profesionalizaci\u00f3n de los m\u00fasicos.<\/span><span data-ccp-props=\"{&quot;335559731&quot;:708}\">\u00a0<\/span><\/p>\n<p><span data-contrast=\"auto\">\u201cEstas clases le muestran a quienes se desenvuelven en el \u00e1mbito de la m\u00fasica aquello que pueden llevar a cabo desde un enfoque profesional\u201d, afirm\u00f3.<\/span><span data-ccp-props=\"{&quot;335559731&quot;:708}\">\u00a0<\/span><\/p>\n<p><span data-contrast=\"auto\">Jes\u00fas Antonio Fern\u00e1ndez Morales, asistente de direcci\u00f3n del Mariachi Universitario <\/span><span data-contrast=\"auto\">y encargado<\/span><span data-contrast=\"auto\"> de la clase instrumental de viol\u00edn, comparti\u00f3 que en esta instrucci\u00f3n los particip<\/span><span data-contrast=\"auto\">antes trabajar\u00e1<\/span><span data-contrast=\"auto\">n<\/span><span data-contrast=\"auto\"> con melod\u00edas de diversos g\u00e9neros como boleros, son y m\u00fasica latinoamericana.<\/span><span data-ccp-props=\"{&quot;335559731&quot;:708}\">\u00a0<\/span><\/p>\n<p><span data-contrast=\"auto\">\u201cLa diversidad de g\u00e9neros brindar\u00e1 a los asistentes<\/span><span data-contrast=\"auto\"> la oportunidad de<\/span><span data-contrast=\"auto\"> conocer las diferentes mec\u00e1nicas que se usan dentro de la m\u00fasica de mariachi\u201d, explic\u00f3.<\/span><span data-ccp-props=\"{&quot;335559731&quot;:708}\">\u00a0<\/span><\/p>\n<p><span data-contrast=\"auto\">Enfatiz\u00f3 que es importante<\/span><span data-contrast=\"auto\"> que<\/span><span data-contrast=\"auto\"> quienes se desenvuelven en el \u00e1mbito musical se preparen continuamente, ya que la m\u00fasica avanza y exige a sus int\u00e9rpre<\/span><span data-contrast=\"auto\">tes mucho estudio y t\u00e9cnica.<\/span><span data-ccp-props=\"{&quot;335559731&quot;:708}\">\u00a0<\/span><\/p>\n<p><span data-contrast=\"auto\">Yolotzin<\/span><span data-contrast=\"auto\"> Campos Loyo,<\/span><span data-contrast=\"auto\"> integra<\/span><span data-contrast=\"auto\">nte del Mariachi Universitario e instructora de la clase instrumental de arpa folcl\u00f3rica, relat\u00f3 que dentro de esta capa<\/span><span data-contrast=\"auto\">citaci\u00f3n los asistentes ensayar\u00e1<\/span><span data-contrast=\"auto\">n algunas piezas para agregarlas a su repertorio,<\/span> <span data-contrast=\"auto\">lo que les ayudar\u00e1 a incrementar<\/span><span data-contrast=\"auto\"> su nivel de t\u00e9cnica.<\/span><span data-ccp-props=\"{&quot;335559731&quot;:708}\">\u00a0<\/span><\/p>\n<p><span data-contrast=\"auto\">Expres\u00f3 que desea que este festival <\/span><span data-contrast=\"auto\">t<\/span><span data-contrast=\"auto\">e<\/span><span data-contrast=\"auto\">nga <\/span><span data-contrast=\"auto\">nuevas ediciones, ya que es muy positivo para la comunidad art\u00edstica regional y nacional.<\/span><\/p>\n<p>&nbsp;<\/p>\n<div id='gallery-1' class='gallery galleryid-73102 gallery-columns-2 gallery-size-full'><dl class='gallery-item'>\n\t\t\t<dt class='gallery-icon landscape'>\n\t\t\t\t<a href='https:\/\/www.uv.mx\/prensa\/files\/2019\/09\/110919-Festival-Mariachi-3.jpg'><img loading=\"lazy\" decoding=\"async\" width=\"722\" height=\"481\" src=\"https:\/\/www.uv.mx\/prensa\/files\/2019\/09\/110919-Festival-Mariachi-3.jpg\" class=\"attachment-full size-full\" alt=\"\" aria-describedby=\"gallery-1-73101\" srcset=\"https:\/\/www.uv.mx\/prensa\/files\/2019\/09\/110919-Festival-Mariachi-3.jpg 722w, https:\/\/www.uv.mx\/prensa\/files\/2019\/09\/110919-Festival-Mariachi-3-300x200.jpg 300w\" sizes=\"auto, (max-width: 722px) 100vw, 722px\" \/><\/a>\n\t\t\t<\/dt>\n\t\t\t\t<dd class='wp-caption-text gallery-caption' id='gallery-1-73101'>\n\t\t\t\tYolotzin Campos Loyo\n\t\t\t\t<\/dd><\/dl><dl class='gallery-item'>\n\t\t\t<dt class='gallery-icon landscape'>\n\t\t\t\t<a href='https:\/\/www.uv.mx\/prensa\/files\/2019\/09\/110919-Festival-Mariachi-2.jpg'><img loading=\"lazy\" decoding=\"async\" width=\"722\" height=\"481\" src=\"https:\/\/www.uv.mx\/prensa\/files\/2019\/09\/110919-Festival-Mariachi-2.jpg\" class=\"attachment-full size-full\" alt=\"\" aria-describedby=\"gallery-1-73100\" srcset=\"https:\/\/www.uv.mx\/prensa\/files\/2019\/09\/110919-Festival-Mariachi-2.jpg 722w, https:\/\/www.uv.mx\/prensa\/files\/2019\/09\/110919-Festival-Mariachi-2-300x200.jpg 300w\" sizes=\"auto, (max-width: 722px) 100vw, 722px\" \/><\/a>\n\t\t\t<\/dt>\n\t\t\t\t<dd class='wp-caption-text gallery-caption' id='gallery-1-73100'>\n\t\t\t\tJes\u00fas Antonio Fern\u00e1ndez Morales\n\t\t\t\t<\/dd><\/dl><br style=\"clear: both\" \/>\n\t\t<\/div>\n\n","protected":false},"excerpt":{"rendered":"<p>\u201cLa diversidad de g\u00e9neros brindar\u00e1 a los asistentes la oportunidad de conocer las diferentes mec\u00e1nicas que se usan dentro de la m\u00fasica de mariachi\u201d, explic\u00f3 Jes\u00fas Fern\u00e1ndez<\/p>\n","protected":false},"author":1508,"featured_media":0,"comment_status":"closed","ping_status":"closed","sticky":false,"template":"","format":"standard","meta":{"footnotes":""},"categories":[11],"tags":[],"class_list":["post-73102","post","type-post","status-publish","format-standard","hentry","category-cultura"],"_links":{"self":[{"href":"https:\/\/www.uv.mx\/prensa\/wp-json\/wp\/v2\/posts\/73102","targetHints":{"allow":["GET"]}}],"collection":[{"href":"https:\/\/www.uv.mx\/prensa\/wp-json\/wp\/v2\/posts"}],"about":[{"href":"https:\/\/www.uv.mx\/prensa\/wp-json\/wp\/v2\/types\/post"}],"author":[{"embeddable":true,"href":"https:\/\/www.uv.mx\/prensa\/wp-json\/wp\/v2\/users\/1508"}],"replies":[{"embeddable":true,"href":"https:\/\/www.uv.mx\/prensa\/wp-json\/wp\/v2\/comments?post=73102"}],"version-history":[{"count":0,"href":"https:\/\/www.uv.mx\/prensa\/wp-json\/wp\/v2\/posts\/73102\/revisions"}],"wp:attachment":[{"href":"https:\/\/www.uv.mx\/prensa\/wp-json\/wp\/v2\/media?parent=73102"}],"wp:term":[{"taxonomy":"category","embeddable":true,"href":"https:\/\/www.uv.mx\/prensa\/wp-json\/wp\/v2\/categories?post=73102"},{"taxonomy":"post_tag","embeddable":true,"href":"https:\/\/www.uv.mx\/prensa\/wp-json\/wp\/v2\/tags?post=73102"}],"curies":[{"name":"wp","href":"https:\/\/api.w.org\/{rel}","templated":true}]}}