{"id":72740,"date":"2019-09-04T08:00:18","date_gmt":"2019-09-04T13:00:18","guid":{"rendered":"https:\/\/www.uv.mx\/prensa\/?p=72740"},"modified":"2019-09-03T18:26:40","modified_gmt":"2019-09-03T23:26:40","slug":"convocatoria-de-coloquio-sobre-culturas-caribenas-sigue-vigente","status":"publish","type":"post","link":"https:\/\/www.uv.mx\/prensa\/eventos\/convocatoria-de-coloquio-sobre-culturas-caribenas-sigue-vigente\/","title":{"rendered":"Convocatoria de coloquio sobre culturas caribe\u00f1as sigue vigente"},"content":{"rendered":"<ul>\n<li data-leveltext=\"\uf0b7\" data-font=\"Symbol\" data-listid=\"1\" data-aria-posinset=\"1\" data-aria-level=\"1\"><i><span data-contrast=\"auto\">El env\u00edo de ponencias tiene com<\/span><\/i><i><span data-contrast=\"auto\">o fecha l\u00edmite el 20 de octubre<\/span><\/i><span data-ccp-props=\"{&quot;134233279&quot;:true,&quot;201341983&quot;:0,&quot;335559739&quot;:160,&quot;335559740&quot;:240}\">\u00a0<\/span><\/li>\n<\/ul>\n<p>&nbsp;<\/p>\n<div id=\"attachment_72625\" style=\"width: 568px\" class=\"wp-caption aligncenter\"><a href=\"https:\/\/www.uv.mx\/prensa\/files\/2019\/08\/Convocatoria-II-Coloquio.jpg\"><img loading=\"lazy\" decoding=\"async\" aria-describedby=\"caption-attachment-72625\" class=\"size-full wp-image-72625\" src=\"https:\/\/www.uv.mx\/prensa\/files\/2019\/08\/Convocatoria-II-Coloquio.jpg\" alt=\"\" width=\"558\" height=\"722\" srcset=\"https:\/\/www.uv.mx\/prensa\/files\/2019\/08\/Convocatoria-II-Coloquio.jpg 558w, https:\/\/www.uv.mx\/prensa\/files\/2019\/08\/Convocatoria-II-Coloquio-232x300.jpg 232w\" sizes=\"auto, (max-width: 558px) 100vw, 558px\" \/><\/a><p id=\"caption-attachment-72625\" class=\"wp-caption-text\">El evento se desarrollar\u00e1 del 2 al 4 de diciembre<\/p><\/div>\n<p>&nbsp;<\/p>\n<p><b><i><span data-contrast=\"auto\">Karina de la Paz Reyes D\u00edaz<\/span><\/i><\/b><span data-ccp-props=\"{&quot;134233279&quot;:true,&quot;201341983&quot;:0,&quot;335559739&quot;:160,&quot;335559740&quot;:240}\">\u00a0<\/span><\/p>\n<p><b><i><span data-contrast=\"auto\">04\/09\/2019, Xalapa, <\/span><\/i><\/b><b><i><span data-contrast=\"auto\">Ver.-<\/span><\/i><\/b> <span data-contrast=\"auto\">El 20 de octubre es la fecha l\u00edmite para postularse y participar con ponencia, documental, exposici\u00f3n fotogr\u00e1fica o cualquier otra expresi\u00f3n art\u00edstica, en el II Coloquio Internacional \u201cAntropolog\u00eda, historia y arte en el Caribe\u201d, organizado por la Universidad Veracruzana (UV)<\/span><span data-contrast=\"auto\">, registro que se lleva a cabo escribiendo al correo<\/span><span data-contrast=\"auto\"> electr\u00f3nico <\/span><a href=\"mailto:colantrohistoydan@gmail.com\"><span data-contrast=\"none\">colantrohistoydan@gmail.com<\/span><\/a><span data-contrast=\"auto\">.<\/span><span data-ccp-props=\"{&quot;134233279&quot;:true,&quot;201341983&quot;:0,&quot;335559739&quot;:160,&quot;335559740&quot;:240}\">\u00a0<\/span><\/p>\n<p><span data-contrast=\"auto\">De acuerdo con la convocatoria, las <\/span><span data-contrast=\"auto\">culturas<\/span><span data-contrast=\"auto\"> caribe\u00f1as po<\/span><span data-contrast=\"auto\">seen espacios de acci\u00f3n, ritmos<\/span><span data-contrast=\"auto\"> caracter\u00edsticos, estrategias y din\u00e1micas pol\u00edticas y sociales, as\u00ed como expresiones culturales que contribuyen a la construcci\u00f3n de identidades<\/span><span data-contrast=\"auto\"> dentro y fuera de su devenir.<\/span><span data-ccp-props=\"{&quot;134233279&quot;:true,&quot;201341983&quot;:0,&quot;335559739&quot;:160,&quot;335559740&quot;:240}\">\u00a0<\/span><\/p>\n<p><span data-contrast=\"auto\">\u201cHasta hace poco nos hemos acercado <\/span><span data-contrast=\"auto\">a ellas para examinarlas y realizar importantes trabajos de investigaci\u00f3n unidisciplinarios, de alta especialidad. Siguiendo la tradici\u00f3n, <\/span><span data-contrast=\"auto\">a<\/span><span data-contrast=\"auto\">ntropolog\u00eda, <\/span><span data-contrast=\"auto\">h<\/span><span data-contrast=\"auto\">istoria y <\/span><span data-contrast=\"auto\">a<\/span><span data-contrast=\"auto\">rte son las tres grandes variables que proponemos<\/span> <span data-contrast=\"auto\">para analizar sus relaciones hist\u00f3ricas a partir del siglo XV.\u201d<\/span><span data-ccp-props=\"{&quot;134233279&quot;:true,&quot;201341983&quot;:0,&quot;335559739&quot;:160,&quot;335559740&quot;:240}\">\u00a0<\/span><\/p>\n<p><span data-contrast=\"auto\">Este ejercicio acad<\/span><span data-contrast=\"auto\">\u00e9mico es organizado por el c<\/span><span data-contrast=\"auto\">uerpo <\/span><span data-contrast=\"auto\">a<\/span><span data-contrast=\"auto\">cad\u00e9mico <\/span><span data-contrast=\"auto\">(CA) <\/span><span data-contrast=\"auto\">Filosof\u00eda y Educaci\u00f3n en Arquitectura y Construcci\u00f3n<\/span><span data-contrast=\"auto\">,<\/span><span data-contrast=\"auto\"> de la Facultad de Arquitectur<\/span><span data-contrast=\"auto\">a, el Instituto de Antropolog\u00eda<\/span><span data-contrast=\"auto\"> y la Facultad de Historia de la UV. <\/span><span data-contrast=\"auto\">Se<\/span><span data-contrast=\"auto\"> desarrollar\u00e1 del 2 al 4 de diciembre del presente a\u00f1o.<\/span><span data-ccp-props=\"{&quot;134233279&quot;:true,&quot;201341983&quot;:0,&quot;335559739&quot;:160,&quot;335559740&quot;:240}\">\u00a0<\/span><\/p>\n<p><span data-contrast=\"auto\">\u201cEsta vez nos interesa tambi\u00e9n conocer los cruces hist\u00f3ricos que <\/span><span data-contrast=\"auto\">se han experimentado<\/span><span data-contrast=\"auto\"> a trav\u00e9s de las relaciones que surgen con los desplazamientos de individuos dentro y fuera de sus fronteras <\/span><span data-contrast=\"auto\">espacio-culturales, sean dial\u00e9cticas, conf<\/span><span data-contrast=\"auto\">lictivas, estables o inestabl<\/span><span data-contrast=\"auto\">es\u201d, se lee en la convocatoria.<\/span><span data-ccp-props=\"{&quot;134233279&quot;:true,&quot;201341983&quot;:0,&quot;335559739&quot;:160,&quot;335559740&quot;:240}\">\u00a0<\/span><\/p>\n<p><span data-contrast=\"auto\">Para l<\/span><span data-contrast=\"auto\">a comunidad acad\u00e9mica organizadora<\/span><span data-contrast=\"auto\">, desde esta perspectiva se abre un abanico de posibilidades que, al no limitarse a la descripci\u00f3n de sucesos y procesos hist\u00f3ricos <\/span><span data-contrast=\"auto\">u objetos,<\/span><span data-contrast=\"auto\"> invita a investigarlas desde una concepci\u00f3n hol\u00edstica y enfoques <\/span><span data-contrast=\"auto\">multi<\/span><span data-contrast=\"auto\"> y <\/span><span data-contrast=\"auto\">transdis<\/span><span data-contrast=\"auto\">c<\/span><span data-contrast=\"auto\">iplinarios<\/span><span data-contrast=\"auto\"> que incluyen nociones como transversalidad, multiculturalismo e interculturalidad.<\/span><span data-ccp-props=\"{&quot;134233279&quot;:true,&quot;201341983&quot;:0,&quot;335559739&quot;:160,&quot;335559740&quot;:240}\">\u00a0<\/span><\/p>\n<p><span data-contrast=\"auto\">\u201cCon el deseo de contribuir al campo de los estudios sobre el Caribe, lo invitamos cordialmente a enviar su solicitud de participaci\u00f3n, con una ponencia, un documental, una exposici\u00f3n fotogr\u00e1fica o cualquier otra expresi\u00f3n art\u00edstica al correo <\/span><a href=\"mailto:colantrohistoydan@gmail.com\"><span data-contrast=\"none\">colantrohistoydan@gmail.com<\/span><\/a><span data-contrast=\"auto\">\u201d, indica el <\/span><span data-contrast=\"auto\">c<\/span><span data-contrast=\"auto\">omit\u00e9 <\/span><span data-contrast=\"auto\">o<\/span><span data-contrast=\"auto\">rganizador.<\/span><span data-ccp-props=\"{&quot;134233279&quot;:true,&quot;201341983&quot;:0,&quot;335559739&quot;:160,&quot;335559740&quot;:240}\">\u00a0<\/span><\/p>\n<p><span data-contrast=\"auto\">A trav\u00e9s de ese correo el<\/span><span data-contrast=\"auto\">ectr\u00f3nico tambi\u00e9n puede<\/span><span data-contrast=\"auto\"> acceder a la convocatoria en extenso, donde <\/span><span data-contrast=\"auto\">se <\/span><span data-contrast=\"auto\">detalla<\/span><span data-contrast=\"auto\">n<\/span><span data-contrast=\"auto\"> las caracter\u00edsticas necesarias para la presentaci\u00f3n de ponencias, de trabajos art\u00edsticos, criterios de prese<\/span><span data-contrast=\"auto\">ntaci\u00f3n y consideraciones.<\/span><span data-ccp-props=\"{&quot;134233279&quot;:true,&quot;201341983&quot;:0,&quot;335559739&quot;:160,&quot;335559740&quot;:240}\">\u00a0<\/span><\/p>\n","protected":false},"excerpt":{"rendered":"<p>Este ejercicio es organizado por el cuerpo acad\u00e9mico Filosof\u00eda y Educaci\u00f3n en Arquitectura y Construcci\u00f3n, de la Facultad de Arquitectura, el Instituto de Antropolog\u00eda y la Facultad de Historia<\/p>\n","protected":false},"author":1508,"featured_media":72625,"comment_status":"closed","ping_status":"closed","sticky":false,"template":"","format":"standard","meta":{"footnotes":""},"categories":[47],"tags":[],"class_list":["post-72740","post","type-post","status-publish","format-standard","has-post-thumbnail","hentry","category-eventos"],"_links":{"self":[{"href":"https:\/\/www.uv.mx\/prensa\/wp-json\/wp\/v2\/posts\/72740","targetHints":{"allow":["GET"]}}],"collection":[{"href":"https:\/\/www.uv.mx\/prensa\/wp-json\/wp\/v2\/posts"}],"about":[{"href":"https:\/\/www.uv.mx\/prensa\/wp-json\/wp\/v2\/types\/post"}],"author":[{"embeddable":true,"href":"https:\/\/www.uv.mx\/prensa\/wp-json\/wp\/v2\/users\/1508"}],"replies":[{"embeddable":true,"href":"https:\/\/www.uv.mx\/prensa\/wp-json\/wp\/v2\/comments?post=72740"}],"version-history":[{"count":0,"href":"https:\/\/www.uv.mx\/prensa\/wp-json\/wp\/v2\/posts\/72740\/revisions"}],"wp:featuredmedia":[{"embeddable":true,"href":"https:\/\/www.uv.mx\/prensa\/wp-json\/wp\/v2\/media\/72625"}],"wp:attachment":[{"href":"https:\/\/www.uv.mx\/prensa\/wp-json\/wp\/v2\/media?parent=72740"}],"wp:term":[{"taxonomy":"category","embeddable":true,"href":"https:\/\/www.uv.mx\/prensa\/wp-json\/wp\/v2\/categories?post=72740"},{"taxonomy":"post_tag","embeddable":true,"href":"https:\/\/www.uv.mx\/prensa\/wp-json\/wp\/v2\/tags?post=72740"}],"curies":[{"name":"wp","href":"https:\/\/api.w.org\/{rel}","templated":true}]}}