{"id":72608,"date":"2019-08-29T18:32:12","date_gmt":"2019-08-29T23:32:12","guid":{"rendered":"https:\/\/www.uv.mx\/prensa\/?p=72608"},"modified":"2019-08-29T18:32:12","modified_gmt":"2019-08-29T23:32:12","slug":"inicio-el-segundo-encuentro-multidisciplinario-de-lideres-de-la-uv","status":"publish","type":"post","link":"https:\/\/www.uv.mx\/prensa\/regiones\/orizaba\/inicio-el-segundo-encuentro-multidisciplinario-de-lideres-de-la-uv\/","title":{"rendered":"Inici\u00f3 el Segundo Encuentro Multidisciplinario de L\u00edderes de la UV"},"content":{"rendered":"<ul>\n<li><em>Los consejeros alumnos de esta casa de estudios tratar\u00e1n temas diversos de la vida universitaria, desde hoy y hasta el 31 de agosto<\/em><\/li>\n<\/ul>\n<p>&nbsp;<\/p>\n<p><a href=\"https:\/\/www.uv.mx\/prensa\/files\/2019\/08\/290819-Principales-Prensa-UV-Encuentro-Estudiantes.jpg\"><img loading=\"lazy\" decoding=\"async\" class=\"aligncenter size-full wp-image-72607\" src=\"https:\/\/www.uv.mx\/prensa\/files\/2019\/08\/290819-Principales-Prensa-UV-Encuentro-Estudiantes.jpg\" alt=\"\" width=\"1500\" height=\"525\" srcset=\"https:\/\/www.uv.mx\/prensa\/files\/2019\/08\/290819-Principales-Prensa-UV-Encuentro-Estudiantes.jpg 1500w, https:\/\/www.uv.mx\/prensa\/files\/2019\/08\/290819-Principales-Prensa-UV-Encuentro-Estudiantes-300x105.jpg 300w, https:\/\/www.uv.mx\/prensa\/files\/2019\/08\/290819-Principales-Prensa-UV-Encuentro-Estudiantes-768x269.jpg 768w, https:\/\/www.uv.mx\/prensa\/files\/2019\/08\/290819-Principales-Prensa-UV-Encuentro-Estudiantes-1024x358.jpg 1024w\" sizes=\"auto, (max-width: 1500px) 100vw, 1500px\" \/><\/a><\/p>\n<p>&nbsp;<\/p>\n<p><em><strong>Eduardo Ca\u00f1edo Lom\u00e1n<\/strong><\/em><\/p>\n<p><strong><em>29\/08\/2019, Ixtaczoquitl\u00e1n, Ver.- <\/em><\/strong>La rectora de la Universidad Veracruzana (UV), Sara Ladr\u00f3n de Guevara, inaugur\u00f3 el Segundo Encuentro Multidisciplinario de L\u00edderes Estudiantiles (EMLEUV), en el que los consejeros alumnos de esta casa de estudios discutir\u00e1n temas diversos de la vida universitaria, desde hoy y hasta el 31 de agosto.<\/p>\n<p>\u201cUstedes son los portavoces de todos nuestros estudiantes, son nuestros o\u00eddos, son la tercera parte del Consejo Universitario y su voto tiene el mismo valor que el de cualquier otro miembro\u201d, enfatiz\u00f3 la Rectora.<\/p>\n<p>Por su parte, el vicerrector de la regi\u00f3n Orizaba-C\u00f3rdoba, Jos\u00e9 Eduardo Mart\u00ednez Canales, celebr\u00f3 que al interior de la Universidad existan de di\u00e1logo, reflexi\u00f3n y generaci\u00f3n de propuestas, las cuales \u201csiempre ser\u00e1n bien recibidas, pues ello nos ayuda para mejorar\u201d.<\/p>\n<p>Despu\u00e9s intervino Patricia Lagunes Dom\u00ednguez, acad\u00e9mica de la Facultad de Contadur\u00eda y Administraci\u00f3n, quien dijo a los consejeros alumnos que la comunidad a la que representan espera buenos resultados por parte de ellos. \u201cUn l\u00edder estudiantil debe hacer uso responsable de su liderazgo, modificar su entorno, pero siempre buscando el bien com\u00fan; ustedes son agentes de cambio\u201d, afirm\u00f3.<\/p>\n<p>En su oportunidad, Iv\u00e1n Rikimatsu Matsumoto Palomares, consejero alumno de la Facultad de Medicina, en representaci\u00f3n de sus compa\u00f1eros, habl\u00f3 sobre la importancia del di\u00e1logo personal, toda vez que \u201ceste tipo de actividades nos acercan m\u00e1s a nuestro sentir como personas\u201d y critic\u00f3 que hoy \u201cvivimos tiempos donde cada vez es m\u00e1s dif\u00edcil podernos ver, nos comunicamos a trav\u00e9s de la tecnolog\u00eda\u201d.<\/p>\n<p>Posteriormente se llev\u00f3 a cabo el Foro Buenas Pr\u00e1cticas, en el que los consejeros alumnos de cada una de las regiones universitarias compartieron experiencias de \u00e9xito como parte de su trabajo, as\u00ed como las acciones desarrolladas para mejorar alg\u00fan aspecto de la vida universitaria.<\/p>\n<p>A la ceremonia inaugural tambi\u00e9n asistieron funcionarios universitarios, quienes se tomaron la foto oficial del Segundo Encuentro Multidisciplinario de L\u00edderes Estudiantiles con los consejeros alumnos.<\/p>\n<p>&nbsp;<\/p>\n<div id='gallery-1' class='gallery galleryid-72608 gallery-columns-3 gallery-size-full'><dl class='gallery-item'>\n\t\t\t<dt class='gallery-icon landscape'>\n\t\t\t\t<a href='https:\/\/www.uv.mx\/prensa\/files\/2019\/08\/290218-Orizaba-Enuentro-2.jpg'><img loading=\"lazy\" decoding=\"async\" width=\"722\" height=\"481\" src=\"https:\/\/www.uv.mx\/prensa\/files\/2019\/08\/290218-Orizaba-Enuentro-2.jpg\" class=\"attachment-full size-full\" alt=\"\" aria-describedby=\"gallery-1-72605\" srcset=\"https:\/\/www.uv.mx\/prensa\/files\/2019\/08\/290218-Orizaba-Enuentro-2.jpg 722w, https:\/\/www.uv.mx\/prensa\/files\/2019\/08\/290218-Orizaba-Enuentro-2-300x200.jpg 300w\" sizes=\"auto, (max-width: 722px) 100vw, 722px\" \/><\/a>\n\t\t\t<\/dt>\n\t\t\t\t<dd class='wp-caption-text gallery-caption' id='gallery-1-72605'>\n\t\t\t\tLa rectora Sara Ladr\u00f3n de Guevara inaugur\u00f3 el Segundo EMLEUV\n\t\t\t\t<\/dd><\/dl><dl class='gallery-item'>\n\t\t\t<dt class='gallery-icon landscape'>\n\t\t\t\t<a href='https:\/\/www.uv.mx\/prensa\/files\/2019\/08\/290218-Orizaba-Enuentro-3.jpg'><img loading=\"lazy\" decoding=\"async\" width=\"722\" height=\"481\" src=\"https:\/\/www.uv.mx\/prensa\/files\/2019\/08\/290218-Orizaba-Enuentro-3.jpg\" class=\"attachment-full size-full\" alt=\"\" aria-describedby=\"gallery-1-72604\" srcset=\"https:\/\/www.uv.mx\/prensa\/files\/2019\/08\/290218-Orizaba-Enuentro-3.jpg 722w, https:\/\/www.uv.mx\/prensa\/files\/2019\/08\/290218-Orizaba-Enuentro-3-300x200.jpg 300w\" sizes=\"auto, (max-width: 722px) 100vw, 722px\" \/><\/a>\n\t\t\t<\/dt>\n\t\t\t\t<dd class='wp-caption-text gallery-caption' id='gallery-1-72604'>\n\t\t\t\tJos\u00e9 Eduardo Mart\u00ednez Canales celebr\u00f3 que  la Universidad  propicie espacios de di\u00e1logo y reflexi\u00f3n\n\t\t\t\t<\/dd><\/dl><dl class='gallery-item'>\n\t\t\t<dt class='gallery-icon landscape'>\n\t\t\t\t<a href='https:\/\/www.uv.mx\/prensa\/files\/2019\/08\/290218-Orizaba-Enuentro-4.jpg'><img loading=\"lazy\" decoding=\"async\" width=\"722\" height=\"481\" src=\"https:\/\/www.uv.mx\/prensa\/files\/2019\/08\/290218-Orizaba-Enuentro-4.jpg\" class=\"attachment-full size-full\" alt=\"\" aria-describedby=\"gallery-1-72603\" srcset=\"https:\/\/www.uv.mx\/prensa\/files\/2019\/08\/290218-Orizaba-Enuentro-4.jpg 722w, https:\/\/www.uv.mx\/prensa\/files\/2019\/08\/290218-Orizaba-Enuentro-4-300x200.jpg 300w\" sizes=\"auto, (max-width: 722px) 100vw, 722px\" \/><\/a>\n\t\t\t<\/dt>\n\t\t\t\t<dd class='wp-caption-text gallery-caption' id='gallery-1-72603'>\n\t\t\t\tIv\u00e1n Rikimatsu Matsumoto Palomares, consejero alumno de la Facultad de Medicina\n\t\t\t\t<\/dd><\/dl><br style=\"clear: both\" \/>\n\t\t<\/div>\n\n","protected":false},"excerpt":{"rendered":"<p>\u201cUstedes son los portavoces de todos nuestros estudiantes, son nuestros o\u00eddos\u00bb, les expres\u00f3 la rectora Sara Ladr\u00f3n de Guevara<\/p>\n","protected":false},"author":1508,"featured_media":72607,"comment_status":"closed","ping_status":"closed","sticky":false,"template":"","format":"standard","meta":{"footnotes":""},"categories":[53,61],"tags":[],"class_list":["post-72608","post","type-post","status-publish","format-standard","has-post-thumbnail","hentry","category-orizaba","category-banner"],"_links":{"self":[{"href":"https:\/\/www.uv.mx\/prensa\/wp-json\/wp\/v2\/posts\/72608","targetHints":{"allow":["GET"]}}],"collection":[{"href":"https:\/\/www.uv.mx\/prensa\/wp-json\/wp\/v2\/posts"}],"about":[{"href":"https:\/\/www.uv.mx\/prensa\/wp-json\/wp\/v2\/types\/post"}],"author":[{"embeddable":true,"href":"https:\/\/www.uv.mx\/prensa\/wp-json\/wp\/v2\/users\/1508"}],"replies":[{"embeddable":true,"href":"https:\/\/www.uv.mx\/prensa\/wp-json\/wp\/v2\/comments?post=72608"}],"version-history":[{"count":0,"href":"https:\/\/www.uv.mx\/prensa\/wp-json\/wp\/v2\/posts\/72608\/revisions"}],"wp:featuredmedia":[{"embeddable":true,"href":"https:\/\/www.uv.mx\/prensa\/wp-json\/wp\/v2\/media\/72607"}],"wp:attachment":[{"href":"https:\/\/www.uv.mx\/prensa\/wp-json\/wp\/v2\/media?parent=72608"}],"wp:term":[{"taxonomy":"category","embeddable":true,"href":"https:\/\/www.uv.mx\/prensa\/wp-json\/wp\/v2\/categories?post=72608"},{"taxonomy":"post_tag","embeddable":true,"href":"https:\/\/www.uv.mx\/prensa\/wp-json\/wp\/v2\/tags?post=72608"}],"curies":[{"name":"wp","href":"https:\/\/api.w.org\/{rel}","templated":true}]}}