{"id":72297,"date":"2019-08-23T14:18:16","date_gmt":"2019-08-23T19:18:16","guid":{"rendered":"https:\/\/www.uv.mx\/prensa\/?p=72297"},"modified":"2019-08-23T14:18:16","modified_gmt":"2019-08-23T19:18:16","slug":"uv-fortalece-actividades-de-sus-catedras-de-excelencia","status":"publish","type":"post","link":"https:\/\/www.uv.mx\/prensa\/banner\/uv-fortalece-actividades-de-sus-catedras-de-excelencia\/","title":{"rendered":"UV fortalece actividades de sus C\u00e1tedras de Excelencia\u00a0"},"content":{"rendered":"<ul>\n<li data-leveltext=\"\uf0b7\" data-font=\"Symbol\" data-listid=\"1\" data-aria-posinset=\"1\" data-aria-level=\"1\"><i><span data-contrast=\"auto\">La rectora <\/span><\/i><i><span data-contrast=\"auto\">Sara Ladr\u00f3<\/span><\/i><i><span data-contrast=\"auto\">n de Guevara presidi\u00f3 <\/span><\/i><i><span data-contrast=\"auto\">sesi\u00f3n<\/span><\/i><i><span data-contrast=\"auto\"> del Consejo Consultivo de las C\u00e1tedras de Excelencia<\/span><\/i><span data-ccp-props=\"{&quot;134233279&quot;:true,&quot;201341983&quot;:0,&quot;335559739&quot;:160,&quot;335559740&quot;:240}\">\u00a0<\/span><\/li>\n<li data-leveltext=\"\uf0b7\" data-font=\"Symbol\" data-listid=\"1\" data-aria-posinset=\"2\" data-aria-level=\"1\"><i><span data-contrast=\"auto\">Reconoci\u00f3 el impacto que cada una de ellas tiene en la comunidad universitaria y en la sociedad en su conjunto<\/span><\/i><span data-ccp-props=\"{&quot;134233279&quot;:true,&quot;201341983&quot;:0,&quot;335559739&quot;:160,&quot;335559740&quot;:240}\">\u00a0<\/span><\/li>\n<\/ul>\n<ul>\n<li data-leveltext=\"\uf0b7\" data-font=\"Symbol\" data-listid=\"1\" data-aria-posinset=\"1\" data-aria-level=\"1\"><i><span data-contrast=\"auto\">Juan Rafael Alcal\u00e1 Hinojosa fue nombrado <\/span><\/i><i><span data-contrast=\"auto\">coordinador de la<\/span><\/i><i><span data-contrast=\"auto\"> C<\/span><\/i><i><span data-contrast=\"auto\">\u00e1tedra <\/span><\/i><i><span data-contrast=\"auto\">\u201c<\/span><\/i><i><span data-contrast=\"auto\">Roberto Bravo Garz\u00f3n<\/span><\/i><i><span data-contrast=\"auto\">\u201d<\/span><\/i><span data-ccp-props=\"{&quot;134233279&quot;:true,&quot;201341983&quot;:0,&quot;335559739&quot;:160,&quot;335559740&quot;:240}\">\u00a0<\/span><\/li>\n<\/ul>\n<p><span data-ccp-props=\"{&quot;201341983&quot;:0,&quot;335559739&quot;:160,&quot;335559740&quot;:240}\">\u00a0<\/span><\/p>\n<div id=\"attachment_72298\" style=\"width: 732px\" class=\"wp-caption aligncenter\"><a href=\"https:\/\/www.uv.mx\/prensa\/files\/2019\/08\/230819-catedras-1.jpg\"><img loading=\"lazy\" decoding=\"async\" aria-describedby=\"caption-attachment-72298\" class=\"size-full wp-image-72298\" src=\"https:\/\/www.uv.mx\/prensa\/files\/2019\/08\/230819-catedras-1.jpg\" alt=\"\" width=\"722\" height=\"384\" srcset=\"https:\/\/www.uv.mx\/prensa\/files\/2019\/08\/230819-catedras-1.jpg 722w, https:\/\/www.uv.mx\/prensa\/files\/2019\/08\/230819-catedras-1-300x160.jpg 300w\" sizes=\"auto, (max-width: 722px) 100vw, 722px\" \/><\/a><p id=\"caption-attachment-72298\" class=\"wp-caption-text\">Sara Ladr\u00f3n de Guevara encabez\u00f3 la sesi\u00f3n del Consejo Consultivo de C\u00e1tedras de Excelencia<\/p><\/div>\n<p><span data-ccp-props=\"{&quot;201341983&quot;:0,&quot;335559739&quot;:160,&quot;335559740&quot;:240}\">\u00a0<\/span><\/p>\n<p><b><i><span data-contrast=\"auto\">Claudia Peralta V\u00e1zquez<\/span><\/i><\/b><span data-ccp-props=\"{&quot;201341983&quot;:0,&quot;335559739&quot;:160,&quot;335559740&quot;:240}\">\u00a0<\/span><\/p>\n<p><b><i><span data-contrast=\"auto\">23<\/span><\/i><\/b><b><i><span data-contrast=\"auto\">\/<\/span><\/i><\/b><b><i><span data-contrast=\"auto\">08<\/span><\/i><\/b><b><i><span data-contrast=\"auto\">\/<\/span><\/i><\/b><b><i><span data-contrast=\"auto\">19, Xalapa, Ver.- <\/span><\/i><\/b><span data-contrast=\"auto\">Al presidir la<\/span><span data-contrast=\"auto\"> sesi\u00f3n del Consejo Consultivo de C\u00e1tedras de Excelencia<\/span><span data-contrast=\"auto\"> de la Universidad Veracruzana (UV), la<\/span><span data-contrast=\"auto\"> rectora Sara Ladr\u00f3n de Guevara reconoci\u00f3<\/span><span data-contrast=\"auto\"> el impacto que cada una de ellas tiene entre la comunidad universitaria y la sociedad en su conjunto, pues cada vez son m\u00e1s <\/span><span data-contrast=\"auto\">exitosas, visib<\/span><span data-contrast=\"auto\">les, organizadas y articuladas.<\/span><span data-ccp-props=\"{&quot;201341983&quot;:0,&quot;335559739&quot;:160,&quot;335559740&quot;:240}\">\u00a0<\/span><\/p>\n<p><span data-contrast=\"auto\">En la Sala de Juntas de Rector\u00eda y como parte del fortalecimiento de las C\u00e1tedras de Excelencia, la Rectora <\/span><span data-contrast=\"auto\">entreg\u00f3<\/span><span data-contrast=\"auto\"> el<\/span><span data-contrast=\"auto\"> nombr<\/span><span data-contrast=\"auto\">amiento como coordinador de la <\/span><span data-contrast=\"auto\">C\u00e1tedra <\/span><span data-contrast=\"auto\">\u201c<\/span><span data-contrast=\"auto\">Roberto Bravo Garz\u00f3n\u201d a Juan Rafael Alcal\u00e1 Hinojosa, actual titular de la Direcci\u00f3n <\/span><span data-contrast=\"auto\">General <\/span><span data-contrast=\"auto\">de Difusi\u00f3n Cultural.<\/span><span data-ccp-props=\"{&quot;201341983&quot;:0,&quot;335559731&quot;:708,&quot;335559739&quot;:160,&quot;335559740&quot;:240}\">\u00a0<\/span><\/p>\n<p><span data-contrast=\"auto\">Tambi\u00e9n, por<\/span><span data-contrast=\"auto\"> acuerdo de la Secretar\u00eda Acad\u00e9mica y los integrantes de<\/span><span data-contrast=\"auto\">l Consejo, <\/span><span data-contrast=\"auto\">se design\u00f3 a Diana <\/span><span data-contrast=\"auto\">Folguer<\/span><span data-contrast=\"auto\"> P\u00e9rez Staples, investigadora del Instituto de Biotecnolog\u00eda y Ecolog\u00eda Aplicada (<\/span><i><span data-contrast=\"auto\">Inbioteca<\/span><\/i><span data-contrast=\"auto\">), como vocal<\/span><span data-contrast=\"auto\">,<\/span><span data-contrast=\"auto\"> en representaci\u00f3n de la Direcci\u00f3n General de Investigaciones, nombramiento que le ser\u00e1 entregado una vez que culmine la estancia de investigaci\u00f3n que actualmente realiza.<\/span><span data-ccp-props=\"{&quot;201341983&quot;:0,&quot;335559731&quot;:708,&quot;335559739&quot;:160,&quot;335559740&quot;:240}\">\u00a0<\/span><\/p>\n<p><span data-contrast=\"auto\">En el marco de esta reuni\u00f3n, Sara Ladr\u00f3n de Guevara expres\u00f3 su benepl\u00e1cito <\/span><span data-contrast=\"auto\">ya<\/span><span data-contrast=\"auto\"> que los esfuerzos realizados han repercutido favorablemente en la poblaci\u00f3n en general, dada la calidad de cada una.<\/span><span data-ccp-props=\"{&quot;201341983&quot;:0,&quot;335559731&quot;:708,&quot;335559739&quot;:160,&quot;335559740&quot;:240}\">\u00a0<\/span><\/p>\n<p><span data-contrast=\"auto\">\u201cMe satisface que se reconozcan, sean visibles y a trav\u00e9s de ellas la UV transmita y comparta el conocimiento, as\u00ed co<\/span><span data-contrast=\"auto\">mo su quehacer a todo el mundo.\u201d<\/span><span data-ccp-props=\"{&quot;201341983&quot;:0,&quot;335559731&quot;:708,&quot;335559739&quot;:160,&quot;335559740&quot;:240}\">\u00a0<\/span><\/p>\n<p>&nbsp;<\/p>\n<div id=\"attachment_72299\" style=\"width: 732px\" class=\"wp-caption aligncenter\"><a href=\"https:\/\/www.uv.mx\/prensa\/files\/2019\/08\/230819-catedras-2.jpg\"><img loading=\"lazy\" decoding=\"async\" aria-describedby=\"caption-attachment-72299\" class=\"size-full wp-image-72299\" src=\"https:\/\/www.uv.mx\/prensa\/files\/2019\/08\/230819-catedras-2.jpg\" alt=\"\" width=\"722\" height=\"481\" srcset=\"https:\/\/www.uv.mx\/prensa\/files\/2019\/08\/230819-catedras-2.jpg 722w, https:\/\/www.uv.mx\/prensa\/files\/2019\/08\/230819-catedras-2-300x200.jpg 300w\" sizes=\"auto, (max-width: 722px) 100vw, 722px\" \/><\/a><p id=\"caption-attachment-72299\" class=\"wp-caption-text\">Juan Rafael Alcal\u00e1 Hinojosa fue designado coordinador de la C\u00e1tedra \u201cRoberto Bravo Garz\u00f3n\u201d<\/p><\/div>\n<p>&nbsp;<\/p>\n<p><span data-contrast=\"auto\">A<\/span><span data-contrast=\"auto\">firm<\/span><span data-contrast=\"auto\">\u00f3 que este tipo de reuniones permiten conocer las acciones desarrolladas al interior de cada c\u00e1tedra, lo cual tambi\u00e9n concede una asignaci\u00f3n del recurso m\u00e1s equitativa y una valoraci\u00f3n que apoya tanto a sus coordinadores como a las entidades que las albergan.<\/span><span data-ccp-props=\"{&quot;201341983&quot;:0,&quot;335559731&quot;:708,&quot;335559739&quot;:160,&quot;335559740&quot;:240}\">\u00a0<\/span><\/p>\n<p><span data-contrast=\"auto\">En presencia de vocales titulares, suplentes y coordinadores de cada c\u00e1tedra<\/span><span data-contrast=\"auto\">, l<\/span><span data-contrast=\"auto\">a funcionaria tambi\u00e9n destac\u00f3 la labor de <\/span><span data-contrast=\"auto\">Norma Ang\u00e9lica Cuevas Velasco, s<\/span><span data-contrast=\"auto\">ecretaria Ejecutiva del Consejo, por su trabajo administrativo y de gesti\u00f3n,<\/span><span data-contrast=\"auto\"> por su<\/span><span data-contrast=\"auto\"> organizaci\u00f3n, claridad<\/span><span data-contrast=\"auto\">,<\/span><span data-contrast=\"auto\"> pl<\/span><span data-contrast=\"auto\">aneaci\u00f3n y metas establecidas, a pesar de haber asumido recientemente la direcci\u00f3n del Instituto de Investigacion<\/span><span data-contrast=\"auto\">es Ling\u00fc\u00edstico-Literarias (IIL-L<\/span><span data-contrast=\"auto\">).<\/span><span data-ccp-props=\"{&quot;201341983&quot;:0,&quot;335559731&quot;:708,&quot;335559739&quot;:160,&quot;335559740&quot;:240}\">\u00a0<\/span><\/p>\n<p><span data-contrast=\"auto\">Por su parte, <\/span><span data-contrast=\"auto\">Cuevas Velasco<\/span><span data-contrast=\"auto\"> dio a conocer que los nombramientos otorgados obedecen a una terna de la Secretar\u00eda Acad\u00e9mica, y valorada por los integrantes del Consejo Consultivo en apego a las pol\u00edticas establecidas.<\/span><span data-ccp-props=\"{&quot;201341983&quot;:0,&quot;335559731&quot;:708,&quot;335559739&quot;:160,&quot;335559740&quot;:240}\">\u00a0<\/span><\/p>\n<p><span data-contrast=\"auto\">En la sesi\u00f3n e<\/span><span data-contrast=\"auto\">stuvieron los titulares de las s<\/span><span data-contrast=\"auto\">ecretar\u00edas Acad\u00e9mica y<\/span><span data-contrast=\"auto\"> de<\/span><span data-contrast=\"auto\"> Desarrollo Institucional, <\/span><span data-contrast=\"auto\">Magdalena Hern\u00e1ndez Alarc\u00f3n<\/span><span data-contrast=\"auto\"> y Octavio Ochoa Contreras, respectivamente<\/span><span data-contrast=\"auto\">,<\/span> <span data-contrast=\"auto\">as\u00ed como <\/span><span data-contrast=\"auto\">el <\/span><span data-contrast=\"auto\">a<\/span><span data-contrast=\"auto\">bogado <\/span><span data-contrast=\"auto\">g<\/span><span data-contrast=\"auto\">eneral, Alberto Islas Reyes.<\/span><span data-ccp-props=\"{&quot;201341983&quot;:0,&quot;335559731&quot;:708,&quot;335559739&quot;:160,&quot;335559740&quot;:240}\">\u00a0<\/span><\/p>\n<p><span data-contrast=\"auto\">Destac\u00f3 la presencia de<\/span><span data-contrast=\"auto\"> los <\/span><span data-contrast=\"auto\">coordinador<\/span><span data-contrast=\"auto\">es<\/span><span data-contrast=\"auto\"> de la<\/span><span data-contrast=\"auto\">s<\/span> <span data-contrast=\"auto\">c<\/span><span data-contrast=\"auto\">\u00e1tedra<\/span><span data-contrast=\"auto\">s<\/span><span data-contrast=\"auto\"> Interamericana <\/span><span data-contrast=\"auto\">\u201c<\/span><span data-contrast=\"auto\">Carlos Fuentes<\/span><span data-contrast=\"auto\">\u201d<\/span><span data-contrast=\"auto\">, Ricardo Corzo Ram\u00edrez; <\/span><span data-contrast=\"auto\">\u201c<\/span><span data-contrast=\"auto\">Ruy P\u00e9rez Tamayo<\/span><span data-contrast=\"auto\">\u201d<\/span><span data-contrast=\"auto\">, Manuel Velasco Toro; <\/span><span data-contrast=\"auto\">\u201c<\/span><span data-contrast=\"auto\">Jos\u00e9 Mart\u00ed<\/span><span data-contrast=\"auto\">\u201d<\/span><span data-contrast=\"auto\">, Rodrigo Garc\u00eda de la <\/span><span data-contrast=\"auto\">Sienra<\/span><span data-contrast=\"auto\">; UNESCO, Edgar Gonz\u00e1lez <\/span><span data-contrast=\"auto\">Gaudiano<\/span><span data-contrast=\"auto\">; <\/span><span data-contrast=\"auto\">\u201c<\/span><span data-contrast=\"auto\">Wittgenstein<\/span><span data-contrast=\"auto\">\u201d<\/span><span data-contrast=\"auto\">, Emilio <\/span><span data-contrast=\"auto\">Ribes<\/span> <span data-contrast=\"auto\">I\u00f1esta<\/span><span data-contrast=\"auto\">,<\/span><span data-contrast=\"auto\"> y <\/span><span data-contrast=\"auto\">\u201c<\/span><span data-contrast=\"auto\">Aureliano Hern\u00e1ndez Palacios<\/span><span data-contrast=\"auto\">\u201d<\/span><span data-contrast=\"auto\">, Fernando Santiago V\u00e1zquez.<\/span><span data-ccp-props=\"{&quot;201341983&quot;:0,&quot;335559731&quot;:708,&quot;335559739&quot;:160,&quot;335559740&quot;:240}\">\u00a0<\/span><\/p>\n<p><span data-contrast=\"auto\">Tambi\u00e9n se cont\u00f3 con la asistencia de representantes<\/span> <span data-contrast=\"auto\">de cada una de las <\/span><span data-contrast=\"auto\">\u00e1<\/span><span data-contrast=\"auto\">reas <\/span><span data-contrast=\"auto\">a<\/span><span data-contrast=\"auto\">cad\u00e9micas.<\/span><span data-ccp-props=\"{&quot;201341983&quot;:0,&quot;335559731&quot;:708,&quot;335559739&quot;:160,&quot;335559740&quot;:240}\">\u00a0<\/span><\/p>\n<div id=\"attachment_72300\" style=\"width: 732px\" class=\"wp-caption aligncenter\"><a href=\"https:\/\/www.uv.mx\/prensa\/files\/2019\/08\/230819-catedras-3.jpg\"><img loading=\"lazy\" decoding=\"async\" aria-describedby=\"caption-attachment-72300\" class=\"size-full wp-image-72300\" src=\"https:\/\/www.uv.mx\/prensa\/files\/2019\/08\/230819-catedras-3.jpg\" alt=\"\" width=\"722\" height=\"482\" srcset=\"https:\/\/www.uv.mx\/prensa\/files\/2019\/08\/230819-catedras-3.jpg 722w, https:\/\/www.uv.mx\/prensa\/files\/2019\/08\/230819-catedras-3-300x200.jpg 300w\" sizes=\"auto, (max-width: 722px) 100vw, 722px\" \/><\/a><p id=\"caption-attachment-72300\" class=\"wp-caption-text\">En la sala de juntas de Rector\u00eda sesion\u00f3 el Consejo Consultivo de C\u00e1tedras de Excelencia<\/p><\/div>\n","protected":false},"excerpt":{"rendered":"<p>\u201cMe satisface que se reconozcan, sean visibles y a trav\u00e9s de ellas la UV transmita y comparta el conocimiento, as\u00ed como su quehacer a todo el mundo\u201d: Sara Ladr\u00f3n de Guevara\u00a0<\/p>\n","protected":false},"author":1869,"featured_media":72330,"comment_status":"closed","ping_status":"closed","sticky":false,"template":"","format":"standard","meta":{"footnotes":""},"categories":[61],"tags":[],"class_list":["post-72297","post","type-post","status-publish","format-standard","has-post-thumbnail","hentry","category-banner"],"_links":{"self":[{"href":"https:\/\/www.uv.mx\/prensa\/wp-json\/wp\/v2\/posts\/72297","targetHints":{"allow":["GET"]}}],"collection":[{"href":"https:\/\/www.uv.mx\/prensa\/wp-json\/wp\/v2\/posts"}],"about":[{"href":"https:\/\/www.uv.mx\/prensa\/wp-json\/wp\/v2\/types\/post"}],"author":[{"embeddable":true,"href":"https:\/\/www.uv.mx\/prensa\/wp-json\/wp\/v2\/users\/1869"}],"replies":[{"embeddable":true,"href":"https:\/\/www.uv.mx\/prensa\/wp-json\/wp\/v2\/comments?post=72297"}],"version-history":[{"count":0,"href":"https:\/\/www.uv.mx\/prensa\/wp-json\/wp\/v2\/posts\/72297\/revisions"}],"wp:featuredmedia":[{"embeddable":true,"href":"https:\/\/www.uv.mx\/prensa\/wp-json\/wp\/v2\/media\/72330"}],"wp:attachment":[{"href":"https:\/\/www.uv.mx\/prensa\/wp-json\/wp\/v2\/media?parent=72297"}],"wp:term":[{"taxonomy":"category","embeddable":true,"href":"https:\/\/www.uv.mx\/prensa\/wp-json\/wp\/v2\/categories?post=72297"},{"taxonomy":"post_tag","embeddable":true,"href":"https:\/\/www.uv.mx\/prensa\/wp-json\/wp\/v2\/tags?post=72297"}],"curies":[{"name":"wp","href":"https:\/\/api.w.org\/{rel}","templated":true}]}}