{"id":72271,"date":"2019-08-23T09:25:55","date_gmt":"2019-08-23T14:25:55","guid":{"rendered":"https:\/\/www.uv.mx\/prensa\/?p=72271"},"modified":"2019-08-23T09:25:55","modified_gmt":"2019-08-23T14:25:55","slug":"neuroetologia-realizara-curso-estandarizacion-de-inmunotinciones","status":"publish","type":"post","link":"https:\/\/www.uv.mx\/prensa\/eventos\/neuroetologia-realizara-curso-estandarizacion-de-inmunotinciones\/","title":{"rendered":"Neuroetolog\u00eda realizar\u00e1 curso Estandarizaci\u00f3n de Inmunotinciones"},"content":{"rendered":"<ul>\n<li data-leveltext=\"\uf0b7\" data-font=\"Symbol\" data-listid=\"1\" data-aria-posinset=\"1\" data-aria-level=\"1\"><i><span data-contrast=\"auto\">Dir<\/span><\/i><i><span data-contrast=\"auto\">igido a estudiantes de posgrado<\/span><\/i><i><span data-contrast=\"auto\"> de este organismo y de otras universidades del pa\u00eds<\/span><\/i><span data-ccp-props=\"{&quot;134233279&quot;:true,&quot;201341983&quot;:0,&quot;335559739&quot;:160,&quot;335559740&quot;:240}\">\u00a0<\/span><\/li>\n<li data-leveltext=\"\uf0b7\" data-font=\"Symbol\" data-listid=\"1\" data-aria-posinset=\"2\" data-aria-level=\"1\"><i><span data-contrast=\"auto\">Tendr\u00e1 una duraci\u00f3n de 36 horas, a partir del 21 de septiembre y hasta el 2 de noviembre del a\u00f1o en curso<\/span><\/i><\/li>\n<li data-leveltext=\"\uf0b7\" data-font=\"Symbol\" data-listid=\"1\" data-aria-posinset=\"2\" data-aria-level=\"1\"><i><span data-contrast=\"auto\">Ser\u00e1 impartido por investigadores de la UV, BUAP<\/span><\/i><i><span data-contrast=\"auto\"> y del <\/span><\/i><i><span data-contrast=\"auto\">Instituto Nacional de Neurolog\u00eda y Neurocirug\u00eda<\/span><\/i><i><span data-contrast=\"auto\"> (INNN)<\/span><\/i><span data-ccp-props=\"{&quot;134233279&quot;:true,&quot;201341983&quot;:0,&quot;335559739&quot;:160,&quot;335559740&quot;:240}\">\u00a0<\/span><\/li>\n<\/ul>\n<p>&nbsp;<\/p>\n<div id=\"attachment_72029\" style=\"width: 732px\" class=\"wp-caption aligncenter\"><a href=\"https:\/\/www.uv.mx\/prensa\/files\/2019\/08\/200819-CURSO-NEUROETOLOGIA-1.jpg\"><img loading=\"lazy\" decoding=\"async\" aria-describedby=\"caption-attachment-72029\" class=\"size-full wp-image-72029\" src=\"https:\/\/www.uv.mx\/prensa\/files\/2019\/08\/200819-CURSO-NEUROETOLOGIA-1.jpg\" alt=\"\" width=\"722\" height=\"481\" srcset=\"https:\/\/www.uv.mx\/prensa\/files\/2019\/08\/200819-CURSO-NEUROETOLOGIA-1.jpg 722w, https:\/\/www.uv.mx\/prensa\/files\/2019\/08\/200819-CURSO-NEUROETOLOGIA-1-300x200.jpg 300w\" sizes=\"auto, (max-width: 722px) 100vw, 722px\" \/><\/a><p id=\"caption-attachment-72029\" class=\"wp-caption-text\">Investigadores del Instituto de Neuroetolog\u00eda invitan a participar en el curso Estandarizaci\u00f3n de Inmunotinciones<\/p><\/div>\n<p>&nbsp;<\/p>\n<p><b><i><span data-contrast=\"auto\">Claudia Peralta V\u00e1zquez<\/span><\/i><\/b><span data-ccp-props=\"{&quot;201341983&quot;:0,&quot;335559739&quot;:160,&quot;335559740&quot;:240}\">\u00a0<\/span><\/p>\n<p><b><i><span data-contrast=\"auto\">23<\/span><\/i><\/b><b><i><span data-contrast=\"auto\">\/08\/<\/span><\/i><\/b><b><i><span data-contrast=\"auto\">20<\/span><\/i><\/b><b><i><span data-contrast=\"auto\">19, Xalapa, Ver.- <\/span><\/i><\/b><span data-contrast=\"auto\">El Instituto de <\/span><span data-contrast=\"auto\">Neuroetolog\u00eda<\/span><span data-contrast=\"auto\"> de la Universidad Veracruzana (UV)<\/span><span data-contrast=\"auto\">,<\/span><span data-contrast=\"auto\"> a trav\u00e9s del Departamento de Educaci\u00f3n Cont<\/span><span data-contrast=\"auto\">inua, impartir\u00e1<\/span> <span data-contrast=\"auto\">cada s\u00e1bado, a partir <\/span><span data-contrast=\"auto\">del 21 de septiembre <\/span><span data-contrast=\"auto\">y hasta el<\/span><span data-contrast=\"auto\"> 2<\/span><span data-contrast=\"auto\"> de noviembre, el curso<\/span> <span data-contrast=\"auto\">Estandarizaci\u00f3n de <\/span><span data-contrast=\"auto\">Inmunotinciones<\/span> <span data-contrast=\"auto\">en Tejido de R<\/span><span data-contrast=\"auto\">ata<\/span><span data-contrast=\"auto\">, dirigido a estudiantes de posgrado de las \u00e1reas B<\/span><span data-contrast=\"auto\">iol\u00f3gico-Agropecuaria<\/span><span data-contrast=\"auto\"> y<\/span><span data-contrast=\"auto\"> Ciencias <\/span><span data-contrast=\"auto\">de la Salud de esta <\/span><span data-contrast=\"auto\">casa de estudios<\/span><span data-contrast=\"auto\"> y de otras universidades del pa\u00eds.<\/span><span data-ccp-props=\"{&quot;201341983&quot;:0,&quot;335559739&quot;:160,&quot;335559740&quot;:240}\">\u00a0<\/span><\/p>\n<p><span data-contrast=\"auto\">Daniel Hern\u00e1ndez <\/span><span data-contrast=\"auto\">Baltazar, cat<\/span><span data-contrast=\"auto\">edr\u00e1tico<\/span><span data-contrast=\"auto\"> e <\/span><span data-contrast=\"auto\">investigador del Consejo Nacional de Ciencia y Tecnolog\u00eda (<\/span><i><span data-contrast=\"auto\">Conacyt<\/span><\/i><span data-contrast=\"auto\">), adscrito al Instituto de <\/span><span data-contrast=\"auto\">Neuroetolog\u00eda<\/span><span data-contrast=\"auto\"> UV<\/span><span data-contrast=\"auto\">, manifest\u00f3 que este primer curs<\/span><span data-contrast=\"auto\">o \u2013<\/span><span data-contrast=\"auto\">con duraci\u00f3n de 36 horas<\/span><span data-contrast=\"auto\">\u2013<\/span><span data-contrast=\"auto\"> tiene la finalidad de <\/span><span data-contrast=\"auto\">que los asistentes adquieran habilidades en la selecci\u00f3n de anticuerpos para <\/span><span data-contrast=\"auto\">inmunotinci\u00f3n<\/span><span data-contrast=\"auto\">, y desarrollen criterios que les <\/span><span data-contrast=\"auto\">permitan realizar <\/span><span data-contrast=\"auto\">inmunohistoqu\u00ed<\/span><span data-contrast=\"auto\">micas<\/span><span data-contrast=\"auto\"> o <\/span><span data-contrast=\"auto\">inmunofluorescencias<\/span><span data-contrast=\"auto\"> eficientes en tejido<\/span><span data-contrast=\"auto\"> fresco y post-<\/span><span data-contrast=\"auto\">fijado.<\/span><span data-ccp-props=\"{&quot;201341983&quot;:0,&quot;335559731&quot;:708,&quot;335559739&quot;:160,&quot;335559740&quot;:240}\">\u00a0<\/span><\/p>\n<p><span data-contrast=\"auto\">Adem\u00e1s, p<\/span><span data-contrast=\"auto\">ermitir\u00e1 conocer diferentes estrategias para realizar la correcta estandarizaci\u00f3n de <\/span><span data-contrast=\"auto\">inmunotinciones<\/span><span data-contrast=\"auto\"> en tejidos como h\u00edgado, ri\u00f1\u00f3n, pulm\u00f3n y cerebro.<\/span><span data-ccp-props=\"{&quot;201341983&quot;:0,&quot;335559731&quot;:708,&quot;335559739&quot;:160,&quot;335559740&quot;:240}\">\u00a0<\/span><\/p>\n<p><span data-contrast=\"auto\">Por tanto,<\/span><span data-contrast=\"auto\"> la estandarizaci\u00f3n de <\/span><span data-contrast=\"auto\">inmunotinciones<\/span><span data-contrast=\"auto\"> resulta una pr\u00e1ctica indispensable para garantizar la reproducibilidad de <\/span><span data-contrast=\"auto\">resultados de investigaci\u00f3n pre<\/span><span data-contrast=\"auto\">cl\u00ednica y cl\u00ednica, a la par de r<\/span><span data-contrast=\"auto\">educir costos y tiempo, explic\u00f3.<\/span><span data-ccp-props=\"{&quot;201341983&quot;:0,&quot;335559731&quot;:708,&quot;335559739&quot;:160,&quot;335559740&quot;:240}\">\u00a0<\/span><\/p>\n<p><span data-contrast=\"auto\">El investigador dio a conocer que el curso tiene un cupo lim<\/span><span data-contrast=\"auto\">itado para 12 personas;<\/span><span data-contrast=\"auto\"> una cuota de recuperaci\u00f3n de <\/span><span data-contrast=\"auto\">mil 162 pesos; y se conforma de seis m\u00f3dulos que ser\u00e1n impartidos por especialistas de la UV,<\/span> <span data-contrast=\"auto\">del Instituto Nacional de N<\/span><span data-contrast=\"auto\">eurolog\u00eda y Neurocirug\u00eda (INNN)<\/span><span data-contrast=\"auto\"> y de la Benem\u00e9rita Universidad Aut\u00f3noma de Puebla (BUAP).<\/span><span data-ccp-props=\"{&quot;201341983&quot;:0,&quot;335559731&quot;:708,&quot;335559739&quot;:160,&quot;335559740&quot;:240}\">\u00a0<\/span><\/p>\n<p><span data-contrast=\"auto\">Mar\u00eda de Jes\u00fas <\/span><span data-contrast=\"auto\">Rovirosa<\/span><span data-contrast=\"auto\"> Hern\u00e1ndez, investigadora del Instituto de <\/span><span data-contrast=\"auto\">Neuroetolog\u00eda<\/span><span data-contrast=\"auto\">, quien impartir\u00e1 uno de los m\u00f3dulos del curso, destac\u00f3 la importancia del uso de esta metodolog\u00eda empleada dentro de las neurociencias para observar la actividad neuronal, est\u00edmulos el\u00e9ctricos o los provocados por alg\u00fan f\u00e1rmaco.<\/span><span data-ccp-props=\"{&quot;201341983&quot;:0,&quot;335559731&quot;:708,&quot;335559739&quot;:160,&quot;335559740&quot;:240}\">\u00a0<\/span><\/p>\n<p><span data-contrast=\"auto\">Dijo <\/span><span data-contrast=\"auto\">que<\/span><span data-contrast=\"auto\">,<\/span><span data-contrast=\"auto\"> con estas recomendaciones, los alumnos de posgrado obtendr\u00e1n mejores resultados al momento de observar la evaluaci\u00f3n \u00f3ptica del tejido.<\/span><span data-ccp-props=\"{&quot;201341983&quot;:0,&quot;335559731&quot;:708,&quot;335559739&quot;:160,&quot;335559740&quot;:240}\">\u00a0<\/span><\/p>\n<p><span data-contrast=\"auto\">Abraham Puga Olgu\u00edn<\/span><span data-contrast=\"auto\">, egresado del <\/span><span data-contrast=\"auto\">D<\/span><span data-contrast=\"auto\">octorado en <\/span><span data-contrast=\"auto\">Neuroetolog\u00eda<\/span> <span data-contrast=\"auto\">de la UV, mencion\u00f3 que durante el desarrollo de su investigaci\u00f3n tuvo la necesidad de estandarizar el protocolo de <\/span><span data-contrast=\"auto\">inmunofluorescencia<\/span><span data-contrast=\"auto\"> para visualizar receptores a estr\u00f3geno.<\/span><span data-ccp-props=\"{&quot;201341983&quot;:0,&quot;335559731&quot;:708,&quot;335559739&quot;:160,&quot;335559740&quot;:240}\">\u00a0<\/span><\/p>\n<p><span data-contrast=\"auto\">En el curso, \u00e9l compartir\u00e1 con los asistentes su experiencia <\/span><span data-contrast=\"auto\">y los <\/span><span data-contrast=\"auto\">inconvenientes que enfrent\u00f3 durante esta etapa. Tambi\u00e9n los aconsejar\u00e1 y guiar\u00e1 con el fin de que tengan las herramientas necesarias y no haya inconvenientes.<\/span><span data-ccp-props=\"{&quot;201341983&quot;:0,&quot;335559731&quot;:708,&quot;335559739&quot;:160,&quot;335559740&quot;:240}\">\u00a0<\/span><\/p>\n<p><span data-contrast=\"auto\">Abril Alondra Barr<\/span><span data-contrast=\"auto\">ientos Bonilla, estudiante del D<\/span><span data-contrast=\"auto\">octorado en Ciencias Biom\u00e9dicas, ase<\/span><span data-contrast=\"auto\">gu<\/span><span data-contrast=\"auto\">r\u00f3 que los profesores invitados compartir\u00e1n su<\/span><span data-contrast=\"auto\"> pr\u00e1ctica y experiencia.<\/span><span data-ccp-props=\"{&quot;201341983&quot;:0,&quot;335559739&quot;:160,&quot;335559740&quot;:240}\">\u00a0<\/span><\/p>\n<p><span data-contrast=\"auto\">Por ejemplo, los investi<\/span><span data-contrast=\"auto\">gadores del I<\/span><span data-contrast=\"auto\">NNN <\/span><span data-contrast=\"auto\">hablar\u00e1n de la parte histol\u00f3gica, de los <\/span><span data-contrast=\"auto\">\u00f3<\/span><span data-contrast=\"auto\">rganos, su composici\u00f3n, diferencias ent<\/span><span data-contrast=\"auto\">re tejido fresco y fijado, as\u00ed <\/span><span data-contrast=\"auto\">como cu\u00e1<\/span><span data-contrast=\"auto\">l es m\u00e1s conveniente de acuerdo con el objetivo de investigaci\u00f3n.<\/span><span data-ccp-props=\"{&quot;201341983&quot;:0,&quot;335559731&quot;:708,&quot;335559739&quot;:160,&quot;335559740&quot;:240}\">\u00a0<\/span><\/p>\n<p><span data-contrast=\"auto\">Los especialistas de la BUAP orientar\u00e1n a los particip<\/span><span data-contrast=\"auto\">antes sobre la selecci\u00f3n de un <\/span><span data-contrast=\"auto\">anticuerpo, debido a que en<\/span><span data-contrast=\"auto\"> la industria se tienen muchos <\/span><span data-contrast=\"auto\">distribuidores que ofrecen una gran variedad, por lo que<\/span><span data-contrast=\"auto\"> deben elegir <\/span><span data-contrast=\"auto\">el indicado para la t\u00e9cnica.<\/span><span data-ccp-props=\"{&quot;201341983&quot;:0,&quot;335559731&quot;:708,&quot;335559739&quot;:160,&quot;335559740&quot;:240}\">\u00a0<\/span><\/p>\n<p><span data-contrast=\"auto\">Los interesados pueden consultar el siguiente enlace: <\/span><a href=\"https:\/\/www.uv.mx\/edu-cont\/general\/estandarizacion-de-inmunotinciones-en-tejido-de-rata\/\"><span data-contrast=\"none\">https:\/\/www.uv.mx\/edu-cont\/general\/estandarizacion-de-inmunotinciones-en-tejido-de-rata\/<\/span><\/a><span data-contrast=\"auto\">; tambi\u00e9n pueden solicitar mayores informes al correo: <\/span><a href=\"mailto:neuro-eventos@uv.mx\"><span data-contrast=\"none\">neuro-eventos@uv.mx<\/span><\/a><span data-contrast=\"auto\">.<\/span><\/p>\n","protected":false},"excerpt":{"rendered":"<p>Dirigido a estudiantes de posgrado de las \u00e1reas Biol\u00f3gico-Agropecuaria y Ciencias de la Salud<\/p>\n","protected":false},"author":1508,"featured_media":72029,"comment_status":"closed","ping_status":"closed","sticky":false,"template":"","format":"standard","meta":{"footnotes":""},"categories":[47],"tags":[],"class_list":["post-72271","post","type-post","status-publish","format-standard","has-post-thumbnail","hentry","category-eventos"],"_links":{"self":[{"href":"https:\/\/www.uv.mx\/prensa\/wp-json\/wp\/v2\/posts\/72271","targetHints":{"allow":["GET"]}}],"collection":[{"href":"https:\/\/www.uv.mx\/prensa\/wp-json\/wp\/v2\/posts"}],"about":[{"href":"https:\/\/www.uv.mx\/prensa\/wp-json\/wp\/v2\/types\/post"}],"author":[{"embeddable":true,"href":"https:\/\/www.uv.mx\/prensa\/wp-json\/wp\/v2\/users\/1508"}],"replies":[{"embeddable":true,"href":"https:\/\/www.uv.mx\/prensa\/wp-json\/wp\/v2\/comments?post=72271"}],"version-history":[{"count":0,"href":"https:\/\/www.uv.mx\/prensa\/wp-json\/wp\/v2\/posts\/72271\/revisions"}],"wp:featuredmedia":[{"embeddable":true,"href":"https:\/\/www.uv.mx\/prensa\/wp-json\/wp\/v2\/media\/72029"}],"wp:attachment":[{"href":"https:\/\/www.uv.mx\/prensa\/wp-json\/wp\/v2\/media?parent=72271"}],"wp:term":[{"taxonomy":"category","embeddable":true,"href":"https:\/\/www.uv.mx\/prensa\/wp-json\/wp\/v2\/categories?post=72271"},{"taxonomy":"post_tag","embeddable":true,"href":"https:\/\/www.uv.mx\/prensa\/wp-json\/wp\/v2\/tags?post=72271"}],"curies":[{"name":"wp","href":"https:\/\/api.w.org\/{rel}","templated":true}]}}