{"id":72263,"date":"2019-08-23T09:09:26","date_gmt":"2019-08-23T14:09:26","guid":{"rendered":"https:\/\/www.uv.mx\/prensa\/?p=72263"},"modified":"2019-08-23T09:09:26","modified_gmt":"2019-08-23T14:09:26","slug":"con-reciclaton-2019-uv-busca-generar-cultura-del-reciclaje","status":"publish","type":"post","link":"https:\/\/www.uv.mx\/prensa\/regiones\/poza-rica\/con-reciclaton-2019-uv-busca-generar-cultura-del-reciclaje\/","title":{"rendered":"Con Reciclat\u00f3n 2019, UV busca generar cultura del reciclaje"},"content":{"rendered":"<ul>\n<li data-leveltext=\"\uf0b7\" data-font=\"Symbol\" data-listid=\"3\" data-aria-posinset=\"1\" data-aria-level=\"1\"><i><span data-contrast=\"auto\">Los d\u00edas <\/span><\/i><i><span data-contrast=\"auto\">23 y 24 de agosto<\/span><\/i><i><span data-contrast=\"auto\">,<\/span><\/i><i><span data-contrast=\"auto\"> de 9:00 a 17:00 horas<\/span><\/i><i><span data-contrast=\"auto\">,<\/span><\/i> <i><span data-contrast=\"auto\">se <\/span><\/i><i><span data-contrast=\"auto\">recibi<\/span><\/i><i><span data-contrast=\"auto\">r\u00e1n<\/span><\/i><i><span data-contrast=\"auto\"> aparatos electr\u00f3nicos y electrodom\u00e9sticos<\/span><\/i> <i><span data-contrast=\"auto\">en<\/span><\/i><i><span data-contrast=\"auto\"> el acceso prin<\/span><\/i><i><span data-contrast=\"auto\">cipal de la USBI<\/span><\/i><span data-ccp-props=\"{&quot;134233279&quot;:true,&quot;201341983&quot;:0,&quot;335559739&quot;:160,&quot;335559740&quot;:240}\">\u00a0<\/span><\/li>\n<\/ul>\n<div id=\"attachment_72245\" style=\"width: 732px\" class=\"wp-caption aligncenter\"><a href=\"https:\/\/www.uv.mx\/prensa\/files\/2019\/08\/220819-Poza-Rica-Reciclaton.jpg\"><img loading=\"lazy\" decoding=\"async\" aria-describedby=\"caption-attachment-72245\" class=\"size-full wp-image-72245\" src=\"https:\/\/www.uv.mx\/prensa\/files\/2019\/08\/220819-Poza-Rica-Reciclaton.jpg\" alt=\"\" width=\"722\" height=\"481\" srcset=\"https:\/\/www.uv.mx\/prensa\/files\/2019\/08\/220819-Poza-Rica-Reciclaton.jpg 722w, https:\/\/www.uv.mx\/prensa\/files\/2019\/08\/220819-Poza-Rica-Reciclaton-300x200.jpg 300w\" sizes=\"auto, (max-width: 722px) 100vw, 722px\" \/><\/a><p id=\"caption-attachment-72245\" class=\"wp-caption-text\">Nadia Ang\u00e9lica Cruz V\u00e1zquez, coordinadora regional de la Red Universitaria de Sustentabilidad<\/p><\/div>\n<p>&nbsp;<\/p>\n<p><b><i><span data-contrast=\"auto\">Alma Celia San Mart\u00edn Cruz<\/span><\/i><\/b><span data-ccp-props=\"{&quot;201341983&quot;:0,&quot;335559739&quot;:160,&quot;335559740&quot;:240}\">\u00a0<\/span><\/p>\n<p><b><i><span data-contrast=\"auto\">2<\/span><\/i><\/b><b><i><span data-contrast=\"auto\">3<\/span><\/i><\/b><b><i><span data-contrast=\"auto\">\/08\/<\/span><\/i><\/b><b><i><span data-contrast=\"auto\">20<\/span><\/i><\/b><b><i><span data-contrast=\"auto\">19<\/span><\/i><\/b><b><i><span data-contrast=\"auto\">, <\/span><\/i><\/b><b><i><span data-contrast=\"auto\">Poza Rica, Ver.<\/span><\/i><\/b><b><i><span data-contrast=\"auto\">&#8211;<\/span><\/i><\/b> <span data-contrast=\"auto\">La Universidad Veracruzana <\/span><span data-contrast=\"auto\">(UV) <\/span><span data-contrast=\"auto\">realizar\u00e1<\/span><span data-contrast=\"auto\"> los d\u00edas 23 y 24 de agosto el 2<\/span><span data-contrast=\"auto\">\u00ba <\/span><span data-contrast=\"auto\">Reciclat\u00f3<\/span><span data-contrast=\"auto\">n<\/span> <span data-contrast=\"auto\">en e<\/span><span data-contrast=\"auto\">l acceso principal de la <\/span><span data-contrast=\"auto\">Unidad de Servicios Bibliotecarios y de Informaci\u00f3n (<\/span><span data-contrast=\"auto\">USBI<\/span><span data-contrast=\"auto\">)<\/span><span data-contrast=\"auto\">, <\/span><span data-contrast=\"auto\">donde se<\/span><span data-contrast=\"auto\"> recibir<\/span><span data-contrast=\"auto\">\u00e1n<\/span><span data-contrast=\"auto\"> aparato<\/span><span data-contrast=\"auto\">s el\u00e9ctricos, electrodom\u00e9sticos<\/span> <span data-contrast=\"auto\">y de <\/span><span data-contrast=\"auto\">computaci\u00f3n que est\u00e9n en desuso, <\/span><span data-contrast=\"auto\">inform\u00f3<\/span> <span data-contrast=\"auto\">Nadia Ang\u00e9lica Cruz V\u00e1zquez<\/span><span data-contrast=\"auto\">,<\/span> <span data-contrast=\"auto\">c<\/span><span data-contrast=\"auto\">oordinadora <\/span><span data-contrast=\"auto\">r<\/span><span data-contrast=\"auto\">egional de la Red Univers<\/span><span data-contrast=\"auto\">itaria para la Sustentabilidad<\/span><span data-contrast=\"auto\">.<\/span><span data-ccp-props=\"{&quot;201341983&quot;:0,&quot;335559739&quot;:160,&quot;335559740&quot;:240}\">\u00a0<\/span><\/p>\n<p><span data-contrast=\"auto\">El objetivo de esta actividad es generar una cultura de reciclaje de los aparatos el\u00e9ctricos y electr\u00f3nicos, los cuales pueden causar da\u00f1os a la salud y al medio ambiente si <\/span><span data-contrast=\"auto\">su <\/span><span data-contrast=\"auto\">dispo<\/span><span data-contrast=\"auto\">sici\u00f3n final no se gestiona <\/span><span data-contrast=\"auto\">de manera adecuada.<\/span><span data-ccp-props=\"{&quot;201341983&quot;:0,&quot;335559731&quot;:708,&quot;335559739&quot;:160,&quot;335559740&quot;:240}\">\u00a0<\/span><\/p>\n<p><span data-contrast=\"auto\">Explic\u00f3 que <\/span><span data-contrast=\"auto\">en la primera actividad realizada<\/span><span data-contrast=\"auto\"> hace algunos meses<\/span><span data-contrast=\"auto\"> se <\/span><span data-contrast=\"auto\">acopi\u00f3<\/span><span data-contrast=\"auto\"> cerca de tres to<\/span><span data-contrast=\"auto\">neladas y media<\/span> <span data-contrast=\"auto\">entre cables, celulares, aud\u00edfonos<\/span><span data-contrast=\"auto\">, <\/span><span data-contrast=\"auto\">DVD<\/span><span data-contrast=\"auto\">,<\/span> <span data-contrast=\"auto\">CD<\/span><span data-contrast=\"auto\">, <\/span><span data-contrast=\"auto\">licuadoras, televisiones, estufas, <\/span><span data-contrast=\"auto\">refrigeradores, entre otros<\/span><span data-contrast=\"auto\">,<\/span><span data-contrast=\"auto\"> a excepci\u00f3n de pilas.<\/span><span data-ccp-props=\"{&quot;201341983&quot;:0,&quot;335559731&quot;:708,&quot;335559739&quot;:160,&quot;335559740&quot;:240}\">\u00a0<\/span><\/p>\n<p><span data-contrast=\"auto\">\u201cLo que se busca es el aprovechamiento de estos aparatos en desuso para reingresarlos a otro proceso, se separan los metales, el pl\u00e1stico y el <\/span><span data-contrast=\"auto\">vidrio, entre otros materiales\u201d<\/span><span data-contrast=\"auto\">, coment\u00f3 <\/span><span data-contrast=\"auto\">Nadia Ang\u00e9lica Cruz<\/span><span data-contrast=\"auto\">.<\/span><span data-ccp-props=\"{&quot;201341983&quot;:0,&quot;335559731&quot;:708,&quot;335559739&quot;:160,&quot;335559740&quot;:240}\">\u00a0<\/span><\/p>\n<p><span data-contrast=\"auto\">En <\/span><span data-contrast=\"auto\">el<\/span><span data-contrast=\"auto\"> m\u00f3dulo <\/span><span data-contrast=\"auto\">de la USBI<\/span> <span data-contrast=\"auto\">se <\/span><span data-contrast=\"auto\">habr\u00e1n de<\/span><span data-contrast=\"auto\"> recibir todos los aparatos que sean llevados tanto por la comunidad universita<\/span><span data-contrast=\"auto\">ria como el p\u00fablico en general<\/span><span data-contrast=\"auto\">.<\/span><span data-ccp-props=\"{&quot;201341983&quot;:0,&quot;335559731&quot;:708,&quot;335559739&quot;:160,&quot;335559740&quot;:240}\">\u00a0<\/span><\/p>\n<p><span data-contrast=\"auto\">Cruz V\u00e1zquez mencion\u00f3 que la sustentabilidad es un eje transversal en la UV, <\/span><span data-contrast=\"auto\">es <\/span><span data-contrast=\"auto\">por ello que estas actividades forman parte de las acciones que cotidianamente se realizan en esta casa de estudios para crear conciencia entre la comunidad universitaria sobre el cuidado del medio ambiente.<\/span><\/p>\n","protected":false},"excerpt":{"rendered":"<p>Los d\u00edas 23 y 24 de agosto, de 9:00 a 17:00 horas, se recibir\u00e1n aparatos electr\u00f3nicos y electrodom\u00e9sticos en el acceso principal de la USBI <\/p>\n","protected":false},"author":1508,"featured_media":72245,"comment_status":"closed","ping_status":"closed","sticky":false,"template":"","format":"standard","meta":{"footnotes":""},"categories":[54],"tags":[],"class_list":["post-72263","post","type-post","status-publish","format-standard","has-post-thumbnail","hentry","category-poza-rica"],"_links":{"self":[{"href":"https:\/\/www.uv.mx\/prensa\/wp-json\/wp\/v2\/posts\/72263","targetHints":{"allow":["GET"]}}],"collection":[{"href":"https:\/\/www.uv.mx\/prensa\/wp-json\/wp\/v2\/posts"}],"about":[{"href":"https:\/\/www.uv.mx\/prensa\/wp-json\/wp\/v2\/types\/post"}],"author":[{"embeddable":true,"href":"https:\/\/www.uv.mx\/prensa\/wp-json\/wp\/v2\/users\/1508"}],"replies":[{"embeddable":true,"href":"https:\/\/www.uv.mx\/prensa\/wp-json\/wp\/v2\/comments?post=72263"}],"version-history":[{"count":0,"href":"https:\/\/www.uv.mx\/prensa\/wp-json\/wp\/v2\/posts\/72263\/revisions"}],"wp:featuredmedia":[{"embeddable":true,"href":"https:\/\/www.uv.mx\/prensa\/wp-json\/wp\/v2\/media\/72245"}],"wp:attachment":[{"href":"https:\/\/www.uv.mx\/prensa\/wp-json\/wp\/v2\/media?parent=72263"}],"wp:term":[{"taxonomy":"category","embeddable":true,"href":"https:\/\/www.uv.mx\/prensa\/wp-json\/wp\/v2\/categories?post=72263"},{"taxonomy":"post_tag","embeddable":true,"href":"https:\/\/www.uv.mx\/prensa\/wp-json\/wp\/v2\/tags?post=72263"}],"curies":[{"name":"wp","href":"https:\/\/api.w.org\/{rel}","templated":true}]}}