{"id":722,"date":"2015-06-29T11:37:06","date_gmt":"2015-06-29T16:37:06","guid":{"rendered":"https:\/\/www.uv.mx\/prensa\/?p=722"},"modified":"2015-06-29T11:39:19","modified_gmt":"2015-06-29T16:39:19","slug":"sara-unidad-cientifica-que-prestigia-a-la-uv","status":"publish","type":"post","link":"https:\/\/www.uv.mx\/prensa\/general\/sara-unidad-cientifica-que-prestigia-a-la-uv\/","title":{"rendered":"SARA, unidad cient\u00edfica que prestigia a la UV"},"content":{"rendered":"<p><em>\u00a0<\/em><\/p>\n<ul>\n<li><em>Su infraestructura se compara con la del Cinvestav<\/em><\/li>\n<li><em>Los investigadores adscritos a esta unidad obtienen reconocimientos econ\u00f3micos por la calidad de sus proyectos <\/em><\/li>\n<li><em>El Cuerpo Acad\u00e9mico Qu\u00edmica y Propiedades biol\u00f3gicas de productos naturales, un ejemplo<\/em><\/li>\n<\/ul>\n<p>&nbsp;<\/p>\n<p><strong><em>Karina de la Paz Reyes<\/em><\/strong><\/p>\n<p>&nbsp;<\/p>\n<p>Uno de los cuerpos acad\u00e9micos (CA) de la Unidad de Servicios de Apoyo en Resoluci\u00f3n Anal\u00edtica (SARA) de la Universidad Veracruzana (UV) es Qu\u00edmica y Propiedades Biol\u00f3gicas de Productos Naturales, el cual es exitoso porque realiza innovadoras investigaciones y, dada su calidad, ha logrado recursos del Consejo Nacional de Ciencia y Tecnolog\u00eda (<em>Conacyt<\/em>) para adquirir equipamiento tecnol\u00f3gico de vanguardia.<\/p>\n<p>Javier Hern\u00e1ndez Mart\u00ednez, coordinador del CA, particip\u00f3 en el Simposio \u201cFronteras de la investigaci\u00f3n biom\u00e9dica entre redes de cuerpos acad\u00e9micos\u201d, organizado por el Instituto de Salud P\u00fablica de esta casa de estudios.<\/p>\n<p>En t\u00e9rminos generales, el cient\u00edfico destac\u00f3 a la Unidad SARA \u201ces una maravilla dentro de la Universidad Veracruzana, dentro del estado de Veracruz y del sur-sureste de M\u00e9xico. La infraestructura que hay ah\u00ed la tiene el Centro de Investigaci\u00f3n y de Estudios Avanzados del Instituto Polit\u00e9cnico Nacional (<em>Cinvestav<\/em>), la Universidad Aut\u00f3noma Metropolitana (UAM), el Instituto y la Facultad de Qu\u00edmica de la Universidad Nacional Aut\u00f3noma de M\u00e9xico (UNAM). Ah\u00ed existe, pero tambi\u00e9n aqu\u00ed\u201d.<\/p>\n<p>Detall\u00f3 que el CA a su cargo est\u00e1 conformado por cuatro cient\u00edficos: Magali Salas Reyes, Myrna Hern\u00e1ndez Matus, Zaira Julieta Dom\u00ednguez Esquivel y \u00e9l. Adem\u00e1s, tienen tres l\u00edneas de generaci\u00f3n y aplicaci\u00f3n del conocimiento (LGAC): Estudio de la composici\u00f3n qu\u00edmica y actividades biol\u00f3gicas de productos naturales; Estudio y dise\u00f1o mediante qu\u00edmica computacional de mol\u00e9culas y nuevas entidades qu\u00edmicas con potencial actividad biol\u00f3gica, y S\u00edntesis y estudio de propiedades fisicoqu\u00edmicas de nuevas mol\u00e9culas con potencial actividad biol\u00f3gica.<\/p>\n<p>\u201cParticularmente evaluamos actividades antioxidantes, antibacterianas, antiproliferativas, con el inter\u00e9s de aislar compuestos que puedan ser utilizados en terapias de esa naturaleza\u201d, explic\u00f3. Por ejemplo, en la primera LGAC particularmente estudian plantas del estado de Veracruz que pudiesen tener alguna actividad antiproliferativa relevante.<\/p>\n<p>&nbsp;<\/p>\n<div id=\"attachment_723\" style=\"width: 310px\" class=\"wp-caption aligncenter\"><a href=\"https:\/\/www.uv.mx\/prensa\/files\/2015\/06\/Unidad-Sara-28.jpg\"><img aria-describedby=\"caption-attachment-723\" decoding=\"async\" loading=\"lazy\" class=\"size-medium wp-image-723\" src=\"https:\/\/www.uv.mx\/prensa\/files\/2015\/06\/Unidad-Sara-28-300x200.jpg\" alt=\"Javier Hern\u00e1ndez Mart\u00ednez.\" width=\"300\" height=\"200\" srcset=\"https:\/\/www.uv.mx\/prensa\/files\/2015\/06\/Unidad-Sara-28-300x200.jpg 300w, https:\/\/www.uv.mx\/prensa\/files\/2015\/06\/Unidad-Sara-28-1024x683.jpg 1024w\" sizes=\"(max-width: 300px) 100vw, 300px\" \/><\/a><p id=\"caption-attachment-723\" class=\"wp-caption-text\">Javier Hern\u00e1ndez Mart\u00ednez.<\/p><\/div>\n<p>&nbsp;<\/p>\n<p>Si bien, el CA es compacto, su cohesi\u00f3n les ha permitido cosechar logros no s\u00f3lo en materia de producci\u00f3n cient\u00edfica, sino en infraestructura tecnol\u00f3gica. Al respecto, el ponente cit\u00f3: \u201cHemos sido capaces de captar recursos por el orden de los 18 millones de pesos en diferentes proyectos (t\u00e9cnicamente todos del <em>Conacyt<\/em> y uno del Programa para el Desarrollo Profesional Docente de la Secretar\u00eda de Educaci\u00f3n P\u00fablica)\u201d.<\/p>\n<p>Hern\u00e1ndez Mart\u00ednez destac\u00f3 la labor de gesti\u00f3n de recursos que han hecho ante otras instancias educativas, pues lo hacen en aras de mantener y desarrollar m\u00e1s y mejores investigaciones cient\u00edficas.<\/p>\n<p>Como parte de su presentaci\u00f3n, mostr\u00f3 im\u00e1genes del equipamiento que el CA ha logrado adquirir, lo cual en todo momento ha sido acompa\u00f1ado por la coordinaci\u00f3n de la Unidad SARA. \u201cEl impulsor de esto fue Samuel Cruz S\u00e1nchez, cuya visi\u00f3n permiti\u00f3 esto\u201d, coment\u00f3 el cient\u00edfico.<\/p>\n<p>En la sesi\u00f3n de preguntas y respuestas, Hern\u00e1ndez Mart\u00ednez y colegas de otras entidades acad\u00e9micas de la UV coincidieron en la necesidad de que haya m\u00e1s vinculaci\u00f3n al interior de la instituci\u00f3n, sobre todo tomando en cuenta todos los servicios y la tecnolog\u00eda con que cuenta la Unidad SARA.<\/p>\n<p>&nbsp;<\/p>\n","protected":false},"excerpt":{"rendered":"<p><strong><em>Karina de la Paz Reyes<\/em><\/strong>.-Uno de los cuerpos acad\u00e9micos (CA) de la Unidad de Servicios de Apoyo en Resoluci\u00f3n Anal\u00edtica (SARA) de la Universidad Veracruzana (UV) es Qu\u00edmica y Propiedades Biol\u00f3gicas de Productos Naturales, el cual es exitoso porque realiza innovadoras investigaciones y, dada su calidad, ha logrado recursos del Consejo Nacional de Ciencia y Tecnolog\u00eda (Conacyt) para adquirir equipamiento tecnol\u00f3gico de vanguardia.<\/p>\n","protected":false},"author":1810,"featured_media":728,"comment_status":"closed","ping_status":"closed","sticky":false,"template":"","format":"standard","meta":[],"categories":[1],"tags":[2],"_links":{"self":[{"href":"https:\/\/www.uv.mx\/prensa\/wp-json\/wp\/v2\/posts\/722"}],"collection":[{"href":"https:\/\/www.uv.mx\/prensa\/wp-json\/wp\/v2\/posts"}],"about":[{"href":"https:\/\/www.uv.mx\/prensa\/wp-json\/wp\/v2\/types\/post"}],"author":[{"embeddable":true,"href":"https:\/\/www.uv.mx\/prensa\/wp-json\/wp\/v2\/users\/1810"}],"replies":[{"embeddable":true,"href":"https:\/\/www.uv.mx\/prensa\/wp-json\/wp\/v2\/comments?post=722"}],"version-history":[{"count":0,"href":"https:\/\/www.uv.mx\/prensa\/wp-json\/wp\/v2\/posts\/722\/revisions"}],"wp:featuredmedia":[{"embeddable":true,"href":"https:\/\/www.uv.mx\/prensa\/wp-json\/wp\/v2\/media\/728"}],"wp:attachment":[{"href":"https:\/\/www.uv.mx\/prensa\/wp-json\/wp\/v2\/media?parent=722"}],"wp:term":[{"taxonomy":"category","embeddable":true,"href":"https:\/\/www.uv.mx\/prensa\/wp-json\/wp\/v2\/categories?post=722"},{"taxonomy":"post_tag","embeddable":true,"href":"https:\/\/www.uv.mx\/prensa\/wp-json\/wp\/v2\/tags?post=722"}],"curies":[{"name":"wp","href":"https:\/\/api.w.org\/{rel}","templated":true}]}}