{"id":72128,"date":"2019-08-24T08:00:16","date_gmt":"2019-08-24T13:00:16","guid":{"rendered":"https:\/\/www.uv.mx\/prensa\/?p=72128"},"modified":"2019-08-23T11:26:11","modified_gmt":"2019-08-23T16:26:11","slug":"cedegs-imparte-curso-de-derechos-fundamentales-y-mediacion","status":"publish","type":"post","link":"https:\/\/www.uv.mx\/prensa\/general\/cedegs-imparte-curso-de-derechos-fundamentales-y-mediacion\/","title":{"rendered":"<em>Cedegs<\/em> imparte curso de Derechos Fundamentales y Mediaci\u00f3n"},"content":{"rendered":"<ul>\n<li data-leveltext=\"\uf0b7\" data-font=\"Symbol\" data-listid=\"2\" data-aria-posinset=\"1\" data-aria-level=\"1\"><i><span data-contrast=\"auto\">\u201cE<\/span><\/i><i><span data-contrast=\"auto\">s muy importante la difusi\u00f3n de los derechos humanos y el acato de los mismos, pero encontrar la v\u00eda para mediar los conflictos es justamente lo que hace falta en todas y cada una de las ramas del derecho\u201d<\/span><\/i><i><span data-contrast=\"auto\">:<\/span><\/i><i><span data-contrast=\"auto\"> Ana Gamboa<\/span><\/i><\/li>\n<\/ul>\n<p>&nbsp;<\/p>\n<div id=\"attachment_72039\" style=\"width: 732px\" class=\"wp-caption aligncenter\"><a href=\"https:\/\/www.uv.mx\/prensa\/files\/2019\/08\/200819-Derechos-fundamentales-1.jpg\"><img loading=\"lazy\" decoding=\"async\" aria-describedby=\"caption-attachment-72039\" class=\"size-full wp-image-72039\" src=\"https:\/\/www.uv.mx\/prensa\/files\/2019\/08\/200819-Derechos-fundamentales-1.jpg\" alt=\"\u201c\u00c9ste es el inicio de una serie de cursos\u201d, dijo Ana Gamboa \" width=\"722\" height=\"480\" srcset=\"https:\/\/www.uv.mx\/prensa\/files\/2019\/08\/200819-Derechos-fundamentales-1.jpg 722w, https:\/\/www.uv.mx\/prensa\/files\/2019\/08\/200819-Derechos-fundamentales-1-300x199.jpg 300w\" sizes=\"auto, (max-width: 722px) 100vw, 722px\" \/><\/a><p id=\"caption-attachment-72039\" class=\"wp-caption-text\">La capacitaci\u00f3n se realiza del <span data-contrast=\"auto\">16 de agosto <\/span><span data-contrast=\"auto\">a<\/span><span data-contrast=\"auto\">l 13 de septiembre<\/span><\/p><\/div>\n<p>&nbsp;<\/p>\n<p><b><i><span data-contrast=\"auto\">Karina de la Paz Reyes D\u00edaz<\/span><\/i><\/b><span data-ccp-props=\"{&quot;134233279&quot;:true,&quot;201341983&quot;:0,&quot;335559739&quot;:160,&quot;335559740&quot;:240}\">\u00a0<\/span><\/p>\n<p><b><i><span data-contrast=\"auto\">2<\/span><\/i><\/b><b><i><span data-contrast=\"auto\">4\/08\/2019, Xalapa, <\/span><\/i><\/b><b><i><span data-contrast=\"auto\">Ver.-<\/span><\/i><\/b><span data-contrast=\"auto\"> El Centro de Estudios sobre Derecho, Globalizaci\u00f3n y Seguridad (<\/span><i><span data-contrast=\"auto\">Cedegs<\/span><\/i><span data-contrast=\"auto\">) de la Universidad Veracruzana (UV) imparte con \u00e9xito el curso Derechos Fundamentales y Mediaci\u00f3n, avalado por Educaci\u00f3n Continua de esta casa de estudios, <\/span><span data-contrast=\"auto\">desd<\/span><span data-contrast=\"auto\">e el 16 de agosto <\/span><span data-contrast=\"auto\">y hasta e<\/span><span data-contrast=\"auto\">l 13 de septiembre.<\/span><span data-ccp-props=\"{&quot;134233279&quot;:true,&quot;201341983&quot;:0,&quot;335559739&quot;:160,&quot;335559740&quot;:240}\">\u00a0<\/span><\/p>\n<p><span data-contrast=\"auto\">D<\/span><span data-contrast=\"auto\">e acuerdo con la convocatoria que circul\u00f3<\/span><span data-contrast=\"auto\">, e<\/span><span data-contrast=\"auto\">l objetivo es que<\/span> <span data-contrast=\"auto\">\u201c<\/span><span data-contrast=\"auto\">el participante adquiera y conozca la mediaci\u00f3n como un medio alternativo para solucionar conflictos de intereses que se susciten entre los individuos, aplicando las t\u00e9cnicas, herramientas, el proceso y etapas de l<\/span><span data-contrast=\"auto\">a mediaci\u00f3n en un marco de los d<\/span><span data-contrast=\"auto\">erechos <\/span><span data-contrast=\"auto\">h<\/span><span data-contrast=\"auto\">umanos<\/span><span data-contrast=\"auto\">\u201d<\/span><span data-contrast=\"auto\">.<\/span><span data-ccp-props=\"{&quot;134233279&quot;:true,&quot;201341983&quot;:0,&quot;335559739&quot;:160,&quot;335559740&quot;:240}\">\u00a0<\/span><\/p>\n<p><span data-contrast=\"auto\">L<\/span><span data-contrast=\"auto\">os asistentes <\/span><span data-contrast=\"auto\">reflexionan<\/span><span data-contrast=\"auto\"> en torno a cinco temas:<\/span> <span data-contrast=\"auto\">Derechos f<\/span><span data-contrast=\"auto\">undamentales<\/span><span data-contrast=\"auto\">;<\/span><span data-contrast=\"auto\"> La m<\/span><span data-contrast=\"auto\">ediaci\u00f3n<\/span><span data-contrast=\"auto\">;<\/span><span data-contrast=\"auto\"> El mediador y sus h<\/span><span data-contrast=\"auto\">erramientas<\/span><span data-contrast=\"auto\">;<\/span> <span data-contrast=\"auto\">Mediac<\/span><span data-contrast=\"auto\">i\u00f3n c<\/span><span data-contrast=\"auto\">ivil<\/span><span data-contrast=\"auto\">,<\/span><span data-contrast=\"auto\"> y Mediaci\u00f3n m<\/span><span data-contrast=\"auto\">ercantil<\/span><span data-contrast=\"auto\">. Los instructores son:<\/span> <span data-contrast=\"auto\">Araceli Reyes L\u00f3pez<\/span><span data-contrast=\"auto\">, <\/span><span data-contrast=\"auto\">Maribel Luna Mart\u00ednez<\/span><span data-contrast=\"auto\">, <\/span><span data-contrast=\"auto\">Clara Luz Prieto Villegas<\/span><span data-contrast=\"auto\"> y <\/span><span data-contrast=\"auto\">Octavio Ru<\/span><span data-contrast=\"auto\">i<\/span><span data-contrast=\"auto\">z M\u00e9ndez<\/span><span data-contrast=\"auto\">.<\/span><span data-ccp-props=\"{&quot;134233279&quot;:true,&quot;201341983&quot;:0,&quot;335559739&quot;:160,&quot;335559740&quot;:240}\">\u00a0<\/span><\/p>\n<p><span data-contrast=\"auto\">La coordina<\/span><span data-contrast=\"auto\">dor<\/span><span data-contrast=\"auto\">a del<\/span> <i><span data-contrast=\"auto\">Cedegs<\/span><\/i><span data-contrast=\"auto\">, <\/span><span data-contrast=\"auto\">Ana Gamboa de Trejo<\/span><span data-contrast=\"auto\">, <\/span><span data-contrast=\"auto\">inaugur\u00f3 este ejercicio acad\u00e9mico<\/span> <span data-contrast=\"auto\">\u2013<\/span><span data-contrast=\"auto\">cuya sede fue<\/span><span data-contrast=\"auto\"> el auditorio de la Facultad de Ingenier\u00eda Mec\u00e1nica y El\u00e9ctrica<\/span><span data-contrast=\"auto\">\u2013 <\/span><span data-contrast=\"auto\">el <\/span><span data-contrast=\"auto\">viernes <\/span><span data-contrast=\"auto\">16 de agosto<\/span><span data-contrast=\"auto\">; mientras <\/span><span data-contrast=\"auto\">que <\/span><span data-contrast=\"auto\">los trabajos iniciaron con la disertaci\u00f3n de la propia coordinadora del <\/span><span data-contrast=\"auto\">c<\/span><span data-contrast=\"auto\">urso, <\/span><span data-contrast=\"auto\">Araceli Reyes<\/span><span data-contrast=\"auto\">.<\/span><\/p>\n<p>&nbsp;<\/p>\n<div id=\"attachment_72038\" style=\"width: 732px\" class=\"wp-caption aligncenter\"><a href=\"https:\/\/www.uv.mx\/prensa\/files\/2019\/08\/200819-Derechos-fundamentales-2.jpg\"><img loading=\"lazy\" decoding=\"async\" aria-describedby=\"caption-attachment-72038\" class=\"size-full wp-image-72038\" src=\"https:\/\/www.uv.mx\/prensa\/files\/2019\/08\/200819-Derechos-fundamentales-2.jpg\" alt=\"Araceli Reyes, coordinadora del curso \" width=\"722\" height=\"480\" srcset=\"https:\/\/www.uv.mx\/prensa\/files\/2019\/08\/200819-Derechos-fundamentales-2.jpg 722w, https:\/\/www.uv.mx\/prensa\/files\/2019\/08\/200819-Derechos-fundamentales-2-300x199.jpg 300w\" sizes=\"auto, (max-width: 722px) 100vw, 722px\" \/><\/a><p id=\"caption-attachment-72038\" class=\"wp-caption-text\">Araceli Reyes, coordinadora del curso<\/p><\/div>\n<p>&nbsp;<\/p>\n<p><span data-contrast=\"auto\">\u201c\u00c9ste <\/span><span data-contrast=\"auto\">es el inicio de una serie de cursos que se van a impartir en el <\/span><i><span data-contrast=\"auto\">Ce<\/span><\/i><i><span data-contrast=\"auto\">degs<\/span><\/i><span data-contrast=\"auto\"> junto con el c<\/span><span data-contrast=\"auto\">ue<\/span><span data-contrast=\"auto\">rpo <\/span><span data-contrast=\"auto\">a<\/span><span data-contrast=\"auto\">cad\u00e9mico <\/span><span data-contrast=\"auto\">(CA) <\/span><span data-contrast=\"auto\">Ciencias Penales. Este <\/span><span data-contrast=\"auto\">curso<\/span><span data-contrast=\"auto\"> es concretamente de derechos fundamentales y mediaci\u00f3n. Como todos sabemos<\/span><span data-contrast=\"auto\">,<\/span><span data-contrast=\"auto\"> es muy importante la difusi\u00f3n de los derechos humanos y el acato de los mismo<\/span><span data-contrast=\"auto\">s<\/span><span data-contrast=\"auto\">,<\/span><span data-contrast=\"auto\"> pero encontrar la v\u00eda para mediar los conflictos es justamente lo que hace falta en todas y cada una de las ramas del derecho\u201d, dijo <\/span><span data-contrast=\"auto\">Ana Gamboa<\/span><span data-contrast=\"auto\">.<\/span><span data-ccp-props=\"{&quot;134233279&quot;:true,&quot;201341983&quot;:0,&quot;335559739&quot;:160,&quot;335559740&quot;:240}\">\u00a0<\/span><\/p>\n<p><span data-contrast=\"auto\">Destac\u00f3 que por un lado se cuid\u00f3 la selecci\u00f3n de quienes imparten el curso, con la intenci\u00f3n de asegurar calidad a los asistentes; por otro, la respuesta fue notoriamente positiva, pues la convocatoria en un principio ten\u00eda un cupo l<\/span><span data-contrast=\"auto\">imitado a <\/span><span data-contrast=\"auto\">30 personas, <\/span><span data-contrast=\"auto\">pero<\/span><span data-contrast=\"auto\"> dado el inter\u00e9s mostrado se vieron en la necesidad de ampliarlo y el grupo se conforma de casi 80 entre comunidad UV y externos.<\/span><span data-ccp-props=\"{&quot;134233279&quot;:true,&quot;201341983&quot;:0,&quot;335559739&quot;:160,&quot;335559740&quot;:240}\">\u00a0<\/span><\/p>\n<p><span data-contrast=\"auto\">\u201cEso habla de la necesidad en cuanto al tema, la necesidad de los estudiantes, de los funcionarios (porque hay mucho inscritos), de los docentes (tenemos personas de otras universidades que acudieron a la convocatoria); por ello, ya hay programados otros cursos.\u201d<\/span><span data-ccp-props=\"{&quot;134233279&quot;:true,&quot;201341983&quot;:0,&quot;335559739&quot;:160,&quot;335559740&quot;:240}\">\u00a0<\/span><\/p>\n","protected":false},"excerpt":{"rendered":"<p>El objetivo es que el participante conozca la mediaci\u00f3n como un medio alternativo para solucionar conflictos de intereses entre los individuos, aplicando las t\u00e9cnicas, herramientas, el proceso y etapas de la mediaci\u00f3n en el marco de los derechos humanos<\/p>\n","protected":false},"author":1775,"featured_media":72039,"comment_status":"closed","ping_status":"closed","sticky":false,"template":"","format":"standard","meta":{"footnotes":""},"categories":[1],"tags":[],"class_list":["post-72128","post","type-post","status-publish","format-standard","has-post-thumbnail","hentry","category-general"],"_links":{"self":[{"href":"https:\/\/www.uv.mx\/prensa\/wp-json\/wp\/v2\/posts\/72128","targetHints":{"allow":["GET"]}}],"collection":[{"href":"https:\/\/www.uv.mx\/prensa\/wp-json\/wp\/v2\/posts"}],"about":[{"href":"https:\/\/www.uv.mx\/prensa\/wp-json\/wp\/v2\/types\/post"}],"author":[{"embeddable":true,"href":"https:\/\/www.uv.mx\/prensa\/wp-json\/wp\/v2\/users\/1775"}],"replies":[{"embeddable":true,"href":"https:\/\/www.uv.mx\/prensa\/wp-json\/wp\/v2\/comments?post=72128"}],"version-history":[{"count":0,"href":"https:\/\/www.uv.mx\/prensa\/wp-json\/wp\/v2\/posts\/72128\/revisions"}],"wp:featuredmedia":[{"embeddable":true,"href":"https:\/\/www.uv.mx\/prensa\/wp-json\/wp\/v2\/media\/72039"}],"wp:attachment":[{"href":"https:\/\/www.uv.mx\/prensa\/wp-json\/wp\/v2\/media?parent=72128"}],"wp:term":[{"taxonomy":"category","embeddable":true,"href":"https:\/\/www.uv.mx\/prensa\/wp-json\/wp\/v2\/categories?post=72128"},{"taxonomy":"post_tag","embeddable":true,"href":"https:\/\/www.uv.mx\/prensa\/wp-json\/wp\/v2\/tags?post=72128"}],"curies":[{"name":"wp","href":"https:\/\/api.w.org\/{rel}","templated":true}]}}