{"id":72095,"date":"2019-08-22T08:00:29","date_gmt":"2019-08-22T13:00:29","guid":{"rendered":"https:\/\/www.uv.mx\/prensa\/?p=72095"},"modified":"2019-08-21T17:06:38","modified_gmt":"2019-08-21T22:06:38","slug":"uv-respalda-ingreso-permanencia-y-egreso-de-alumnos-con-discapacidad","status":"publish","type":"post","link":"https:\/\/www.uv.mx\/prensa\/banner\/uv-respalda-ingreso-permanencia-y-egreso-de-alumnos-con-discapacidad\/","title":{"rendered":"UV respalda ingreso, permanencia y egreso de alumnos con discapacidad"},"content":{"rendered":"<ul>\n<li data-leveltext=\"\uf0b7\" data-font=\"Symbol\" data-listid=\"1\" data-aria-posinset=\"1\" data-aria-level=\"1\"><i><span data-contrast=\"auto\">A trav\u00e9s del Cent<\/span><\/i><i><span data-contrast=\"auto\">ro para el Desarrollo Humano e I<\/span><\/i><i><span data-contrast=\"auto\">ntegral de los Universitarios<\/span><\/i><span data-ccp-props=\"{&quot;134233279&quot;:true,&quot;201341983&quot;:0,&quot;335559739&quot;:160,&quot;335559740&quot;:240}\">\u00a0<\/span><\/li>\n<li data-leveltext=\"\uf0b7\" data-font=\"Symbol\" data-listid=\"1\" data-aria-posinset=\"2\" data-aria-level=\"1\"><i><span data-contrast=\"auto\">S<\/span><\/i><i><span data-contrast=\"auto\">\u00f3<\/span><\/i><i><span data-contrast=\"auto\">lo <\/span><\/i><i><span data-contrast=\"auto\">el<\/span><\/i><i><span data-contrast=\"auto\"> cinco por ciento de este sector logra acceder a la educaci\u00f3n media superior y superior<\/span><\/i><span data-ccp-props=\"{&quot;134233279&quot;:true,&quot;201341983&quot;:0,&quot;335559739&quot;:160,&quot;335559740&quot;:240}\">\u00a0<\/span><\/li>\n<li data-leveltext=\"\uf0b7\" data-font=\"Symbol\" data-listid=\"1\" data-aria-posinset=\"3\" data-aria-level=\"1\"><i><span data-contrast=\"auto\">Los d\u00edas <\/span><\/i><i><span data-contrast=\"auto\">29 y 30 de agosto, en la USBI de Boca del R\u00edo, tendr\u00e1 lugar un curso-taller para reforzar esta tem\u00e1tica<\/span><\/i><span data-ccp-props=\"{&quot;134233279&quot;:true,&quot;201341983&quot;:0,&quot;335559739&quot;:160,&quot;335559740&quot;:240}\">\u00a0<\/span><\/li>\n<\/ul>\n<p>&nbsp;<\/p>\n<div id=\"attachment_71983\" style=\"width: 732px\" class=\"wp-caption aligncenter\"><a href=\"https:\/\/www.uv.mx\/prensa\/files\/2019\/08\/190819-UNIVERSIDAD-INCLUSIVA-1.jpg\"><img aria-describedby=\"caption-attachment-71983\" decoding=\"async\" loading=\"lazy\" class=\"size-full wp-image-71983\" src=\"https:\/\/www.uv.mx\/prensa\/files\/2019\/08\/190819-UNIVERSIDAD-INCLUSIVA-1.jpg\" alt=\"\" width=\"722\" height=\"481\" srcset=\"https:\/\/www.uv.mx\/prensa\/files\/2019\/08\/190819-UNIVERSIDAD-INCLUSIVA-1.jpg 722w, https:\/\/www.uv.mx\/prensa\/files\/2019\/08\/190819-UNIVERSIDAD-INCLUSIVA-1-300x200.jpg 300w\" sizes=\"(max-width: 722px) 100vw, 722px\" \/><\/a><p id=\"caption-attachment-71983\" class=\"wp-caption-text\">Mar\u00eda Jos\u00e9 Garc\u00eda Oramas, <span data-contrast=\"auto\">coordinadora del <\/span><i><span data-contrast=\"auto\">Cendhiu<\/span><\/i><\/p><\/div>\n<p>&nbsp;<\/p>\n<p><b><i><span data-contrast=\"auto\">Claudia Peralta V\u00e1zquez<\/span><\/i><\/b><span data-ccp-props=\"{&quot;201341983&quot;:0,&quot;335559739&quot;:160,&quot;335559740&quot;:240}\">\u00a0<\/span><\/p>\n<p><b><i><span data-contrast=\"auto\">22<\/span><\/i><\/b><b><i><span data-contrast=\"auto\">\/<\/span><\/i><\/b><b><i><span data-contrast=\"auto\">08<\/span><\/i><\/b><b><i><span data-contrast=\"auto\">\/<\/span><\/i><\/b><b><i><span data-contrast=\"auto\">20<\/span><\/i><\/b><b><i><span data-contrast=\"auto\">19, Xalapa, Ver.- <\/span><\/i><\/b><span data-contrast=\"auto\">La Universidad Veracruzana (UV), a trav\u00e9s del <\/span><span data-contrast=\"auto\">Cent<\/span><span data-contrast=\"auto\">ro para el Desarrollo Humano e I<\/span><span data-contrast=\"auto\">ntegral de los Universitarios (<\/span><i><span data-contrast=\"auto\">Cendhiu<\/span><\/i><span data-contrast=\"auto\">)<\/span><span data-contrast=\"auto\">, apoya el ingreso, permanencia y egreso<\/span><span data-contrast=\"auto\"> satisfactorio<\/span><span data-contrast=\"auto\"> de los estudi<\/span><span data-contrast=\"auto\">antes con discapacidad. De esta forma, <\/span><span data-contrast=\"auto\">avanza hacia la consolidaci\u00f3n de una instituci\u00f3n incluyente donde todas las personas tengan cabida desde sus diferencias <\/span><span data-contrast=\"auto\">y <\/span><span data-contrast=\"auto\">e<\/span><span data-contrast=\"auto\">n<\/span><span data-contrast=\"auto\"> igualdad de oportunidades.<\/span><span data-ccp-props=\"{&quot;201341983&quot;:0,&quot;335559739&quot;:160,&quot;335559740&quot;:240}\">\u00a0<\/span><\/p>\n<p><span data-contrast=\"auto\">\u00a0<\/span><span data-contrast=\"auto\">Mar\u00eda Jos\u00e9 Garc\u00eda <\/span><span data-contrast=\"auto\">Oramas<\/span><span data-contrast=\"auto\">, coordinadora del <\/span><i><span data-contrast=\"auto\">Cendhiu<\/span><\/i><span data-contrast=\"auto\">, <\/span><span data-contrast=\"auto\">destac\u00f3<\/span><span data-contrast=\"auto\"> todas las acciones desarrolladas por el organismo que encabeza desde 2016<\/span><span data-contrast=\"auto\"> y <\/span><span data-contrast=\"auto\">anunci\u00f3 la realizaci\u00f3n del curso-taller <\/span><span data-contrast=\"auto\">\u201cLa Universidad<\/span><span data-contrast=\"auto\"> inclusiva: nuevas estrategias de inclusi\u00f3n hacia las y los estudiantes con discapacidad en el \u00e1mbito de la educaci\u00f3n media superior y superior en la Universidad Veracruzana\u201d.<\/span><span data-ccp-props=\"{&quot;201341983&quot;:0,&quot;335559739&quot;:160,&quot;335559740&quot;:240}\">\u00a0<\/span><\/p>\n<p><span data-contrast=\"auto\">E<\/span><span data-contrast=\"auto\">ste evento tendr\u00e1 lugar <\/span><span data-contrast=\"auto\">los d\u00edas<\/span><span data-contrast=\"auto\"> 29 y 30 de agosto en la Unidad de Servicios Bibliotecarios y de Informaci\u00f3n (USBI) de Boca del R\u00edo y ser\u00e1 impartido por Rodolfo Guillermo Flores Brise\u00f1o, investigador de la Universidad Aut\u00f3noma de Nuevo Le\u00f3n<\/span><span data-contrast=\"auto\"> (UANL).<\/span><span data-ccp-props=\"{&quot;201341983&quot;:0,&quot;335559739&quot;:160,&quot;335559740&quot;:240}\">\u00a0<\/span><\/p>\n<p><span data-contrast=\"auto\">El prop\u00f3sito de este encuentro que reunir\u00e1 a j\u00f3venes con discapacidad de las cinco regiones universitarias, enlaces, profesores interesados, investigadores de cuerpos acad<\/span><span data-contrast=\"auto\">\u00e9micos (CA) estudiosos del tema<\/span><span data-contrast=\"auto\"> y personal del <\/span><i><span data-contrast=\"auto\">Cendhiu<\/span><\/i><span data-contrast=\"auto\">, es construir colectivamente un proyecto de universidad incluyente en el que se consideren las opiniones de los participantes.<\/span><span data-ccp-props=\"{&quot;201341983&quot;:0,&quot;335559739&quot;:160,&quot;335559740&quot;:240}\">\u00a0<\/span><\/p>\n<p><span data-contrast=\"auto\">En este sentido, Garc\u00eda <\/span><span data-contrast=\"auto\">Oramas<\/span> <span data-contrast=\"auto\">destac\u00f3 la trayectoria de la UV respecto al apoyo hacia este sector de la poblaci\u00f3n, a partir de la creaci\u00f3n del Program<\/span><span data-contrast=\"auto\">a <\/span><span data-contrast=\"auto\">U<\/span><span data-contrast=\"auto\">niversitario para la <\/span><span data-contrast=\"auto\">I<\/span><span data-contrast=\"auto\">nclusi\u00f3n e <\/span><span data-contrast=\"auto\">I<\/span><span data-contrast=\"auto\">ntegraci\u00f3n de <\/span><span data-contrast=\"auto\">P<\/span><span data-contrast=\"auto\">ersonas con <\/span><span data-contrast=\"auto\">D<\/span><span data-contrast=\"auto\">iscapacidad<\/span><span data-contrast=\"auto\"> (PIIP).<\/span><span data-ccp-props=\"{&quot;201341983&quot;:0,&quot;335559739&quot;:160,&quot;335559740&quot;:240}\">\u00a0<\/span><\/p>\n<p><span data-contrast=\"auto\">Cabe mencionar que esta estrategia fue impulsada despu\u00e9s de que la instituci\u00f3n fuera de las primeras en signar la <\/span><span data-contrast=\"auto\">Declaraci\u00f3n de Yucat\u00e1n sobre los Derechos de las Personas con Discapacid<\/span><span data-contrast=\"auto\">ad en las Universidades, <\/span><span data-contrast=\"auto\">en 2008.<\/span><span data-ccp-props=\"{&quot;201341983&quot;:0,&quot;335559731&quot;:708,&quot;335559739&quot;:160,&quot;335559740&quot;:240}\">\u00a0<\/span><\/p>\n<p><span data-contrast=\"auto\">La funcionaria precis\u00f3 que si bien el concepto de universidad incluyente considera a la comunidad universitaria en general, desde 2016 el <\/span><i><span data-contrast=\"auto\">Cendhiu<\/span><\/i><span data-contrast=\"auto\"> se enfoca principalmente en detectar y apoyar a los j\u00f3venes que aspiran a formar parte de esta casa de estudios, pues se trata de un tema de responsabilidad social universitaria, transversal, de derechos humanos, justicia y equidad.<\/span><span data-ccp-props=\"{&quot;201341983&quot;:0,&quot;335559731&quot;:708,&quot;335559739&quot;:160,&quot;335559740&quot;:240}\">\u00a0<\/span><\/p>\n<p><span data-contrast=\"auto\">La Coordinadora del <\/span><i><span data-contrast=\"auto\">Cendhiu<\/span><\/i><span data-contrast=\"auto\"> manifest\u00f3 que esto representa que uno de cada cinco j\u00f3venes con discapacidad logra acceder a educaci\u00f3n media superior y <\/span><span data-contrast=\"auto\">superio<\/span><span data-contrast=\"auto\">r<\/span><span data-contrast=\"auto\">, a diferencia de j\u00f3venes que no enfrentan esta condici\u00f3n, que es uno de cada tres.<\/span><span data-ccp-props=\"{&quot;201341983&quot;:0,&quot;335559731&quot;:708,&quot;335559739&quot;:160,&quot;335559740&quot;:240}\">\u00a0<\/span><\/p>\n<p><span data-contrast=\"auto\">No obs<\/span><span data-contrast=\"auto\">tante, es en la discapacidad auditiva<\/span> <span data-contrast=\"auto\">\u2013<\/span><span data-contrast=\"auto\">en comparaci\u00f3n con la motriz, intelectual y <\/span><span data-contrast=\"auto\">sensorial\u2013<\/span><span data-contrast=\"auto\"> donde se tiene uno de los mayores rezagos no s<\/span><span data-contrast=\"auto\">\u00f3<\/span><span data-contrast=\"auto\">lo al ingreso sino durante el transcurso de la carrera.<\/span><span data-ccp-props=\"{&quot;201341983&quot;:0,&quot;335559731&quot;:708,&quot;335559739&quot;:160,&quot;335559740&quot;:240}\">\u00a0<\/span><\/p>\n<p><span data-contrast=\"auto\">Precis\u00f3 que a la fecha se tienen detectados 35 estudiantes con alg\u00fan tipo de limitaci\u00f3n<\/span><span data-contrast=\"auto\"> y<\/span><span data-contrast=\"auto\"> la mayor\u00eda se concentra en la regi\u00f3n de Xalapa.<\/span><span data-ccp-props=\"{&quot;201341983&quot;:0,&quot;335559731&quot;:708,&quot;335559739&quot;:160,&quot;335559740&quot;:240}\">\u00a0<\/span><\/p>\n<p><span data-contrast=\"auto\">Por ejemplo, los de discapacidad motriz tienen un buen desenvolvimiento ya sea en muletas, sillas de ruedas u otro apar<\/span><span data-contrast=\"auto\">ato funcional. Adem\u00e1s,<\/span><span data-contrast=\"auto\"> muchos de ellos tambi\u00e9n son buenos deportistas<\/span><span data-contrast=\"auto\">,<\/span><span data-contrast=\"auto\"> por lo que existe estrecha coordinaci\u00f3n con la Direcci\u00f3n de Actividades Deportivas (DADUV).<\/span><span data-ccp-props=\"{&quot;201341983&quot;:0,&quot;335559739&quot;:160,&quot;335559740&quot;:240}\">\u00a0<\/span><\/p>\n<p><span data-contrast=\"auto\">De igual forma, <\/span><span data-contrast=\"auto\">los j\u00f3venes con discapacidad intelectual <\/span><span data-contrast=\"auto\">tambi\u00e9n suelen <\/span><span data-contrast=\"auto\">destaca<\/span><span data-contrast=\"auto\">r<\/span><span data-contrast=\"auto\"> en \u00e1reas como las artes<\/span><span data-contrast=\"auto\"> y otras<\/span><span data-contrast=\"auto\">; <\/span><span data-contrast=\"auto\">en cambio,<\/span><span data-contrast=\"auto\"> los de limitaci\u00f3n <\/span><span data-contrast=\"auto\">auditiva <\/span><span data-contrast=\"auto\">requiere<\/span><span data-contrast=\"auto\">n de un <\/span><span data-contrast=\"auto\">apoyo espec\u00edfico de lengua de se\u00f1a<\/span><span data-contrast=\"auto\">s mexicana.<\/span><span data-ccp-props=\"{&quot;201341983&quot;:0,&quot;335559731&quot;:708,&quot;335559739&quot;:160,&quot;335559740&quot;:240}\">\u00a0<\/span><\/p>\n<p><span data-contrast=\"auto\">\u201c<\/span><span data-contrast=\"auto\">Demandan<\/span><span data-contrast=\"auto\"> un tipo de atenci\u00f3n en la que<\/span><span data-contrast=\"auto\"> la UV est\u00e1 trabajando para que<\/span><span data-contrast=\"auto\"> puedan formar parte de la instituci\u00f3n, <\/span><span data-contrast=\"auto\">debemos avanzar porque son ellos quienes encuentran mayor dificultad<\/span><span data-contrast=\"auto\">.<\/span><span data-contrast=\"auto\">\u201d<\/span><span data-ccp-props=\"{&quot;201341983&quot;:0,&quot;335559739&quot;:160,&quot;335559740&quot;:240}\">\u00a0<\/span><\/p>\n<p><span data-contrast=\"auto\">En general, reiter\u00f3 el apoyo que se les brinda desde su ingreso a trav\u00e9s del Departamento de Administraci\u00f3n Escolar; posteriormente el <\/span><i><span data-contrast=\"auto\">Cendhiu<\/span><\/i><span data-contrast=\"auto\"> les aporta asesor\u00eda en t\u00e9rminos de acceder al sistema y conocer los requisitos.<\/span><span data-ccp-props=\"{&quot;201341983&quot;:0,&quot;335559731&quot;:708,&quot;335559739&quot;:160,&quot;335559740&quot;:240}\">\u00a0<\/span><\/p>\n<p><span data-contrast=\"auto\">Asimismo, d<\/span><span data-contrast=\"auto\">urante el examen de admisi\u00f3n se les orienta sobre las necesidade<\/span><span data-contrast=\"auto\">s espec\u00edficas que <\/span><span data-contrast=\"auto\">requiere<\/span><span data-contrast=\"auto\">n, quiz\u00e1 un int\u00e9rprete de se\u00f1as o<\/span><span data-contrast=\"auto\"> un <\/span><i><span data-contrast=\"auto\">software<\/span><\/i><span data-contrast=\"auto\"> especializado.<\/span><span data-ccp-props=\"{&quot;201341983&quot;:0,&quot;335559731&quot;:708,&quot;335559739&quot;:160,&quot;335559740&quot;:240}\">\u00a0<\/span><\/p>\n<p><span data-contrast=\"auto\">Ya inscritos en la<\/span><span data-contrast=\"auto\"> UV, se les da un seguimiento y respaldo a trav\u00e9s de programas de becas, acompa\u00f1amiento efectivo por medio de tutores, cursos y talleres.<\/span><span data-ccp-props=\"{&quot;201341983&quot;:0,&quot;335559731&quot;:708,&quot;335559739&quot;:160,&quot;335559740&quot;:240}\">\u00a0<\/span><\/p>\n<p><span data-contrast=\"auto\">Por otra parte, tambi\u00e9n se ha avanzado en relaci\u00f3n al Programa para la <\/span><span data-contrast=\"auto\">I<\/span><span data-contrast=\"auto\">nclusi\u00f3n y <\/span><span data-contrast=\"auto\">E<\/span><span data-contrast=\"auto\">quidad <\/span><span data-contrast=\"auto\">E<\/span><span data-contrast=\"auto\">ducativa (PIEE) financiado por la Secretar\u00eda de Educaci\u00f3n P\u00fablica (SEP). <\/span><span data-contrast=\"auto\">Con <\/span><span data-contrast=\"auto\">base <\/span><span data-contrast=\"auto\">en <\/span><span data-contrast=\"auto\">lo anterior, investigadores <\/span><span data-contrast=\"auto\">elabora<\/span><span data-contrast=\"auto\">ron <\/span><span data-contrast=\"auto\">un materi<\/span><span data-contrast=\"auto\">al en formato de libro titulado<\/span> <span data-contrast=\"auto\">\u201c<\/span><span data-contrast=\"auto\">Universidad incluyente: lineamientos para la atenci\u00f3n a estudiantes con discapacidad<\/span><span data-contrast=\"auto\">\u201d<\/span><span data-contrast=\"auto\">.<\/span><span data-ccp-props=\"{&quot;201341983&quot;:0,&quot;335559731&quot;:708,&quot;335559739&quot;:160,&quot;335559740&quot;:240}\">\u00a0<\/span><\/p>\n<p><span data-contrast=\"auto\">Desde ah\u00ed se aborda lo que ser\u00eda un lineamiento basado en todas las declaratorias que existen en t\u00e9rminos de derechos humanos a nivel<\/span><span data-contrast=\"auto\"> nacional e<\/span><span data-contrast=\"auto\"> internacional<\/span><span data-contrast=\"auto\">.<\/span><span data-ccp-props=\"{&quot;201341983&quot;:0,&quot;335559731&quot;:708,&quot;335559739&quot;:160,&quot;335559740&quot;:240}\">\u00a0<\/span><\/p>\n<p><span data-contrast=\"auto\">Adem\u00e1s, al interior de la Universidad s<\/span><span data-contrast=\"auto\">e trabaja en coordinaci\u00f3n con todas las entid<\/span><span data-contrast=\"auto\">ades que tienen que ver con el<\/span><span data-contrast=\"auto\"> tema, como la Direcci\u00f3n de Planeaci\u00f3n de Proyectos, <\/span><span data-contrast=\"auto\">a fin de <\/span><span data-contrast=\"auto\">que los espacios universitari<\/span><span data-contrast=\"auto\">os sean cada vez <\/span><span data-contrast=\"auto\">m\u00e1s amigables<\/span><span data-contrast=\"auto\"> con los<\/span><span data-contrast=\"auto\"> alumnos.<\/span><span data-ccp-props=\"{&quot;201341983&quot;:0,&quot;335559731&quot;:708,&quot;335559739&quot;:160,&quot;335559740&quot;:240}\">\u00a0<\/span><\/p>\n<p><span data-contrast=\"auto\">Al reiterar la detecci\u00f3n oportuna de estos j\u00f3venes cuando ingresan a la UV, dio a conocer la participaci\u00f3n de docentes y personal administrativo, con el prop\u00f3sito de eliminar barreras para su adecuado desempe\u00f1o.<\/span><span data-ccp-props=\"{&quot;201341983&quot;:0,&quot;335559731&quot;:708,&quot;335559739&quot;:160,&quot;335559740&quot;:240}\">\u00a0<\/span><\/p>\n<p><span data-contrast=\"auto\">A<\/span><span data-contrast=\"auto\">bund<\/span><span data-contrast=\"auto\">\u00f3 <\/span><span data-contrast=\"auto\">sobre el curso<\/span><span data-contrast=\"auto\">-taller sobre universidad inclusiva y<\/span><span data-contrast=\"auto\"> expuso que l<\/span><span data-contrast=\"auto\">a decisi\u00f3n de realizarse en Boca del R\u00edo<\/span><span data-contrast=\"auto\"> obedeci\u00f3 al avance mostrado en la atenci\u00f3n de<\/span><span data-contrast=\"auto\"> personas con discapacidad,<\/span><span data-contrast=\"auto\"> pues cuenta con un <\/span><span data-contrast=\"auto\">encargado del p<\/span><span data-contrast=\"auto\">rograma y enlaces en cada F<\/span><span data-contrast=\"auto\">acultad.<\/span><span data-ccp-props=\"{&quot;201341983&quot;:0,&quot;335559731&quot;:708,&quot;335559739&quot;:160,&quot;335559740&quot;:240}\">\u00a0<\/span><\/p>\n","protected":false},"excerpt":{"rendered":"<p>Se les da  seguimiento y apoyo a trav\u00e9s de programas de becas, y acompa\u00f1amiento efectivo por medio de tutores, cursos y talleres<\/p>\n","protected":false},"author":1508,"featured_media":72096,"comment_status":"closed","ping_status":"closed","sticky":false,"template":"","format":"standard","meta":[],"categories":[61],"tags":[],"_links":{"self":[{"href":"https:\/\/www.uv.mx\/prensa\/wp-json\/wp\/v2\/posts\/72095"}],"collection":[{"href":"https:\/\/www.uv.mx\/prensa\/wp-json\/wp\/v2\/posts"}],"about":[{"href":"https:\/\/www.uv.mx\/prensa\/wp-json\/wp\/v2\/types\/post"}],"author":[{"embeddable":true,"href":"https:\/\/www.uv.mx\/prensa\/wp-json\/wp\/v2\/users\/1508"}],"replies":[{"embeddable":true,"href":"https:\/\/www.uv.mx\/prensa\/wp-json\/wp\/v2\/comments?post=72095"}],"version-history":[{"count":0,"href":"https:\/\/www.uv.mx\/prensa\/wp-json\/wp\/v2\/posts\/72095\/revisions"}],"wp:featuredmedia":[{"embeddable":true,"href":"https:\/\/www.uv.mx\/prensa\/wp-json\/wp\/v2\/media\/72096"}],"wp:attachment":[{"href":"https:\/\/www.uv.mx\/prensa\/wp-json\/wp\/v2\/media?parent=72095"}],"wp:term":[{"taxonomy":"category","embeddable":true,"href":"https:\/\/www.uv.mx\/prensa\/wp-json\/wp\/v2\/categories?post=72095"},{"taxonomy":"post_tag","embeddable":true,"href":"https:\/\/www.uv.mx\/prensa\/wp-json\/wp\/v2\/tags?post=72095"}],"curies":[{"name":"wp","href":"https:\/\/api.w.org\/{rel}","templated":true}]}}