{"id":72064,"date":"2019-08-25T08:00:21","date_gmt":"2019-08-25T13:00:21","guid":{"rendered":"https:\/\/www.uv.mx\/prensa\/?p=72064"},"modified":"2019-08-23T10:15:43","modified_gmt":"2019-08-23T15:15:43","slug":"alumnos-de-qfb-dan-platicas-para-uso-seguro-de-medicamentos","status":"publish","type":"post","link":"https:\/\/www.uv.mx\/prensa\/general\/alumnos-de-qfb-dan-platicas-para-uso-seguro-de-medicamentos\/","title":{"rendered":"Alumnos de QFB dan pl\u00e1ticas para uso seguro de medicamentos\u00a0"},"content":{"rendered":"<ul>\n<li data-leveltext=\"\uf0b7\" data-font=\"Symbol\" data-listid=\"1\" data-aria-posinset=\"1\" data-aria-level=\"1\"><i><span data-contrast=\"auto\">La falta de adherencia <\/span><\/i><i><span data-contrast=\"auto\">farmacoterap\u00e9utica<\/span><\/i><i><span data-contrast=\"auto\"> retrasa la recuperaci\u00f3n en los pacientes<\/span><\/i><span data-ccp-props=\"{&quot;201341983&quot;:0,&quot;335559739&quot;:0,&quot;335559740&quot;:240}\">\u00a0<\/span><\/li>\n<\/ul>\n<p><span data-ccp-props=\"{&quot;201341983&quot;:0,&quot;335559739&quot;:0,&quot;335559740&quot;:240}\">\u00a0<\/span><\/p>\n<div id=\"attachment_72030\" style=\"width: 732px\" class=\"wp-caption aligncenter\"><a href=\"https:\/\/www.uv.mx\/prensa\/files\/2019\/08\/200819-Alumnos-QFB.jpg\"><img aria-describedby=\"caption-attachment-72030\" decoding=\"async\" loading=\"lazy\" class=\"size-full wp-image-72030\" src=\"https:\/\/www.uv.mx\/prensa\/files\/2019\/08\/200819-Alumnos-QFB.jpg\" alt=\"\" width=\"722\" height=\"481\" srcset=\"https:\/\/www.uv.mx\/prensa\/files\/2019\/08\/200819-Alumnos-QFB.jpg 722w, https:\/\/www.uv.mx\/prensa\/files\/2019\/08\/200819-Alumnos-QFB-300x200.jpg 300w\" sizes=\"(max-width: 722px) 100vw, 722px\" \/><\/a><p id=\"caption-attachment-72030\" class=\"wp-caption-text\">Jes\u00fas Eduardo J\u00e1come, Ligia Esmeralda Cadenas, Jos\u00e9 Locia, Susli Adriana Padilla y Jorge Alejandro Guzm\u00e1n<\/p><\/div>\n<p><b><i><\/i><\/b><span data-ccp-props=\"{&quot;201341983&quot;:0,&quot;335559739&quot;:0,&quot;335559740&quot;:240}\"><br \/>\n<\/span><\/p>\n<p>&nbsp;<\/p>\n<p><b><i><span data-contrast=\"auto\">Jos\u00e9 Luis <\/span><\/i><\/b><b><i><span data-contrast=\"auto\">Couttolenc<\/span><\/i><\/b><b><i><span data-contrast=\"auto\"> Soto<\/span><\/i><\/b><span data-ccp-props=\"{&quot;201341983&quot;:0,&quot;335559739&quot;:0,&quot;335559740&quot;:240}\">\u00a0<\/span><\/p>\n<p><b><i><span data-contrast=\"auto\">2<\/span><\/i><\/b><b><i><span data-contrast=\"auto\">5\/08\/2019, Xalapa, Ver.-<\/span><\/i><\/b><span data-contrast=\"auto\"> El incumplimiento farmacoterap\u00e9utico es un problema que retarda la recuperaci\u00f3n de los pacientes bajo tratamiento m\u00e9dico, lo que llev\u00f3 a los alumnos de la Facultad de Qu\u00edmica Farmac\u00e9utica Biol\u00f3gica (QFB) de la Universidad Veracruzana (UV) a realizar un estudio para conocer las razones de esta situaci\u00f3n y al mismo tiempo proporcionar informaci\u00f3n a los pacientes sobre el uso correcto y adecuado de medicamentos.<\/span><span data-ccp-props=\"{&quot;201341983&quot;:0,&quot;335559739&quot;:0,&quot;335559740&quot;:240}\">\u00a0<\/span><\/p>\n<p><span data-contrast=\"auto\">P<\/span><span data-contrast=\"auto\">revia autorizaci\u00f3n de las instancias correspondientes, <\/span><span data-contrast=\"auto\">l<\/span><span data-contrast=\"auto\">os <\/span><span data-contrast=\"auto\">alumnos tomaron la iniciativa de llevar a cabo una campa\u00f1a de promoci\u00f3n y medici\u00f3n de la adherencia al tratamiento <\/span><span data-contrast=\"auto\">farmacoterap\u00e9utico<\/span><span data-contrast=\"auto\">, por lo que desde junio de 2018 comenzaron a <\/span><span data-contrast=\"auto\">impartir <\/span><span data-contrast=\"auto\">las pl\u00e1ticas y posteriormente aplicar el test de <\/span><span data-contrast=\"auto\">Morisky<\/span><span data-contrast=\"auto\">-Green-<\/span><span data-contrast=\"auto\">Levine<\/span><span data-contrast=\"auto\"> a pacientes que acuden al <\/span><span data-contrast=\"auto\">C<\/span><span data-contrast=\"auto\">entro de <\/span><span data-contrast=\"auto\">S<\/span><span data-contrast=\"auto\">alud \u201cDr<\/span><span data-contrast=\"auto\">.<\/span><span data-contrast=\"auto\"> Gast\u00f3n Melo\u201d de Xalapa.<\/span><span data-ccp-props=\"{&quot;201341983&quot;:0,&quot;335559739&quot;:0,&quot;335559740&quot;:240}\">\u00a0<\/span><\/p>\n<p><span data-contrast=\"auto\">Ligia Esmeralda Cadenas <\/span><span data-contrast=\"auto\">Ferral<\/span><span data-contrast=\"auto\">, qu<\/span><span data-contrast=\"auto\">i<\/span><span data-contrast=\"auto\">e<\/span><span data-contrast=\"auto\">n<\/span><span data-contrast=\"auto\"> se encuentra en proceso de titulaci\u00f3n y coordina<\/span> <span data-contrast=\"auto\">el proyecto, explic\u00f3 que resultado de la encuesta se puede observar que s\u00f3lo <\/span><span data-contrast=\"auto\">el<\/span><span data-contrast=\"auto\"> 16 por ciento de los pacientes se apegan al tratamiento terap\u00e9utico, \u201cpor lo que es importante que tomen conciencia de que cuando un tratamiento se prolonga, el r\u00e9gimen terap\u00e9utico que el m\u00e9dico marca debe ser cumplido, de lo contrario las concentraciones plasm\u00e1ticas del f\u00e1rmaco administrado no son las adecuadas y no se obtiene el resultado deseado\u201d.<\/span><span data-ccp-props=\"{&quot;201341983&quot;:0,&quot;335559739&quot;:0,&quot;335559740&quot;:240}\">\u00a0<\/span><\/p>\n<p><span data-contrast=\"auto\">Refiri\u00f3 <\/span><span data-contrast=\"auto\">que<\/span><span data-contrast=\"auto\">,<\/span><span data-contrast=\"auto\"> de acuerdo a la literatura existente, se tiene conocimiento de que pa\u00edses en v\u00edas de desarrollo registran una adherencia terap\u00e9utica menor al 50 por ciento, mientras que en los pa\u00edses desarrollados la cifra es aproximadamente del 50 por ciento.<\/span><span data-ccp-props=\"{&quot;201341983&quot;:0,&quot;335559739&quot;:0,&quot;335559740&quot;:240}\">\u00a0<\/span><\/p>\n<p><span data-contrast=\"auto\">Cadenas <\/span><span data-contrast=\"auto\">Ferral<\/span><span data-contrast=\"auto\"> record\u00f3 que la iniciativa de realizar esta actividad en el <\/span><span data-contrast=\"auto\">Centro de Salud \u201cDr. Gast\u00f3n Melo\u201d<\/span> <span data-contrast=\"auto\">\u2013<\/span><span data-contrast=\"auto\">que tambi\u00e9n fue aplicada en el Centro de Bachillerato Tecnol\u00f3gico, Industrial y de Servicios (CBTIS) <\/span><span data-contrast=\"auto\">Plantel <\/span><span data-contrast=\"auto\">165<\/span> <span data-contrast=\"auto\">de Coatepec<\/span><span data-contrast=\"auto\">\u2013<\/span><span data-contrast=\"auto\"> surgi\u00f3 durante la clase de <\/span><span data-contrast=\"auto\">Biofarmacia<\/span><span data-contrast=\"auto\"> y Farmacocin\u00e9tica que impart\u00eda el docente Abraham <\/span><span data-contrast=\"auto\">Heriberto Soto Cid (ya fallecido), quien <\/span><span data-contrast=\"auto\">al comienzo del proyecto<\/span> <span data-contrast=\"auto\">proporcion\u00f3 apoyo acad\u00e9mico y gestion\u00f3 las autorizaciones necesarias para las actividades tanto en la Facultad de QFB como en el centro de salud<\/span><span data-contrast=\"auto\">.<\/span><span data-ccp-props=\"{&quot;201341983&quot;:0,&quot;335559739&quot;:0,&quot;335559740&quot;:240}\">\u00a0<\/span><\/p>\n<p><span data-contrast=\"auto\">La universitaria <\/span><span data-contrast=\"auto\">junto con sus compa\u00f1eros <\/span><span data-contrast=\"auto\">Susli<\/span><span data-contrast=\"auto\"> Adriana Padilla Figueroa, Jes\u00fas Eduardo J\u00e1come Dom\u00ednguez y Jorge Alejandro Guzm\u00e1n Landero Renter\u00eda, se abocaron al dise\u00f1o y aplicaci\u00f3n de la campa\u00f1a.<\/span><span data-ccp-props=\"{&quot;201341983&quot;:0,&quot;335559731&quot;:708,&quot;335559739&quot;:0,&quot;335559740&quot;:240}\">\u00a0<\/span><\/p>\n<p><span data-contrast=\"auto\">Por su parte el acad\u00e9mico Jos\u00e9 <\/span><span data-contrast=\"auto\">Locia<\/span><span data-contrast=\"auto\"> Espinoza,<\/span><span data-contrast=\"auto\"> profesor de la Facultad de QFB y<\/span><span data-contrast=\"auto\"> quien actualmente proporciona asesor\u00eda acad\u00e9mica a este proyecto, se\u00f1al\u00f3 que la adherencia <\/span><span data-contrast=\"auto\">farmacoterap\u00e9utica<\/span><span data-contrast=\"auto\"> se da cuando el paciente que est\u00e1 siendo atendido por un m\u00e9dico tiene h\u00e1bitos de cumplimiento de las indicaciones, \u201cy el no tener adherencia <\/span><span data-contrast=\"auto\">farmacoterap\u00e9utica<\/span><span data-contrast=\"auto\"> es un factor que puede influir en la no obtenci\u00f3n del resultado terap\u00e9utico deseado al realizar la prescripci\u00f3n\u201d.<\/span><span data-ccp-props=\"{&quot;201341983&quot;:0,&quot;335559739&quot;:0,&quot;335559740&quot;:240}\">\u00a0<\/span><\/p>\n<p><span data-contrast=\"auto\">Mencion\u00f3 que el proyecto de los j\u00f3venes universitarios se tiene previsto ampliarlo a otras instituciones de salud y de educaci\u00f3n.<\/span> <span data-contrast=\"auto\">Coment\u00f3 tambi\u00e9n que actividades como \u00e9sta son parte de la educaci\u00f3n para la salud, la cual constituye una de las funciones profesionales del farmac\u00e9utico indicadas en la normatividad mexicana.<\/span><span data-ccp-props=\"{&quot;201341983&quot;:0,&quot;335559731&quot;:708,&quot;335559739&quot;:0,&quot;335559740&quot;:240}\">\u00a0<\/span><\/p>\n","protected":false},"excerpt":{"rendered":"<p>Es importante que las personas cumplan con el r\u00e9gimen terap\u00e9utico que el m\u00e9dico indica cuando un tratamiento se prolonga\u00a0<\/p>\n","protected":false},"author":1869,"featured_media":72030,"comment_status":"closed","ping_status":"closed","sticky":false,"template":"","format":"standard","meta":[],"categories":[1],"tags":[],"_links":{"self":[{"href":"https:\/\/www.uv.mx\/prensa\/wp-json\/wp\/v2\/posts\/72064"}],"collection":[{"href":"https:\/\/www.uv.mx\/prensa\/wp-json\/wp\/v2\/posts"}],"about":[{"href":"https:\/\/www.uv.mx\/prensa\/wp-json\/wp\/v2\/types\/post"}],"author":[{"embeddable":true,"href":"https:\/\/www.uv.mx\/prensa\/wp-json\/wp\/v2\/users\/1869"}],"replies":[{"embeddable":true,"href":"https:\/\/www.uv.mx\/prensa\/wp-json\/wp\/v2\/comments?post=72064"}],"version-history":[{"count":0,"href":"https:\/\/www.uv.mx\/prensa\/wp-json\/wp\/v2\/posts\/72064\/revisions"}],"wp:featuredmedia":[{"embeddable":true,"href":"https:\/\/www.uv.mx\/prensa\/wp-json\/wp\/v2\/media\/72030"}],"wp:attachment":[{"href":"https:\/\/www.uv.mx\/prensa\/wp-json\/wp\/v2\/media?parent=72064"}],"wp:term":[{"taxonomy":"category","embeddable":true,"href":"https:\/\/www.uv.mx\/prensa\/wp-json\/wp\/v2\/categories?post=72064"},{"taxonomy":"post_tag","embeddable":true,"href":"https:\/\/www.uv.mx\/prensa\/wp-json\/wp\/v2\/tags?post=72064"}],"curies":[{"name":"wp","href":"https:\/\/api.w.org\/{rel}","templated":true}]}}