{"id":71811,"date":"2019-08-21T08:00:30","date_gmt":"2019-08-21T13:00:30","guid":{"rendered":"https:\/\/www.uv.mx\/prensa\/?p=71811"},"modified":"2019-08-23T09:30:31","modified_gmt":"2019-08-23T14:30:31","slug":"uv-sede-del-international-conference-on-engineering-veracruz-2019","status":"publish","type":"post","link":"https:\/\/www.uv.mx\/prensa\/eventos\/uv-sede-del-international-conference-on-engineering-veracruz-2019\/","title":{"rendered":"UV, sede del International Conference on Engineering Veracruz 2019"},"content":{"rendered":"<ul>\n<li data-leveltext=\"\uf0b7\" data-font=\"Symbol\" data-listid=\"1\" data-aria-posinset=\"1\" data-aria-level=\"1\"><i><span data-contrast=\"auto\">Del 14 al 17 de octubre en las instalaciones del Museo de Ciencia y Tecnolog\u00eda<\/span><\/i><span data-ccp-props=\"{&quot;134233279&quot;:true}\">\u00a0<\/span><\/li>\n<li data-leveltext=\"\uf0b7\" data-font=\"Symbol\" data-listid=\"1\" data-aria-posinset=\"2\" data-aria-level=\"1\"><i><span data-contrast=\"auto\">Se impartir\u00e1n cinco conferencias magistrales, a cargo de connotados especialistas a nivel internacional en el campo de las ingenier\u00edas<\/span><\/i><\/li>\n<\/ul>\n<p>&nbsp;<\/p>\n<div id=\"attachment_71725\" style=\"width: 732px\" class=\"wp-caption aligncenter\"><a href=\"https:\/\/www.uv.mx\/prensa\/files\/2019\/08\/130819-ICEV.jpg\"><img loading=\"lazy\" decoding=\"async\" aria-describedby=\"caption-attachment-71725\" class=\"size-full wp-image-71725\" src=\"https:\/\/www.uv.mx\/prensa\/files\/2019\/08\/130819-ICEV.jpg\" alt=\"Integrantes del Comit\u00e9 Organizador del ICEV en compa\u00f1\u00eda de Eduardo Gasca y Arturo Bocardo \" width=\"722\" height=\"481\" srcset=\"https:\/\/www.uv.mx\/prensa\/files\/2019\/08\/130819-ICEV.jpg 722w, https:\/\/www.uv.mx\/prensa\/files\/2019\/08\/130819-ICEV-300x200.jpg 300w\" sizes=\"auto, (max-width: 722px) 100vw, 722px\" \/><\/a><p id=\"caption-attachment-71725\" class=\"wp-caption-text\">Integrantes del Comit\u00e9 Organizador del ICEV en compa\u00f1\u00eda de Eduardo Gasca y Arturo Bocardo<\/p><\/div>\n<p>&nbsp;<\/p>\n<p><b><i><span data-contrast=\"auto\">Paola Cort\u00e9s P\u00e9rez<\/span><\/i><\/b><span data-ccp-props=\"{}\">\u00a0<\/span><\/p>\n<p><b><i><span data-contrast=\"auto\">21<\/span><\/i><\/b><b><i><span data-contrast=\"auto\">\/08\/2019, Xalapa, Ver.-<\/span><\/i><\/b><span data-contrast=\"auto\"> La Universidad Veracruzana (UV) y el Consejo Veracruzano de Investigaci\u00f3n Cient\u00edfica y Desarrollo Tecnol\u00f3gico (<\/span><i><span data-contrast=\"auto\">Coveicydet<\/span><\/i><span data-contrast=\"auto\">) llevar\u00e1n a cabo el International <\/span><span data-contrast=\"auto\">Conference<\/span> <span data-contrast=\"auto\">on<\/span> <span data-contrast=\"auto\">Engineering<\/span><span data-contrast=\"auto\"> Veracruz 2019 (ICEV), del 14 al 17 de octubre en las instalaciones del Museo de Ciencia y Tecnolog\u00eda de Xalapa.<\/span><span data-ccp-props=\"{}\">\u00a0<\/span><\/p>\n<p><span data-contrast=\"auto\">El evento es organizado por las direcciones generales de las <\/span><span data-contrast=\"auto\">\u00e1<\/span><span data-contrast=\"auto\">reas acad\u00e9micas T\u00e9cnica y Econ\u00f3mico-Administrativa de la UV, con apoyo de la Rector\u00eda, Secretar\u00eda Acad\u00e9mica y vicerrector\u00edas universitarias.<\/span><span data-ccp-props=\"{&quot;335559731&quot;:708}\">\u00a0<\/span><\/p>\n<p><span data-contrast=\"auto\">Jaime Mart\u00ednez Castillo, presidente del Comit\u00e9 Organizador del ICEV<\/span><span data-contrast=\"auto\">, <\/span><span data-contrast=\"auto\">record\u00f3 que <\/span><span data-contrast=\"auto\">el antecesor<\/span> <span data-contrast=\"auto\">del evento es <\/span><span data-contrast=\"auto\">el International <\/span><span data-contrast=\"auto\">Engineering<\/span><span data-contrast=\"auto\"> Summit, realizado en <\/span><span data-contrast=\"auto\">el p<\/span><span data-contrast=\"auto\">uerto de Veracruz, en el que se presentaron decenas de art\u00edculos cient\u00edficos.<\/span><span data-ccp-props=\"{&quot;335559731&quot;:708}\">\u00a0<\/span><\/p>\n<p><span data-contrast=\"auto\">Mencion\u00f3 que uno de los obj<\/span><span data-contrast=\"auto\">etivos del congreso es que los c<\/span><span data-contrast=\"auto\">uerpos <\/span><span data-contrast=\"auto\">a<\/span><span data-contrast=\"auto\">cad\u00e9micos <\/span><span data-contrast=\"auto\">(CA) <\/span><span data-contrast=\"auto\">de la UV <\/span><span data-contrast=\"auto\">den a conocer sus proyectos <\/span><span data-contrast=\"auto\">de investigaci\u00f3n y los publiquen<\/span><span data-contrast=\"auto\">, adem\u00e1s intercambien experiencias y aprendizajes con investigadores nacionales e internacionales.<\/span><span data-ccp-props=\"{&quot;335559731&quot;:708}\">\u00a0<\/span><\/p>\n<p><span data-contrast=\"auto\">Subray\u00f3 que los art\u00edculos participantes <\/span><span data-contrast=\"auto\">en esta primera edici\u00f3n del ICEV se <\/span><span data-contrast=\"auto\">compartir\u00e1n en la plataforma del Instituto de Ingenieros El\u00e9ctrico Electr\u00f3nicos (IEEE, <\/span><span data-contrast=\"auto\">por <\/span><span data-contrast=\"auto\">sus siglas en ingl\u00e9s)<\/span><span data-contrast=\"auto\">.<\/span><span data-ccp-props=\"{&quot;335559731&quot;:708}\">\u00a0<\/span><\/p>\n<p><span data-contrast=\"auto\">\u00c1ngel Eduardo Gasca Herrera, director general del \u00c1rea Acad\u00e9mica T\u00e9cnica,<\/span> <span data-contrast=\"auto\">expres\u00f3 que el congreso es resultado del trabajo en equipo <\/span><span data-contrast=\"auto\">de los programas educativos de I<\/span><span data-contrast=\"auto\">ngenier\u00eda de todas las regiones universitarias, \u201cqueremos que la Universidad contin\u00fae siendo un referente a nivel regional, estatal y nacional, referente en proyectos de investigaci\u00f3n\u201d.<\/span><span data-ccp-props=\"{&quot;335559731&quot;:708}\">\u00a0<\/span><\/p>\n<p><span data-contrast=\"auto\">Alma Delia Otero Escobar, responsable del Comit\u00e9 T\u00e9cnico del Programa del ICEV, <\/span><span data-contrast=\"auto\">detall\u00f3 que recibieron 75 art\u00edculos de diversas <\/span><span data-contrast=\"auto\">partes del mundo, de los cuales 64 fueron aceptados para presentarse.<\/span><span data-ccp-props=\"{&quot;335559731&quot;:708}\">\u00a0<\/span><\/p>\n<p><span data-contrast=\"auto\">Habr\u00e1 <\/span><span data-contrast=\"auto\">cinco conferenci<\/span><span data-contrast=\"auto\">as magistrales<\/span><span data-contrast=\"auto\"> con<\/span><span data-contrast=\"auto\"> temas de relevancia actual dentro del campo de las ingenier\u00edas: <\/span><span data-contrast=\"auto\">John D. M<\/span><span data-contrast=\"auto\">cDonald, especialista en <\/span><span data-contrast=\"auto\">s<\/span><span data-contrast=\"auto\">istemas de <\/span><span data-contrast=\"auto\">p<\/span><span data-contrast=\"auto\">otencias <\/span><span data-contrast=\"auto\">e<\/span><span data-contrast=\"auto\">l\u00e9ctricas<\/span><span data-contrast=\"auto\">, disertar\u00e1 acerca de modernizaci\u00f3n de la red: avances tecnol\u00f3gicos m\u00e1s all\u00e1 de la red inteligente<\/span><span data-contrast=\"auto\">; Jordi Domingo Pascual, de Universi<\/span><span data-contrast=\"auto\">dad Polit\u00e9<\/span><span data-contrast=\"auto\">cnica de Catalu<\/span><span data-contrast=\"auto\">\u00f1a,<\/span><span data-contrast=\"auto\"> Espa\u00f1a, hablar\u00e1 de la era del I<\/span><span data-contrast=\"auto\">nternet, tendencias y actualidades; <\/span><span data-contrast=\"auto\">Renetta<\/span> <span data-contrast=\"auto\">Garrison<\/span> <span data-contrast=\"auto\">Tull<\/span><span data-contrast=\"auto\">, de la Universidad de California Davis, Estados Unidos, <\/span><span data-contrast=\"auto\">versar\u00e1<\/span><span data-contrast=\"auto\"> sobre la ingenier\u00eda en la parte humanitaria; Jos\u00e9 David S\u00e1nchez, de la Comisi\u00f3n Federal de Electricidad (CFE), <\/span><span data-contrast=\"auto\">abordar\u00e1<\/span><span data-contrast=\"auto\"> la administraci\u00f3n de <\/span><span data-contrast=\"auto\">b<\/span><span data-contrast=\"auto\">ase de <\/span><span data-contrast=\"auto\">d<\/span><span data-contrast=\"auto\">atos con la <\/span><span data-contrast=\"auto\">n<\/span><span data-contrast=\"auto\">ormatividad ISO, y Jos\u00e9 Luis Elizalde, de la Compa\u00f1\u00eda I<\/span><span data-contrast=\"auto\">ntel<\/span><span data-contrast=\"auto\">, <\/span><span data-contrast=\"auto\">har\u00e1 lo propio con m<\/span><span data-contrast=\"auto\">etodolog\u00eda autom\u00e1tica de ubicaci\u00f3n y ruta para dise\u00f1os de se\u00f1ales digitales y mixtas<\/span><span data-contrast=\"auto\">.<\/span><span data-ccp-props=\"{&quot;335559731&quot;:708}\">\u00a0<\/span><\/p>\n<p><span data-contrast=\"auto\">Jacinto Enrique <\/span><span data-contrast=\"auto\">Pretel\u00ed<\/span><span data-contrast=\"auto\">n<\/span><span data-contrast=\"auto\"> Canela, encargado de la parte t\u00e9cnica de la operaci\u00f3n del congreso<\/span><span data-contrast=\"auto\">, <\/span><span data-contrast=\"auto\">dijo que tambi\u00e9n se impartir\u00e1n talleres t\u00e9cnicos enfocados en los estudiantes<\/span><span data-contrast=\"auto\">,<\/span><span data-contrast=\"auto\"> con el objetivo de cooperar en su formaci\u00f3n profesional al ampliar su panorama en el campo de las ingenier\u00edas.<\/span><span data-ccp-props=\"{&quot;335559731&quot;:708}\">\u00a0<\/span><\/p>\n<p><span data-contrast=\"auto\">Los talleres que se impartir\u00e1n tendr\u00e1n <\/span><span data-contrast=\"auto\">cupo limitado<\/span><span data-contrast=\"auto\"> y son: <\/span><i><span data-contrast=\"auto\">IoT<\/span><\/i><span data-contrast=\"auto\"> y tarjeta de desarrollo <\/span><i><span data-contrast=\"auto\">SigFox<\/span><\/i><span data-contrast=\"auto\">; Impresi\u00f3n en 3D; Dise\u00f1o en <\/span><i><span data-contrast=\"auto\">SolidWorks<\/span><\/i><span data-contrast=\"auto\">; Dise\u00f1o y mantenimiento de drones; Desarrollo de aplicaciones <\/span><i><span data-contrast=\"auto\">web<\/span><\/i><span data-contrast=\"auto\"> con<\/span> <span data-contrast=\"auto\">.net; Dise\u00f1o e implementaci\u00f3n de bases de datos con <\/span><i><span data-contrast=\"auto\">Oracle<\/span><\/i><span data-contrast=\"auto\">, y Simulador BWR y modelo de estado estable<\/span><span data-contrast=\"auto\">.<\/span><span data-ccp-props=\"{&quot;335559731&quot;:708}\">\u00a0<\/span><\/p>\n<p><span data-contrast=\"auto\">Para asistir a las conferencias, ponencias y talleres es necesario inscribirse en la p\u00e1gina oficial del evento <\/span><a href=\"https:\/\/www.uv.mx\/ieee-icev\/registration-fees-and-procedure\/\"><span data-contrast=\"none\">https:\/\/www.uv.mx\/ieee-icev\/registration-fees-and-procedure\/<\/span><\/a><span data-contrast=\"auto\">, <\/span><span data-contrast=\"auto\">as\u00ed como hacer <\/span><span data-contrast=\"auto\">un pago diferenciado puesto que es un evento autofinanciable, la fecha l\u00edmite es el lunes 30 de septiembre.<\/span><span data-ccp-props=\"{&quot;335559731&quot;:708}\">\u00a0<\/span><\/p>\n<p><span data-contrast=\"auto\">P<\/span><span data-contrast=\"auto\">or \u00faltimo, los integrantes del C<\/span><span data-contrast=\"auto\">omit\u00e9 <\/span><span data-contrast=\"auto\">O<\/span><span data-contrast=\"auto\">rganizador y \u00c1ngel Eduardo Gasca <\/span><span data-contrast=\"auto\">agradecieron el apoyo de la rectora Sara Ladr\u00f3n de Guevara<\/span><span data-contrast=\"auto\"> y<\/span><span data-contrast=\"auto\"> la secretaria Acad\u00e9mica, Magdalena Hern\u00e1ndez <\/span><span data-contrast=\"auto\">Alarc\u00f3n, <\/span><span data-contrast=\"auto\">as\u00ed como de los <\/span><span data-contrast=\"auto\">vicerrectores de las regiones universitarias y CA.<\/span><span data-ccp-props=\"{&quot;335559731&quot;:708}\">\u00a0<\/span><\/p>\n","protected":false},"excerpt":{"rendered":"<p>Para asistir a las conferencias, ponencias y talleres es necesario inscribirse en la p\u00e1gina https:\/\/www.uv.mx\/ieee-icev\/registration-fees-and-procedure\/ <\/p>\n","protected":false},"author":1775,"featured_media":71725,"comment_status":"closed","ping_status":"closed","sticky":false,"template":"","format":"standard","meta":{"footnotes":""},"categories":[47],"tags":[],"class_list":["post-71811","post","type-post","status-publish","format-standard","has-post-thumbnail","hentry","category-eventos"],"_links":{"self":[{"href":"https:\/\/www.uv.mx\/prensa\/wp-json\/wp\/v2\/posts\/71811","targetHints":{"allow":["GET"]}}],"collection":[{"href":"https:\/\/www.uv.mx\/prensa\/wp-json\/wp\/v2\/posts"}],"about":[{"href":"https:\/\/www.uv.mx\/prensa\/wp-json\/wp\/v2\/types\/post"}],"author":[{"embeddable":true,"href":"https:\/\/www.uv.mx\/prensa\/wp-json\/wp\/v2\/users\/1775"}],"replies":[{"embeddable":true,"href":"https:\/\/www.uv.mx\/prensa\/wp-json\/wp\/v2\/comments?post=71811"}],"version-history":[{"count":0,"href":"https:\/\/www.uv.mx\/prensa\/wp-json\/wp\/v2\/posts\/71811\/revisions"}],"wp:featuredmedia":[{"embeddable":true,"href":"https:\/\/www.uv.mx\/prensa\/wp-json\/wp\/v2\/media\/71725"}],"wp:attachment":[{"href":"https:\/\/www.uv.mx\/prensa\/wp-json\/wp\/v2\/media?parent=71811"}],"wp:term":[{"taxonomy":"category","embeddable":true,"href":"https:\/\/www.uv.mx\/prensa\/wp-json\/wp\/v2\/categories?post=71811"},{"taxonomy":"post_tag","embeddable":true,"href":"https:\/\/www.uv.mx\/prensa\/wp-json\/wp\/v2\/tags?post=71811"}],"curies":[{"name":"wp","href":"https:\/\/api.w.org\/{rel}","templated":true}]}}