{"id":71424,"date":"2019-08-08T08:10:17","date_gmt":"2019-08-08T13:10:17","guid":{"rendered":"https:\/\/www.uv.mx\/prensa\/?p=71424"},"modified":"2019-08-08T08:10:17","modified_gmt":"2019-08-08T13:10:17","slug":"curso-saberes-digitales-para-docentes-nivel-1-abre-inscripciones","status":"publish","type":"post","link":"https:\/\/www.uv.mx\/prensa\/general\/curso-saberes-digitales-para-docentes-nivel-1-abre-inscripciones\/","title":{"rendered":"Curso \u201cSaberes digitales para docentes nivel 1\u201d abre inscripciones"},"content":{"rendered":"<ul>\n<li data-leveltext=\"\uf0b7\" data-font=\"Symbol\" data-listid=\"2\" data-aria-posinset=\"1\" data-aria-level=\"1\"><i><span data-contrast=\"auto\">Es gratuito, t<\/span><\/i><i><span data-contrast=\"auto\">endr\u00e1 una duraci\u00f3n de cinco semanas<\/span><\/i> <i><span data-contrast=\"auto\">y se imparte a trav\u00e9s de la <\/span><\/i><i><span data-contrast=\"auto\">plataforma <\/span><\/i><i><span data-contrast=\"auto\">M\u00e9xico<\/span><\/i><i><span data-contrast=\"auto\">X<\/span><\/i><span data-ccp-props=\"{&quot;201341983&quot;:0,&quot;335559739&quot;:0,&quot;335559740&quot;:240}\">\u00a0<\/span><\/li>\n<li data-leveltext=\"\uf0b7\" data-font=\"Symbol\" data-listid=\"2\" data-aria-posinset=\"2\" data-aria-level=\"1\"><i><span data-contrast=\"auto\">Los interesados <\/span><\/i><i><span data-contrast=\"auto\">deben ingresar<\/span><\/i><i><span data-contrast=\"auto\"> a la p\u00e1gina <\/span><\/i><a href=\"http:\/\/www.mexicox.gob.mx\"><i><span data-contrast=\"none\">www.mexicox.gob.mx<\/span><\/i><\/a><i><span data-contrast=\"auto\">, buscar UV Saberes digitales para docentes nivel 1 e inscribirse<\/span><\/i><span data-ccp-props=\"{&quot;201341983&quot;:0,&quot;335559739&quot;:0,&quot;335559740&quot;:240}\">\u00a0<\/span><\/li>\n<\/ul>\n<p>&nbsp;<\/p>\n<div id=\"attachment_71411\" style=\"width: 732px\" class=\"wp-caption aligncenter\"><a href=\"https:\/\/www.uv.mx\/prensa\/files\/2019\/08\/070819-Curso-Saberes-digitales-1.jpg\"><img loading=\"lazy\" decoding=\"async\" aria-describedby=\"caption-attachment-71411\" class=\"size-full wp-image-71411\" src=\"https:\/\/www.uv.mx\/prensa\/files\/2019\/08\/070819-Curso-Saberes-digitales-1.jpg\" alt=\"\" width=\"722\" height=\"481\" srcset=\"https:\/\/www.uv.mx\/prensa\/files\/2019\/08\/070819-Curso-Saberes-digitales-1.jpg 722w, https:\/\/www.uv.mx\/prensa\/files\/2019\/08\/070819-Curso-Saberes-digitales-1-300x200.jpg 300w\" sizes=\"auto, (max-width: 722px) 100vw, 722px\" \/><\/a><p id=\"caption-attachment-71411\" class=\"wp-caption-text\">Alberto Ram\u00edrez Martinell y Miguel \u00c1ngel Casillas Alvarado, investigadores del CIIES<\/p><\/div>\n<p>&nbsp;<\/p>\n<p><b><i><span data-contrast=\"auto\">Jos\u00e9 Luis <\/span><\/i><\/b><b><i><span data-contrast=\"auto\">Couttolenc<\/span><\/i><\/b><b><i><span data-contrast=\"auto\"> Soto<\/span><\/i><\/b><span data-ccp-props=\"{&quot;201341983&quot;:0,&quot;335559739&quot;:0,&quot;335559740&quot;:240}\">\u00a0<\/span><\/p>\n<p><span data-ccp-props=\"{&quot;201341983&quot;:0,&quot;335559739&quot;:0,&quot;335559740&quot;:240}\">\u00a0<\/span><b><i><span data-contrast=\"auto\">08<\/span><\/i><\/b><b><i><span data-contrast=\"auto\">\/0<\/span><\/i><\/b><b><i><span data-contrast=\"auto\">8<\/span><\/i><\/b><b><i><span data-contrast=\"auto\">\/19<\/span><\/i><\/b><b><i><span data-contrast=\"auto\">, Xalapa, Ver.-<\/span><\/i><\/b> <span data-contrast=\"auto\">E<\/span><span data-contrast=\"auto\">l curso <\/span><span data-contrast=\"auto\">\u201c<\/span><span data-contrast=\"auto\">Saberes digitales para docentes nivel 1<\/span><span data-contrast=\"auto\">\u201d<\/span><span data-contrast=\"auto\">, <\/span><span data-contrast=\"auto\">d<\/span><span data-contrast=\"auto\">ise\u00f1ado por un grupo de trabajo del Centro de Investigaci\u00f3n e Innovaci\u00f3n en Educaci\u00f3n Superior (CIIES) de <\/span><span data-contrast=\"auto\">la Universidad Veracruzana (UV) y<\/span> <span data-contrast=\"auto\">que se imparte a trav\u00e9s de la <\/span><span data-contrast=\"auto\">plataforma <\/span><span data-contrast=\"auto\">M\u00e9xico<\/span><span data-contrast=\"auto\">X<\/span><span data-contrast=\"auto\">,<\/span><span data-contrast=\"auto\"> abri\u00f3 sus inscripciones para su tercera emisi\u00f3n, <\/span><span data-contrast=\"auto\">d<\/span><span data-contrast=\"auto\">el 6 de agosto <\/span><span data-contrast=\"auto\">al <\/span><span data-contrast=\"auto\">15 de septiembre,<\/span> <span data-contrast=\"auto\">e<\/span><span data-contrast=\"auto\"> iniciar\u00e1 actividades<\/span> <span data-contrast=\"auto\">el <\/span><span data-contrast=\"auto\">9<\/span><span data-contrast=\"auto\"> de es<\/span><span data-contrast=\"auto\">t<\/span><span data-contrast=\"auto\">e <\/span><span data-contrast=\"auto\">\u00faltimo<\/span><span data-contrast=\"auto\"> mes<\/span><span data-contrast=\"auto\">.<\/span><span data-ccp-props=\"{&quot;201341983&quot;:0,&quot;335559739&quot;:0,&quot;335559740&quot;:240}\">\u00a0<\/span><\/p>\n<p><span data-contrast=\"auto\">Lo anterior lo dieron a conocer los investigadores del CIIES Alberto Ram\u00edrez <\/span><span data-contrast=\"auto\">Martinell<\/span><span data-contrast=\"auto\"> y Miguel \u00c1ngel Casillas Alvarado, quienes explicaron que el curso est\u00e1 dirigido a docentes, alumnos de cualquier carrera e interesados en los saberes digitales, quienes deber\u00e1n contar con conocimientos b\u00e1sicos sobre el uso de navegadores<\/span><span data-contrast=\"auto\"> d<\/span><span data-contrast=\"auto\">e Internet.<\/span><span data-ccp-props=\"{&quot;201341983&quot;:0,&quot;335559739&quot;:0,&quot;335559740&quot;:240}\">\u00a0<\/span><\/p>\n<p><span data-contrast=\"auto\">Casillas Alvarado apunt\u00f3 que es un curso virtual de cinco semanas, en las que los alumnos hacen lecturas, miran videos y realizan tareas; \u201ctodos son esfuerzos para favorecer que los docentes cuenten con m\u00e1s herramientas tecnol\u00f3gicas que les permitan incorporar a su trabajo la modernizaci\u00f3n y el cambio de los sistemas de ense\u00f1anza convencionales\u201d.<\/span><span data-ccp-props=\"{&quot;201341983&quot;:0,&quot;335559739&quot;:0,&quot;335559740&quot;:240}\">\u00a0<\/span><\/p>\n<p><span data-contrast=\"auto\">Para ello, Ram\u00edrez <\/span><span data-contrast=\"auto\">Martinell<\/span><span data-contrast=\"auto\"> explic\u00f3 que el <\/span><span data-contrast=\"auto\">curso contempla<\/span> <span data-contrast=\"auto\">10<\/span> <span data-contrast=\"auto\">saberes digitales: A<\/span><span data-contrast=\"auto\">dministraci\u00f3n de<\/span> <span data-contrast=\"auto\">dispositivos digitales para el adecuado manejo<\/span><span data-contrast=\"auto\"> de los recursos nativos de un tel\u00e9fono inteligente (fotos, video, audio, texto y comunicaci\u00f3n); Administraci\u00f3n de archivos inform\u00e1ticos; Conocimiento en el uso de programas y sistemas de informaci\u00f3n especializadas; <\/span><span data-contrast=\"auto\">Literacidad<\/span><span data-contrast=\"auto\"> digital; Creaci\u00f3n y manipulaci\u00f3n de textos, y textos enriquecidos; Creaci\u00f3n y manipulaci\u00f3n conjunta de datos; Saber comunicarse en entornos digitales; Saber socializar y co<\/span><span data-contrast=\"auto\">laborar en entornos digitales; E<\/span><span data-contrast=\"auto\">jercer y respetar una ciudadan\u00eda digital; Crear y manipular medios y multimedia.<\/span><span data-ccp-props=\"{&quot;201341983&quot;:0,&quot;335559739&quot;:0,&quot;335559740&quot;:240}\">\u00a0<\/span><\/p>\n<p><span data-contrast=\"auto\">E<\/span><span data-contrast=\"auto\">l investigador <\/span><span data-contrast=\"auto\">m<\/span><span data-contrast=\"auto\">encion\u00f3 <\/span><span data-contrast=\"auto\">que en las primera<\/span><span data-contrast=\"auto\">s dos <\/span><span data-contrast=\"auto\">emisiones del <\/span><span data-contrast=\"auto\">curso<\/span><span data-contrast=\"auto\"> se capacit\u00f3 a 13 mil estudiantes, por lo que se esp<\/span><span data-contrast=\"auto\">era que en esta tercera <\/span><span data-contrast=\"auto\">la demanda sea<\/span><span data-contrast=\"auto\"> cercana a los<\/span><span data-contrast=\"auto\"> 10 mil alumnos<\/span><span data-contrast=\"auto\">, con lo que <\/span><span data-contrast=\"auto\">se estar\u00eda<\/span> <span data-contrast=\"auto\">superando<\/span><span data-contrast=\"auto\"> los 20 mil capacitados a trav\u00e9s de esta modalidad \u201cque es una opci\u00f3n de formaci\u00f3n informal muy viable y que puede ser de gran utilidad para las universidades\u201d.<\/span><span data-ccp-props=\"{&quot;201341983&quot;:0,&quot;335559739&quot;:0,&quot;335559740&quot;:240}\">\u00a0<\/span><\/p>\n<p><span data-contrast=\"auto\">Los interesados en tomar el curso, que <\/span><span data-contrast=\"auto\">es abierto y gratuito, deben <\/span><span data-contrast=\"auto\">ir <\/span><span data-contrast=\"auto\">a <\/span><span data-contrast=\"auto\">la p\u00e1gina <\/span><a href=\"http:\/\/www.mexicox.gob.mx\"><span data-contrast=\"none\">www.mexi<\/span><span data-contrast=\"none\">c<\/span><span data-contrast=\"none\">ox.gob.mx<\/span><\/a><span data-contrast=\"auto\">, buscar UV Saberes digitales para docentes nivel 1 e inscribirse.<\/span><span data-ccp-props=\"{&quot;201341983&quot;:0,&quot;335559739&quot;:0,&quot;335559740&quot;:240}\">\u00a0<\/span><\/p>\n<p><span data-contrast=\"auto\">A<\/span><span data-contrast=\"auto\">mbos investigadores coincidieron en se\u00f1alar que el curso <\/span><span data-contrast=\"auto\">ser\u00e1 <\/span><span data-contrast=\"auto\">en la modalidad MOOC (<\/span><span data-contrast=\"auto\">Massive<\/span><span data-contrast=\"auto\"> Open Online<\/span> <span data-contrast=\"auto\">Course<\/span><span data-contrast=\"auto\">), que est\u00e1<\/span><span data-contrast=\"auto\"> incorporada a la p<\/span><span data-contrast=\"auto\">lataf<\/span><span data-contrast=\"auto\">orma <\/span><span data-contrast=\"auto\">M\u00e9xico<\/span><span data-contrast=\"auto\">X<\/span><span data-contrast=\"auto\"> y fue creada para docentes<\/span> <span data-contrast=\"auto\">y profesionales de la educaci\u00f3n que buscan informaci\u00f3n \u00fatil para una habilitaci\u00f3n digital inicial acompa\u00f1ada de una estructura did\u00e1ctica graduada.<\/span><span data-ccp-props=\"{&quot;201341983&quot;:0,&quot;335559739&quot;:0,&quot;335559740&quot;:240}\">\u00a0<\/span><\/p>\n<p><span data-contrast=\"auto\">\u201cEl aprendizaje que se tiene con este curso descansa sobre una base de confianza<\/span> <span data-contrast=\"auto\">en donde los docentes buscan <\/span><span data-contrast=\"auto\">\u2013<\/span><span data-contrast=\"auto\">m\u00e1s all\u00e1 del certificado<\/span><span data-contrast=\"auto\">\u2013<\/span><span data-contrast=\"auto\"> desarrollar sus saberes digitales para movilizarlos<\/span><span data-contrast=\"auto\"> en contextos escolares\u201d, concluyeron.<\/span><span data-ccp-props=\"{&quot;201341983&quot;:0,&quot;335559739&quot;:0,&quot;335559740&quot;:240}\">\u00a0<\/span><\/p>\n","protected":false},"excerpt":{"rendered":"<p>En las primeras dos emisiones del curso se capacit\u00f3 a 13 mil estudiantes, por lo que se espera que en esta ocasi\u00f3n la demanda sea cercana a los 10 mil<\/p>\n","protected":false},"author":1508,"featured_media":71411,"comment_status":"closed","ping_status":"closed","sticky":false,"template":"","format":"standard","meta":{"footnotes":""},"categories":[1],"tags":[],"class_list":["post-71424","post","type-post","status-publish","format-standard","has-post-thumbnail","hentry","category-general"],"_links":{"self":[{"href":"https:\/\/www.uv.mx\/prensa\/wp-json\/wp\/v2\/posts\/71424","targetHints":{"allow":["GET"]}}],"collection":[{"href":"https:\/\/www.uv.mx\/prensa\/wp-json\/wp\/v2\/posts"}],"about":[{"href":"https:\/\/www.uv.mx\/prensa\/wp-json\/wp\/v2\/types\/post"}],"author":[{"embeddable":true,"href":"https:\/\/www.uv.mx\/prensa\/wp-json\/wp\/v2\/users\/1508"}],"replies":[{"embeddable":true,"href":"https:\/\/www.uv.mx\/prensa\/wp-json\/wp\/v2\/comments?post=71424"}],"version-history":[{"count":0,"href":"https:\/\/www.uv.mx\/prensa\/wp-json\/wp\/v2\/posts\/71424\/revisions"}],"wp:featuredmedia":[{"embeddable":true,"href":"https:\/\/www.uv.mx\/prensa\/wp-json\/wp\/v2\/media\/71411"}],"wp:attachment":[{"href":"https:\/\/www.uv.mx\/prensa\/wp-json\/wp\/v2\/media?parent=71424"}],"wp:term":[{"taxonomy":"category","embeddable":true,"href":"https:\/\/www.uv.mx\/prensa\/wp-json\/wp\/v2\/categories?post=71424"},{"taxonomy":"post_tag","embeddable":true,"href":"https:\/\/www.uv.mx\/prensa\/wp-json\/wp\/v2\/tags?post=71424"}],"curies":[{"name":"wp","href":"https:\/\/api.w.org\/{rel}","templated":true}]}}