{"id":71405,"date":"2019-08-07T20:45:06","date_gmt":"2019-08-08T01:45:06","guid":{"rendered":"https:\/\/www.uv.mx\/prensa\/?p=71405"},"modified":"2019-08-07T20:45:06","modified_gmt":"2019-08-08T01:45:06","slug":"inicio-la-escuela-de-verano-en-ingenieria-de-software","status":"publish","type":"post","link":"https:\/\/www.uv.mx\/prensa\/eventos\/inicio-la-escuela-de-verano-en-ingenieria-de-software\/","title":{"rendered":"Inici\u00f3 la Escuela de Verano en Ingenier\u00eda de <em>Software<\/em>"},"content":{"rendered":"<ul>\n<li data-leveltext=\"\uf0b7\" data-font=\"Symbol\" data-listid=\"1\" data-aria-posinset=\"1\" data-aria-level=\"1\"><i><span data-contrast=\"auto\">Su realizaci\u00f3n contribuye a la <\/span><\/i><i><span data-contrast=\"auto\">formaci\u00f3n y desarrollo de profesionistas del \u00e1rea de <\/span><\/i><i><span data-contrast=\"auto\">i<\/span><\/i><i><span data-contrast=\"auto\">ngenier\u00eda de <\/span><\/i><span data-contrast=\"auto\">s<\/span><span data-contrast=\"auto\">oftware<\/span><span data-ccp-props=\"{&quot;134233279&quot;:true,&quot;201341983&quot;:0,&quot;335559739&quot;:160,&quot;335559740&quot;:240}\">\u00a0<\/span><\/li>\n<li data-leveltext=\"\uf0b7\" data-font=\"Symbol\" data-listid=\"1\" data-aria-posinset=\"2\" data-aria-level=\"1\"><i><span data-contrast=\"auto\">Fue inaugurada<\/span><\/i> <i><span data-contrast=\"auto\">por Carlos Alberto Ochoa Rivera, director de la FEI-UV<\/span><\/i><i><span data-contrast=\"auto\">, y <\/span><\/i><i><span data-contrast=\"auto\">p<\/span><\/i><i><span data-contrast=\"auto\">articipan<\/span><\/i><i><span data-contrast=\"auto\"> estudiantes de varias disciplinas<\/span><\/i><span data-ccp-props=\"{&quot;134233279&quot;:true,&quot;201341983&quot;:0,&quot;335559739&quot;:160,&quot;335559740&quot;:240}\">\u00a0<\/span><\/li>\n<\/ul>\n<p>&nbsp;<\/p>\n<div id=\"attachment_71408\" style=\"width: 732px\" class=\"wp-caption aligncenter\"><a href=\"https:\/\/www.uv.mx\/prensa\/files\/2019\/08\/070819-ESCUELA-DE-VERANO-1.jpg\"><img loading=\"lazy\" decoding=\"async\" aria-describedby=\"caption-attachment-71408\" class=\"size-full wp-image-71408\" src=\"https:\/\/www.uv.mx\/prensa\/files\/2019\/08\/070819-ESCUELA-DE-VERANO-1.jpg\" alt=\"\" width=\"722\" height=\"481\" srcset=\"https:\/\/www.uv.mx\/prensa\/files\/2019\/08\/070819-ESCUELA-DE-VERANO-1.jpg 722w, https:\/\/www.uv.mx\/prensa\/files\/2019\/08\/070819-ESCUELA-DE-VERANO-1-300x200.jpg 300w\" sizes=\"auto, (max-width: 722px) 100vw, 722px\" \/><\/a><p id=\"caption-attachment-71408\" class=\"wp-caption-text\">Mar\u00eda Karen Cort\u00e9s Verd\u00edn, jefa de carrera de la Licenciatura en Ingenier\u00eda de <em>Software<\/em><\/p><\/div>\n<p>&nbsp;<\/p>\n<p><b><i><span data-contrast=\"auto\">Claudia Peralta V\u00e1zquez<\/span><\/i><\/b><span data-ccp-props=\"{&quot;201341983&quot;:0,&quot;335559739&quot;:160,&quot;335559740&quot;:240}\">\u00a0<\/span><\/p>\n<p><b><i><span data-contrast=\"auto\">07<\/span><\/i><\/b><b><i><span data-contrast=\"auto\">\/<\/span><\/i><\/b><b><i><span data-contrast=\"auto\">08<\/span><\/i><\/b><b><i><span data-contrast=\"auto\">\/<\/span><\/i><\/b><b><i><span data-contrast=\"auto\">19, Xalapa, Ver.- <\/span><\/i><\/b><span data-contrast=\"auto\">Desde la perspectiva de la i<\/span><span data-contrast=\"auto\">nteligencia <\/span><span data-contrast=\"auto\">a<\/span><span data-contrast=\"auto\">rtificial (IA)<\/span><span data-contrast=\"auto\">, la Facultad de <\/span><span data-contrast=\"auto\">Estad\u00edstica e Inform\u00e1tica <\/span><span data-contrast=\"auto\">(FEI) <\/span><span data-contrast=\"auto\">de la Universidad Veracruzana<\/span><span data-contrast=\"auto\"> (UV)<\/span><span data-contrast=\"auto\"> realiza del 6 al 9 de agosto la <\/span><span data-contrast=\"auto\">Escuela de Verano en I<\/span><span data-contrast=\"auto\">ngenier\u00eda de <\/span><i><span data-contrast=\"auto\">Software<\/span><\/i><span data-contrast=\"auto\">, con el prop\u00f3sito de contribuir a la formaci\u00f3n y desarrollo de profesionistas adscritos a esta disciplina.<\/span><span data-ccp-props=\"{&quot;201341983&quot;:0,&quot;335559739&quot;:160,&quot;335559740&quot;:240}\">\u00a0<\/span><\/p>\n<p><span data-contrast=\"auto\">La inauguraci\u00f3n tuvo lugar el<\/span><span data-contrast=\"auto\"> mi\u00e9rcoles 7 de agosto en el auditorio de la FEI, y fue encabezada por Carlos Alberto <\/span><span data-contrast=\"auto\">Ochoa Rivera, director de esta F<\/span><span data-contrast=\"auto\">acultad, quien consider\u00f3 todo un acierto el desarrollo de este curso re<\/span><span data-contrast=\"auto\">alizado por primera vez en 2015 a iniciativa del cuerpo acad\u00e9mico (CA) Ingenier\u00eda y Tecnolog\u00eda de <\/span><i><span data-contrast=\"auto\">Software<\/span><\/i><span data-contrast=\"auto\">.<\/span><span data-ccp-props=\"{&quot;201341983&quot;:0,&quot;335559731&quot;:708,&quot;335559739&quot;:160,&quot;335559740&quot;:240}\">\u00a0<\/span><\/p>\n<p><span data-contrast=\"auto\">Se\u00f1al\u00f3 que estas actividades contri<\/span><span data-contrast=\"auto\">buyen totalmente <\/span><span data-contrast=\"auto\">a<\/span><span data-contrast=\"auto\"> la formaci\u00f3n de los universitarios, espec\u00edficamente de <\/span><span data-contrast=\"auto\">quienes<\/span><span data-contrast=\"auto\"> cursan el programa educativo (PE) Ingenier\u00eda de <\/span><i><span data-contrast=\"auto\">Software<\/span><\/i><span data-contrast=\"auto\">; n<\/span><span data-contrast=\"auto\">o obstante, el inter\u00e9s tambi\u00e9n se ha despertado en est<\/span><span data-contrast=\"auto\">udiantes de otras carreras como<\/span><span data-contrast=\"auto\"> Tecnolog\u00edas Computacionales, Redes y Servicios de C\u00f3mputo, Ciencias y T\u00e9cnicas Estad\u00edsticas, entre otras.<\/span><span data-ccp-props=\"{&quot;201341983&quot;:0,&quot;335559739&quot;:160,&quot;335559740&quot;:240}\">\u00a0<\/span><\/p>\n<p><span data-contrast=\"auto\">Al subrayar que la I<\/span><span data-contrast=\"auto\">A <\/span><span data-contrast=\"auto\">representa hoy en d\u00eda un \u00e1rea de oportunidad para los egresados de Ingenier\u00eda de <\/span><i><span data-contrast=\"auto\">Software<\/span><\/i><span data-contrast=\"auto\">, resalt\u00f3 que el resto de las regiones universitarias donde se imparte este PE tambi\u00e9n han solicitado la implementaci\u00f3n de la Escuela de Verano.<\/span><span data-ccp-props=\"{&quot;201341983&quot;:0,&quot;335559731&quot;:708,&quot;335559739&quot;:160,&quot;335559740&quot;:240}\">\u00a0<\/span><\/p>\n<p><span data-contrast=\"auto\">Por su parte, <\/span><span data-contrast=\"auto\">Mar\u00eda Karen Cort\u00e9s Verd\u00edn, jefa de carrera de la <\/span><span data-contrast=\"auto\">L<\/span><span data-contrast=\"auto\">icenciatura de Ingenier\u00eda de Software, dio a conocer que durante cuatro d\u00edas los participantes habr\u00e1n de asistir a cursos, talleres, conferencias y mesas redondas.<\/span><span data-ccp-props=\"{&quot;201341983&quot;:0,&quot;335559731&quot;:708,&quot;335559739&quot;:160,&quot;335559740&quot;:240}\">\u00a0<\/span><\/p>\n<p>&nbsp;<\/p>\n<div id=\"attachment_71407\" style=\"width: 732px\" class=\"wp-caption aligncenter\"><a href=\"https:\/\/www.uv.mx\/prensa\/files\/2019\/08\/070819-ESCUELA-DE-VERANO-2.jpg\"><img loading=\"lazy\" decoding=\"async\" aria-describedby=\"caption-attachment-71407\" class=\"size-full wp-image-71407\" src=\"https:\/\/www.uv.mx\/prensa\/files\/2019\/08\/070819-ESCUELA-DE-VERANO-2.jpg\" alt=\"\" width=\"722\" height=\"481\" srcset=\"https:\/\/www.uv.mx\/prensa\/files\/2019\/08\/070819-ESCUELA-DE-VERANO-2.jpg 722w, https:\/\/www.uv.mx\/prensa\/files\/2019\/08\/070819-ESCUELA-DE-VERANO-2-300x200.jpg 300w\" sizes=\"auto, (max-width: 722px) 100vw, 722px\" \/><\/a><p id=\"caption-attachment-71407\" class=\"wp-caption-text\">Mar\u00eda Karen Cort\u00e9s Verd\u00edn, jefa de carrera de la Licenciatura en Ingenier\u00eda de <em>Software<\/em><\/p><\/div>\n<p>&nbsp;<\/p>\n<p><span data-contrast=\"auto\">Coment\u00f3 que al inicio de esta estrategia se cuestionaron sobre la asistencia que habr\u00eda, puesto que pensaban que los alumnos no estaban listos para este tipo de actividades; sin embargo, con el paso del tiempo se ha incrementado el n\u00famero de <\/span><span data-contrast=\"auto\">participantes<\/span><span data-contrast=\"auto\">, quienes en breve tambi\u00e9n habr\u00e1n de sumarse a la fuerza laboral del pa\u00eds.<\/span><span data-ccp-props=\"{&quot;201341983&quot;:0,&quot;335559731&quot;:708,&quot;335559739&quot;:160,&quot;335559740&quot;:240}\">\u00a0<\/span><\/p>\n<p><span data-contrast=\"auto\">La acad\u00e9mica dio a conocer que cada <\/span><span data-contrast=\"auto\">a\u00f1o se elige un <\/span><span data-contrast=\"auto\">tema asociado con la disciplina, por lo que en esta ocasi\u00f3n se pens\u00f3 en la IA, a prop\u00f3sito de los <\/span><span data-contrast=\"auto\">25 a\u00f1o<\/span><span data-contrast=\"auto\">s de <\/span><span data-contrast=\"auto\">i<\/span><span data-contrast=\"auto\">nteligencia <\/span><span data-contrast=\"auto\">a<\/span><span data-contrast=\"auto\">rtificial en Xalapa y del inicio de la Maestr\u00eda en IA en el Centro de Investigaci\u00f3n en Inteligencia Artificial (CIIA) de la UV.<\/span><span data-ccp-props=\"{&quot;201341983&quot;:0,&quot;335559731&quot;:708,&quot;335559739&quot;:160,&quot;335559740&quot;:240}\">\u00a0<\/span><\/p>\n<p><span data-contrast=\"auto\">Cort\u00e9s Verd\u00edn<\/span><span data-contrast=\"auto\"> expres\u00f3 que <\/span><span data-contrast=\"auto\">pareciera que ambas disciplinas no tienen nada en com\u00fan, pero es todo lo contrario<\/span><span data-contrast=\"auto\">, ya que actualmente <\/span><span data-contrast=\"auto\">existen varias tendencias en IA relaciona<\/span><span data-contrast=\"auto\">das con<\/span><span data-contrast=\"auto\"> la<\/span> <span data-contrast=\"auto\">i<\/span><span data-contrast=\"auto\">ngenier\u00eda de <\/span><i><span data-contrast=\"auto\">s<\/span><\/i><i><span data-contrast=\"auto\">oftware<\/span><\/i><span data-contrast=\"auto\">, e<\/span><span data-contrast=\"auto\">s as\u00ed que durante estos d\u00edas se contar\u00e1 con expertos invitad<\/span><span data-contrast=\"auto\">os para<\/span><span data-contrast=\"auto\"> conocer m\u00e1s sobre <\/span><span data-contrast=\"auto\">ello<\/span><span data-contrast=\"auto\">.<\/span><span data-ccp-props=\"{&quot;201341983&quot;:0,&quot;335559731&quot;:708,&quot;335559739&quot;:160,&quot;335559740&quot;:240}\">\u00a0<\/span><\/p>\n<p><span data-contrast=\"auto\">Entre los cursos que ser\u00e1n impartidos destaca <\/span><span data-contrast=\"auto\">I<\/span><span data-contrast=\"auto\">ntroducci\u00f3n a<\/span><span data-contrast=\"auto\">l <\/span><span data-contrast=\"auto\">A<\/span><span data-contrast=\"auto\">prendizaje <\/span><span data-contrast=\"auto\">M<\/span><span data-contrast=\"auto\">\u00e1quina con Pytho<\/span><span data-contrast=\"auto\">n<\/span><span data-contrast=\"auto\">. <\/span><span data-contrast=\"auto\">Los d\u00edas<\/span><span data-contrast=\"auto\"> 8 y 9 de agosto<\/span> <span data-contrast=\"auto\">se ofrecer\u00e1n dos conferencias magistrales,<\/span> <span data-contrast=\"auto\">respectivamente, <\/span><span data-contrast=\"auto\">a partir de las 9<\/span><span data-contrast=\"auto\">:00<\/span><span data-contrast=\"auto\"> horas.<\/span><span data-ccp-props=\"{&quot;201341983&quot;:0,&quot;335559731&quot;:708,&quot;335559739&quot;:160,&quot;335559740&quot;:240}\">\u00a0<\/span><\/p>\n<p><span data-contrast=\"auto\">La prim<\/span><span data-contrast=\"auto\">era se denomina \u201cIngenier\u00eda de <\/span><i><span data-contrast=\"auto\">s<\/span><\/i><i><span data-contrast=\"auto\">oftware<\/span><\/i><span data-contrast=\"auto\"> orientada a agentes:<\/span> <span data-contrast=\"auto\">Jason<\/span><span data-contrast=\"auto\"> en el CIIA<\/span><span data-contrast=\"auto\">\u201d<\/span><span data-contrast=\"auto\">, a cargo de <\/span><span data-contrast=\"auto\">Alejandro Guerra Hern\u00e1ndez<\/span><span data-contrast=\"auto\">; mientras que la segunda se titula <\/span><span data-contrast=\"auto\">\u201c<\/span><span data-contrast=\"auto\">Administraci\u00f3n de proyectos en incertidumbre<\/span><span data-contrast=\"auto\">\u201d<\/span><span data-contrast=\"auto\">, por<\/span><span data-contrast=\"auto\"> Homero Vladimir R\u00edos Figueroa<\/span><span data-contrast=\"auto\">.<\/span><span data-contrast=\"auto\"> Ambos son investigadores<\/span><span data-contrast=\"auto\"> del CIIA.<\/span><span data-ccp-props=\"{&quot;201341983&quot;:0,&quot;335559731&quot;:708,&quot;335559739&quot;:160,&quot;335559740&quot;:240}\">\u00a0<\/span><\/p>\n<p><span data-contrast=\"auto\">En <\/span><span data-contrast=\"auto\">este acto estuvo Minerva Reyes F\u00e9lix, s<\/span><span data-contrast=\"auto\">ecretaria Acad\u00e9mica de la FEI<\/span><span data-contrast=\"auto\">, as\u00ed como acad\u00e9micos y alumnos.<\/span><span data-ccp-props=\"{&quot;201341983&quot;:0,&quot;335559731&quot;:708,&quot;335559739&quot;:160,&quot;335559740&quot;:240}\">\u00a0<\/span><\/p>\n<p>&nbsp;<\/p>\n<div id=\"attachment_71406\" style=\"width: 732px\" class=\"wp-caption aligncenter\"><a href=\"https:\/\/www.uv.mx\/prensa\/files\/2019\/08\/070819-ESCUELA-DE-VERANO-3.jpg\"><img loading=\"lazy\" decoding=\"async\" aria-describedby=\"caption-attachment-71406\" class=\"size-full wp-image-71406\" src=\"https:\/\/www.uv.mx\/prensa\/files\/2019\/08\/070819-ESCUELA-DE-VERANO-3.jpg\" alt=\"\" width=\"722\" height=\"481\" srcset=\"https:\/\/www.uv.mx\/prensa\/files\/2019\/08\/070819-ESCUELA-DE-VERANO-3.jpg 722w, https:\/\/www.uv.mx\/prensa\/files\/2019\/08\/070819-ESCUELA-DE-VERANO-3-300x200.jpg 300w\" sizes=\"auto, (max-width: 722px) 100vw, 722px\" \/><\/a><p id=\"caption-attachment-71406\" class=\"wp-caption-text\">Universitarios participan en la Escuela de Verano de Ingenier\u00eda de <em>Software<\/em><\/p><\/div>\n","protected":false},"excerpt":{"rendered":"<p>Contribuye a la formaci\u00f3n y desarrollo de los futuros profesionistas en esta \u00e1rea y ha despertado el inter\u00e9s de estudiantes de otras carreras como Tecnolog\u00edas Computacionales, Redes y Servicios de C\u00f3mputo, Ciencias y T\u00e9cnicas Estad\u00edsticas<\/p>\n","protected":false},"author":1508,"featured_media":71406,"comment_status":"closed","ping_status":"closed","sticky":false,"template":"","format":"standard","meta":{"footnotes":""},"categories":[47],"tags":[],"class_list":["post-71405","post","type-post","status-publish","format-standard","has-post-thumbnail","hentry","category-eventos"],"_links":{"self":[{"href":"https:\/\/www.uv.mx\/prensa\/wp-json\/wp\/v2\/posts\/71405","targetHints":{"allow":["GET"]}}],"collection":[{"href":"https:\/\/www.uv.mx\/prensa\/wp-json\/wp\/v2\/posts"}],"about":[{"href":"https:\/\/www.uv.mx\/prensa\/wp-json\/wp\/v2\/types\/post"}],"author":[{"embeddable":true,"href":"https:\/\/www.uv.mx\/prensa\/wp-json\/wp\/v2\/users\/1508"}],"replies":[{"embeddable":true,"href":"https:\/\/www.uv.mx\/prensa\/wp-json\/wp\/v2\/comments?post=71405"}],"version-history":[{"count":0,"href":"https:\/\/www.uv.mx\/prensa\/wp-json\/wp\/v2\/posts\/71405\/revisions"}],"wp:featuredmedia":[{"embeddable":true,"href":"https:\/\/www.uv.mx\/prensa\/wp-json\/wp\/v2\/media\/71406"}],"wp:attachment":[{"href":"https:\/\/www.uv.mx\/prensa\/wp-json\/wp\/v2\/media?parent=71405"}],"wp:term":[{"taxonomy":"category","embeddable":true,"href":"https:\/\/www.uv.mx\/prensa\/wp-json\/wp\/v2\/categories?post=71405"},{"taxonomy":"post_tag","embeddable":true,"href":"https:\/\/www.uv.mx\/prensa\/wp-json\/wp\/v2\/tags?post=71405"}],"curies":[{"name":"wp","href":"https:\/\/api.w.org\/{rel}","templated":true}]}}