{"id":71297,"date":"2019-07-13T08:00:30","date_gmt":"2019-07-13T13:00:30","guid":{"rendered":"https:\/\/www.uv.mx\/prensa\/?p=71297"},"modified":"2019-07-31T13:47:05","modified_gmt":"2019-07-31T18:47:05","slug":"perspectiva-de-genero-un-compromiso-de-la-region-coatza-mina","status":"publish","type":"post","link":"https:\/\/www.uv.mx\/prensa\/regiones\/coatzacoalcos\/perspectiva-de-genero-un-compromiso-de-la-region-coatza-mina\/","title":{"rendered":"Perspectiva de g\u00e9nero, un compromiso de la regi\u00f3n Coatza-Mina"},"content":{"rendered":"<p>&nbsp;<\/p>\n<div id=\"attachment_71298\" style=\"width: 732px\" class=\"wp-caption aligncenter\"><a href=\"https:\/\/www.uv.mx\/prensa\/files\/2019\/07\/110719-CECILIA-Genero1.jpg\"><img loading=\"lazy\" decoding=\"async\" aria-describedby=\"caption-attachment-71298\" class=\"wp-image-71298 size-full\" src=\"https:\/\/www.uv.mx\/prensa\/files\/2019\/07\/110719-CECILIA-Genero1.jpg\" alt=\"\" width=\"722\" height=\"319\" srcset=\"https:\/\/www.uv.mx\/prensa\/files\/2019\/07\/110719-CECILIA-Genero1.jpg 722w, https:\/\/www.uv.mx\/prensa\/files\/2019\/07\/110719-CECILIA-Genero1-300x133.jpg 300w\" sizes=\"auto, (max-width: 722px) 100vw, 722px\" \/><\/a><p id=\"caption-attachment-71298\" class=\"wp-caption-text\">Asistieron 20 alumnos<\/p><\/div>\n<p>&nbsp;<\/p>\n<p><b><i><span data-contrast=\"auto\">Cecilia Escribano Reyes<\/span><\/i><\/b><span data-ccp-props=\"{}\"><br \/>\n<\/span><\/p>\n<p><span data-ccp-props=\"{}\">\u00a0<\/span><b><i><span data-contrast=\"auto\">13<\/span><\/i><\/b><b><i><span data-contrast=\"auto\">\/07<\/span><\/i><\/b><b><i><span data-contrast=\"auto\">\/<\/span><\/i><\/b><b><i><span data-contrast=\"auto\">19, <\/span><\/i><\/b><b><i><span data-contrast=\"auto\">Coatzacoalcos<\/span><\/i><\/b><b><i><span data-contrast=\"auto\">, Ver.-<\/span><\/i><\/b> <span data-contrast=\"auto\">La Vicerr<\/span><span data-contrast=\"auto\">ector<\/span><span data-contrast=\"auto\">\u00ed<\/span><span data-contrast=\"auto\">a<\/span><span data-contrast=\"auto\"> de la regi\u00f3n Coatzacoalcos-Minatitl\u00e1n<\/span><span data-contrast=\"auto\">, en co<\/span><span data-contrast=\"auto\">njunto <\/span><span data-contrast=\"auto\">con l<\/span><span data-contrast=\"auto\">a<\/span><span data-contrast=\"auto\"> Coordinaci\u00f3n Regional para la I<\/span><span data-contrast=\"auto\">gualdad de G\u00e9nero<\/span> <span data-contrast=\"auto\">y <\/span><span data-contrast=\"auto\">el cuerpo acad\u00e9mico <\/span><span data-contrast=\"auto\">(CA) <\/span><span data-contrast=\"auto\">Procedimientos <\/span><span data-contrast=\"auto\">C<\/span><span data-contrast=\"auto\">ontables y <\/span><span data-contrast=\"auto\">A<\/span><span data-contrast=\"auto\">dministrativos en el <\/span><span data-contrast=\"auto\">\u00c1<\/span><span data-contrast=\"auto\">mbito de <\/span><span data-contrast=\"auto\">l<\/span><span data-contrast=\"auto\">a <\/span><span data-contrast=\"auto\">O<\/span><span data-contrast=\"auto\">rganizaci\u00f3n<\/span><span data-contrast=\"auto\">, todos ellos<\/span><span data-contrast=\"auto\"> de la Universidad Veracruzana (UV)<\/span><span data-contrast=\"auto\">, impartieron el <\/span><span data-contrast=\"auto\">curso \u201c<\/span><span data-contrast=\"auto\">La <\/span><span data-contrast=\"auto\">p<\/span><span data-contrast=\"auto\">erspectiva de g\u00e9nero en <\/span><span data-contrast=\"auto\">el \u00e1mbito de las organizaciones\u201d<\/span><span data-contrast=\"auto\">, los d<\/span><span data-contrast=\"auto\">\u00ed<\/span><span data-contrast=\"auto\">as <\/span><span data-contrast=\"auto\">9 y 10 de julio<\/span><span data-contrast=\"auto\">.<\/span><span data-ccp-props=\"{}\">\u00a0<\/span><\/p>\n<p><span data-contrast=\"auto\">El A<\/span><span data-contrast=\"auto\">ula <\/span><span data-contrast=\"auto\">6 <\/span><span data-contrast=\"auto\">de la Facultad de Contadu<\/span><span data-contrast=\"auto\">r\u00ed<\/span><span data-contrast=\"auto\">a y Administraci<\/span><span data-contrast=\"auto\">\u00f3<\/span><span data-contrast=\"auto\">n fue sede del evento,<\/span> <span data-contrast=\"auto\">al que<\/span><span data-contrast=\"auto\"> asistieron 20 estudiantes de las facultades de Contadur\u00eda y Administraci\u00f3n, Ingenier\u00eda <\/span><span data-contrast=\"auto\">en S<\/span><span data-contrast=\"auto\">istemas de <\/span><span data-contrast=\"auto\">P<\/span><span data-contrast=\"auto\">roducci\u00f3n <\/span><span data-contrast=\"auto\">A<\/span><span data-contrast=\"auto\">gro<\/span><span data-contrast=\"auto\">pecuaria <\/span><span data-contrast=\"auto\">y Trabajo Social.<\/span><span data-ccp-props=\"{&quot;335559731&quot;:708}\">\u00a0<\/span><\/p>\n<p><span data-contrast=\"auto\">Aim<\/span><span data-contrast=\"auto\">\u00e9<\/span><span data-contrast=\"auto\"> L\u00f3pez Gonz\u00e1lez, facilitadora del curso<\/span><span data-contrast=\"auto\"> y acad\u00e9mica de la Universidad Veracruzana Intercultural (UVI<\/span><span data-contrast=\"auto\">),<\/span><span data-contrast=\"auto\"> explic\u00f3 <\/span><span data-contrast=\"auto\">que el curso <\/span><span data-contrast=\"auto\">fue<\/span><span data-contrast=\"auto\"> te\u00f3rico-viv<\/span><span data-contrast=\"auto\">encial<\/span><span data-contrast=\"auto\">, dise\u00f1ado para j\u00f3<\/span><span data-contrast=\"auto\">vene<\/span><span data-contrast=\"auto\">s pr\u00f3ximos <\/span><span data-contrast=\"auto\">a insertarse al \u00e1mbito laboral.<\/span><span data-ccp-props=\"{&quot;335559731&quot;:708}\">\u00a0<\/span><\/p>\n<p><span data-contrast=\"auto\">\u201cE<\/span><span data-contrast=\"auto\">s importante que ellos tengan apertura a la diversidad, respeto y equidad de g<\/span><span data-contrast=\"auto\">\u00e9<\/span><span data-contrast=\"auto\">nero;<\/span> <span data-contrast=\"auto\">con <\/span><span data-contrast=\"auto\">este curso constru<\/span><span data-contrast=\"auto\">ir\u00e1n <\/span><span data-contrast=\"auto\">nuevas formas de relacionarse e<\/span><span data-contrast=\"auto\">n condiciones de di\u00e1logo <\/span><span data-contrast=\"auto\">e igualdad.\u201d<\/span><span data-ccp-props=\"{&quot;335559731&quot;:708}\">\u00a0<\/span><\/p>\n<p><span data-contrast=\"auto\">Coment\u00f3 que la primera parte del curso se trat\u00f3 de identificar las caracter\u00edsticas que socialmente se construyen <\/span><span data-contrast=\"auto\">alrededor<\/span><span data-contrast=\"auto\"> del<\/span><span data-contrast=\"auto\"> ser hombre y ser mujer, y c\u00f3mo buscar alternativas para ser hombres y mujeres diferentes.<\/span><span data-ccp-props=\"{&quot;335559731&quot;:708}\">\u00a0<\/span><\/p>\n<p><span data-contrast=\"auto\">La segunda parte, <\/span><span data-contrast=\"auto\">\u201c<\/span><span data-contrast=\"auto\">consist<\/span><span data-contrast=\"auto\">i\u00f3<\/span><span data-contrast=\"auto\"> en identificar las relaciones <\/span><span data-contrast=\"auto\">intergen\u00e9ricas<\/span><span data-contrast=\"auto\"> en<\/span><span data-contrast=\"auto\"> la Universidad Veracruzana, qu\u00e9<\/span><span data-contrast=\"auto\"> caracter\u00edsticas tienen y <\/span><span data-contrast=\"auto\">c\u00f3mo crear alternativas para la mejor convivencia <\/span><span data-contrast=\"auto\">desde el \u00e1mbito de la salud y equidad de g<\/span><span data-contrast=\"auto\">\u00e9<\/span><span data-contrast=\"auto\">nero<\/span><span data-contrast=\"auto\">\u201d<\/span><span data-contrast=\"auto\">.<\/span><span data-ccp-props=\"{&quot;335559731&quot;:708}\">\u00a0<\/span><\/p>\n<p><span data-contrast=\"auto\">Dijo <\/span><span data-contrast=\"auto\">que lo importante <\/span><span data-contrast=\"auto\">es que los universitari<\/span><span data-contrast=\"auto\">o<\/span><span data-contrast=\"auto\">s reflexionen<\/span> <span data-contrast=\"auto\">e <\/span><span data-contrast=\"auto\">identifiquen las caracter\u00edstic<\/span><span data-contrast=\"auto\">as socialmente asignadas;<\/span> <span data-contrast=\"auto\">\u201c<\/span><span data-contrast=\"auto\">por ejemplo, a las mujeres se les asignan roles de belleza, delicadez, fragilidad, protecci\u00f3n, mientras que a los varones <\/span><span data-contrast=\"auto\">se le<\/span><span data-contrast=\"auto\">s<\/span> <span data-contrast=\"auto\">caracter<\/span><span data-contrast=\"auto\">iza por su <\/span><span data-contrast=\"auto\">fortaleza, cuidado, valent\u00eda<\/span><span data-contrast=\"auto\">, etc\u00e9tera\u201d.<\/span><span data-ccp-props=\"{&quot;335559731&quot;:708}\">\u00a0<\/span><\/p>\n<p><span data-contrast=\"auto\">Enfatiz\u00f3 que esas caracter\u00edsticas en realidad son condiciones de ambos, y <\/span><span data-contrast=\"auto\">por ello<\/span><span data-contrast=\"auto\"> se debe de pensar en relaciones m\u00e1s participativas para fortalecer la vida universitaria.<\/span><span data-ccp-props=\"{&quot;335559731&quot;:708}\">\u00a0<\/span><\/p>\n<p><span data-contrast=\"auto\">Teodora Gonz\u00e1lez<\/span><span data-contrast=\"auto\"> Rodr\u00edguez<\/span><span data-contrast=\"auto\">, c<\/span><span data-contrast=\"auto\">oordinadora <\/span><span data-contrast=\"auto\">r<\/span><span data-contrast=\"auto\">egional para la I<\/span><span data-contrast=\"auto\">gualdad de G\u00e9nero<\/span><span data-contrast=\"auto\">, se\u00f1al\u00f3 que <\/span><span data-contrast=\"auto\">el objetivo de este curso <\/span><span data-contrast=\"auto\">fue<\/span><span data-contrast=\"auto\"> capacitar a los universitarios en cuanto a perspectiva de g<\/span><span data-contrast=\"auto\">\u00e9<\/span><span data-contrast=\"auto\">nero<\/span><span data-contrast=\"auto\"> para que<\/span> <span data-contrast=\"auto\">a<\/span><span data-contrast=\"auto\">l momento de ingresar al \u00e1mbito laboral ten<\/span><span data-contrast=\"auto\">gan <\/span><span data-contrast=\"auto\">una formaci\u00f3n integral y s\u00f3lida, tanto en los conocimientos propios de la formaci\u00f3n <\/span><span data-contrast=\"auto\">como en<\/span><span data-contrast=\"auto\"> el desarrollo del ser humano.<\/span><span data-ccp-props=\"{&quot;335559731&quot;:708}\">\u00a0<\/span><\/p>\n<p><span data-contrast=\"auto\">Agreg\u00f3 que la intenci\u00f3n de la C<\/span><span data-contrast=\"auto\">oordinaci\u00f3n <\/span><span data-contrast=\"auto\">Regional para la I<\/span><span data-contrast=\"auto\">gualdad de G\u00e9nero<\/span> <span data-contrast=\"auto\">es instituir <\/span><span data-contrast=\"auto\">el curso al finalizar cada semestre, <\/span><span data-contrast=\"auto\">a fin de<\/span><span data-contrast=\"auto\"> preparar a los universit<\/span><span data-contrast=\"auto\">arios en materia de respeto y e<\/span><span data-contrast=\"auto\">quidad.<\/span><\/p>\n","protected":false},"excerpt":{"rendered":"<p>Estudiantes de las facultades de Contadur\u00eda y Administraci\u00f3n, Ingenier\u00eda en Sistemas de Producci\u00f3n Agropecuaria y Trabajo Social tomaron el curso \u201cLa perspectiva de g\u00e9nero en el \u00e1mbito de las organizaciones\u00bb<\/p>\n","protected":false},"author":1508,"featured_media":71298,"comment_status":"closed","ping_status":"closed","sticky":false,"template":"","format":"standard","meta":{"footnotes":""},"categories":[52],"tags":[],"class_list":["post-71297","post","type-post","status-publish","format-standard","has-post-thumbnail","hentry","category-coatzacoalcos"],"_links":{"self":[{"href":"https:\/\/www.uv.mx\/prensa\/wp-json\/wp\/v2\/posts\/71297","targetHints":{"allow":["GET"]}}],"collection":[{"href":"https:\/\/www.uv.mx\/prensa\/wp-json\/wp\/v2\/posts"}],"about":[{"href":"https:\/\/www.uv.mx\/prensa\/wp-json\/wp\/v2\/types\/post"}],"author":[{"embeddable":true,"href":"https:\/\/www.uv.mx\/prensa\/wp-json\/wp\/v2\/users\/1508"}],"replies":[{"embeddable":true,"href":"https:\/\/www.uv.mx\/prensa\/wp-json\/wp\/v2\/comments?post=71297"}],"version-history":[{"count":0,"href":"https:\/\/www.uv.mx\/prensa\/wp-json\/wp\/v2\/posts\/71297\/revisions"}],"wp:featuredmedia":[{"embeddable":true,"href":"https:\/\/www.uv.mx\/prensa\/wp-json\/wp\/v2\/media\/71298"}],"wp:attachment":[{"href":"https:\/\/www.uv.mx\/prensa\/wp-json\/wp\/v2\/media?parent=71297"}],"wp:term":[{"taxonomy":"category","embeddable":true,"href":"https:\/\/www.uv.mx\/prensa\/wp-json\/wp\/v2\/categories?post=71297"},{"taxonomy":"post_tag","embeddable":true,"href":"https:\/\/www.uv.mx\/prensa\/wp-json\/wp\/v2\/tags?post=71297"}],"curies":[{"name":"wp","href":"https:\/\/api.w.org\/{rel}","templated":true}]}}