{"id":71211,"date":"2019-08-01T08:00:06","date_gmt":"2019-08-01T13:00:06","guid":{"rendered":"https:\/\/www.uv.mx\/prensa\/?p=71211"},"modified":"2019-07-19T12:29:55","modified_gmt":"2019-07-19T17:29:55","slug":"el-arte-no-esta-aislado-convive-con-todo-kathia-campos","status":"publish","type":"post","link":"https:\/\/www.uv.mx\/prensa\/banner\/el-arte-no-esta-aislado-convive-con-todo-kathia-campos\/","title":{"rendered":"\u201cEl arte no est\u00e1 aislado, convive con todo\u201d: Kathia Campos"},"content":{"rendered":"<ul>\n<li data-leveltext=\"\uf0b7\" data-font=\"Symbol\" data-listid=\"1\" data-aria-posinset=\"1\" data-aria-level=\"1\"><i><span data-contrast=\"auto\">La joven obtuvo un puntaje de 97.87 el examen de ingreso a la U<\/span><\/i><i><span data-contrast=\"auto\">V<\/span><\/i><i><span data-contrast=\"auto\">, donde cursar\u00e1 la Licenciatura en Artes Visuales<\/span><\/i><span data-ccp-props=\"{&quot;134233279&quot;:true}\">\u00a0<\/span><\/li>\n<li data-leveltext=\"\uf0b7\" data-font=\"Symbol\" data-listid=\"1\" data-aria-posinset=\"2\" data-aria-level=\"1\"><i><span data-contrast=\"auto\">Agradeci\u00f3 el apoyo de sus profesores y de su familia, que desde peque\u00f1a le brind\u00f3 una educaci\u00f3n <\/span><\/i><i><span data-contrast=\"auto\">multidisciplinar<\/span><\/i><span data-ccp-props=\"{&quot;134233279&quot;:true}\">\u00a0<\/span><\/li>\n<\/ul>\n<p>&nbsp;<\/p>\n<div id=\"attachment_71207\" style=\"width: 732px\" class=\"wp-caption aligncenter\"><a href=\"https:\/\/www.uv.mx\/prensa\/files\/2019\/07\/010819-Kathia.jpg\"><img loading=\"lazy\" decoding=\"async\" aria-describedby=\"caption-attachment-71207\" class=\"size-full wp-image-71207\" src=\"https:\/\/www.uv.mx\/prensa\/files\/2019\/07\/010819-Kathia.jpg\" alt=\"\" width=\"722\" height=\"482\" srcset=\"https:\/\/www.uv.mx\/prensa\/files\/2019\/07\/010819-Kathia.jpg 722w, https:\/\/www.uv.mx\/prensa\/files\/2019\/07\/010819-Kathia-300x200.jpg 300w\" sizes=\"auto, (max-width: 722px) 100vw, 722px\" \/><\/a><p id=\"caption-attachment-71207\" class=\"wp-caption-text\"><span data-ccp-props=\"{}\"> \u00abUn artista debe conocer de todas las disciplinas para abarcar distintos temas\u00bb: Kathia Lisset Campos G\u00f3mez <\/span><\/p><\/div>\n<p>&nbsp;<\/p>\n<blockquote><p>Antes de presentar el examen de ingreso acudi\u00f3 a los Talleres Libres de Arte de la UV, con el instructor Carlos Alberto Hern\u00e1ndez Apango: \u201cEstas clases me sirvieron como pr\u00e1ctica y en la preparaci\u00f3n mental\u201d<\/p><\/blockquote>\n<p>&nbsp;<\/p>\n<p><b><i><span data-contrast=\"auto\">David Sandoval Rodr\u00edguez<\/span><\/i><\/b><span data-ccp-props=\"{}\">\u00a0<\/span><\/p>\n<p><span data-ccp-props=\"{}\">\u00a0<\/span><b><i><span data-contrast=\"auto\">01<\/span><\/i><\/b><b><i><span data-contrast=\"auto\">\/08\/19, Xalapa, Ver.-<\/span><\/i><\/b> <span data-ccp-props=\"{}\">Desde su infancia, Kathia Lisset Campos G\u00f3mez decidi\u00f3 que al egresar de la preparatoria estudiar\u00eda Artes y por ello opt\u00f3 por ingresar a la Universidad Veracruzana (UV), obteniendo un puntaje de 97.87 de promedio en el Examen Nacional de Ingreso (EXANI-II).<\/span><\/p>\n<p><span data-ccp-props=\"{}\">La joven reconoci\u00f3 que la evaluaci\u00f3n de habilidades para ingresar a la Licenciatura en Artes Visuales implic\u00f3 un mayor esfuerzo y tensi\u00f3n; sin embargo, logr\u00f3 salir adelante gracias a la formaci\u00f3n interdisciplinar que tuvo desde la infancia.<\/span><\/p>\n<p><span data-ccp-props=\"{}\">\u201cMi madre se interes\u00f3 porque tomara diversas clases, entre ellas de pintura con la maestra Lorena Bonilla, quien me regal\u00f3 un libro de introducci\u00f3n a las artes visuales; cuando vi todo lo que implica la creaci\u00f3n de una imagen dije: \u2018quiero aprender m\u00e1s de esto y estudiarlo en un futuro\u2019. \u201d<\/span><\/p>\n<p>Egres\u00f3 del bachillerato en 2018 y durante un a\u00f1o se dedic\u00f3 a tomar varios cursos: <span data-contrast=\"auto\">e<\/span><span data-contrast=\"auto\">stuvo en un grupo de teatro, <\/span><span data-contrast=\"auto\">tom\u00f3 <\/span><span data-contrast=\"auto\">clases de fotograf\u00eda y edici\u00f3n, y <\/span>acudi\u00f3 a los Talleres Libres de Arte (TLA) de la UV, con el instructor Carlos Alberto Hern\u00e1ndez Apango: \u201cEstas clases me sirvieron como pr\u00e1ctica y en la preparaci\u00f3n mental porque el profesor constantemente preguntaba: \u2018\u00bfqu\u00e9 quieres, c\u00f3mo te ves en un futuro?\u2019 \u201d.<\/p>\n<p>Kathia present\u00f3 el EXANI-II<span data-contrast=\"auto\"> en la Unidad de Ingenier\u00eda,<\/span><span data-contrast=\"auto\"> pero el examen <\/span><span data-contrast=\"auto\">de habilidades art\u00edsticas<\/span> <span data-contrast=\"auto\">implic\u00f3 un mayor esfuerzo, dado que abarc\u00f3 <\/span><span data-contrast=\"auto\">todo un d\u00eda, desde las och<\/span><span data-contrast=\"auto\">o de la ma\u00f1ana hasta la noche en<\/span><span data-contrast=\"auto\"> la Unidad de Artes, donde fue evaluada por varios profesores en diferentes disciplinas.<\/span><span data-ccp-props=\"{&quot;335559731&quot;:708}\">\u00a0<\/span><\/p>\n<p>Con respecto a su resultado en el EXANI-II, dijo que se considera alguien que siempre se esfuerza para hacer bien las cosas, pues piensa que las personas no necesariamente tienen un talento nato, m\u00e1s bien lo construyen a trav\u00e9s de esfuerzo y pr\u00e1ctica continua.<\/p>\n<p>Comparti\u00f3 que no tiene predilecci\u00f3n por una disciplina art\u00edstica en particular; por el contrario, \u201cno me gusta encasillarme en una sola cosa, hay demasiadas cosas nuevas y hay ciertas instituciones en Xalapa que ya las est\u00e1n implementando, como la instalaci\u00f3n y el videoarte, me interesa aprender de eso, no s\u00f3lo pintura o escultura\u201d.<\/p>\n<p><span data-contrast=\"auto\">A\u00f1adi\u00f3 que l<\/span><span data-contrast=\"auto\">e gustar\u00eda abordar la relaci\u00f3n entre el arte y la ciencia, <\/span><span data-contrast=\"auto\">pues <\/span><span data-contrast=\"auto\">aunque el sistema escolar los separa, algunos de sus profesores s<\/span><span data-contrast=\"auto\">\u00ed<\/span><span data-contrast=\"auto\"> comprend\u00edan su inter\u00e9s por estudiar arte, no obstante sus capacidades para las materias relacionadas con el \u00e1rea de las ciencias exactas.<\/span><span data-ccp-props=\"{&quot;335559731&quot;:708}\">\u00a0<\/span><\/p>\n<p><span data-contrast=\"auto\">\u00abV<span class=\"TextRun BCX2 SCXW267148629\" lang=\"ES-MX\" xml:lang=\"ES-MX\" data-contrast=\"auto\"><span class=\"NormalTextRun BCX2 SCXW267148629\">eo una relaci\u00f3n del arte con la ciencia y <\/span><\/span><span class=\"TextRun BCX2 SCXW267148629\" lang=\"ES-MX\" xml:lang=\"ES-MX\" data-contrast=\"auto\"><span class=\"NormalTextRun BCX2 SCXW267148629\">eso <\/span><\/span><span class=\"TextRun BCX2 SCXW267148629\" lang=\"ES-MX\" xml:lang=\"ES-MX\" data-contrast=\"auto\"><span class=\"NormalTextRun BCX2 SCXW267148629\">me interesa mucho, que en mi trabajo se vea la uni\u00f3n de ambos. <\/span><\/span>Un artista debe conocer de todas las disciplinas <\/span><span data-contrast=\"auto\">para<\/span><span data-contrast=\"auto\"> abarcar distintos temas, el arte no est\u00e1 aislado, convive con todo\u201d<\/span><span data-contrast=\"auto\">, afirm\u00f3 la joven.<\/span><span data-ccp-props=\"{&quot;335559731&quot;:708}\">\u00a0<\/span><\/p>\n<p>El apoyo familiar ha\u00a0 sido esencial para continuar con sus objetivos y mencion\u00f3 que su madre le ha recalcado que lo importante es esforzarse \u201cy hacer algo que me guste\u201d.<\/p>\n<p><span data-contrast=\"auto\">Para la universitaria tambi\u00e9n ha sido fundamental el apoyo de sus profesores en los distintos niveles escolares<\/span><span data-contrast=\"auto\">,<\/span><span data-contrast=\"auto\"> y aunque en el bachillerato opt\u00f3 por cursar el \u00e1rea de ciencias exactas, los maestros la respaldaron para tomar la decisi\u00f3n de estudiar artes visuales.<\/span><span data-ccp-props=\"{&quot;335559731&quot;:708}\">\u00a0<\/span><\/p>\n","protected":false},"excerpt":{"rendered":"<p>La joven, quien obtuvo un puntaje de 97.87 el examen de ingreso a la UV, afirm\u00f3 que un artista debe conocer de todas las disciplinas para abarcar distintos temas<\/p>\n","protected":false},"author":1508,"featured_media":71205,"comment_status":"closed","ping_status":"closed","sticky":false,"template":"","format":"standard","meta":{"footnotes":""},"categories":[61],"tags":[],"class_list":["post-71211","post","type-post","status-publish","format-standard","has-post-thumbnail","hentry","category-banner"],"_links":{"self":[{"href":"https:\/\/www.uv.mx\/prensa\/wp-json\/wp\/v2\/posts\/71211","targetHints":{"allow":["GET"]}}],"collection":[{"href":"https:\/\/www.uv.mx\/prensa\/wp-json\/wp\/v2\/posts"}],"about":[{"href":"https:\/\/www.uv.mx\/prensa\/wp-json\/wp\/v2\/types\/post"}],"author":[{"embeddable":true,"href":"https:\/\/www.uv.mx\/prensa\/wp-json\/wp\/v2\/users\/1508"}],"replies":[{"embeddable":true,"href":"https:\/\/www.uv.mx\/prensa\/wp-json\/wp\/v2\/comments?post=71211"}],"version-history":[{"count":0,"href":"https:\/\/www.uv.mx\/prensa\/wp-json\/wp\/v2\/posts\/71211\/revisions"}],"wp:featuredmedia":[{"embeddable":true,"href":"https:\/\/www.uv.mx\/prensa\/wp-json\/wp\/v2\/media\/71205"}],"wp:attachment":[{"href":"https:\/\/www.uv.mx\/prensa\/wp-json\/wp\/v2\/media?parent=71211"}],"wp:term":[{"taxonomy":"category","embeddable":true,"href":"https:\/\/www.uv.mx\/prensa\/wp-json\/wp\/v2\/categories?post=71211"},{"taxonomy":"post_tag","embeddable":true,"href":"https:\/\/www.uv.mx\/prensa\/wp-json\/wp\/v2\/tags?post=71211"}],"curies":[{"name":"wp","href":"https:\/\/api.w.org\/{rel}","templated":true}]}}