{"id":70818,"date":"2019-07-08T09:05:56","date_gmt":"2019-07-08T14:05:56","guid":{"rendered":"https:\/\/www.uv.mx\/prensa\/?p=70818"},"modified":"2019-07-08T16:09:07","modified_gmt":"2019-07-08T21:09:07","slug":"antropologia-uv-realiza-estudio-de-factibilidad-para-nuevo-posgrado","status":"publish","type":"post","link":"https:\/\/www.uv.mx\/prensa\/general\/antropologia-uv-realiza-estudio-de-factibilidad-para-nuevo-posgrado\/","title":{"rendered":"Antropolog\u00eda UV realiza estudio de factibilidad para nuevo posgrado"},"content":{"rendered":"<ul>\n<li data-leveltext=\"\uf0b7\" data-font=\"Symbol\" data-listid=\"1\" data-aria-posinset=\"1\" data-aria-level=\"1\"><i><span data-contrast=\"auto\">Se trata de la Maestr\u00eda en Estudios Antropol\u00f3gicos<\/span><\/i><span data-ccp-props=\"{&quot;134233279&quot;:true,&quot;201341983&quot;:0,&quot;335559739&quot;:160,&quot;335559740&quot;:240}\">\u00a0<\/span><\/li>\n<li data-leveltext=\"\uf0b7\" data-font=\"Symbol\" data-listid=\"1\" data-aria-posinset=\"2\" data-aria-level=\"1\"><i><span data-contrast=\"auto\">Durante julio est\u00e1n en l\u00ednea encuestas para empleadores, estudiantes y egresados, interesados en est<\/span><\/i><i><span data-contrast=\"auto\">a \u00e1rea human\u00edstica<\/span><\/i><span data-ccp-props=\"{&quot;134233279&quot;:true,&quot;201341983&quot;:0,&quot;335559739&quot;:160,&quot;335559740&quot;:240}\">\u00a0<\/span><\/li>\n<\/ul>\n<p>&nbsp;<\/p>\n<div id=\"attachment_70819\" style=\"width: 563px\" class=\"wp-caption aligncenter\"><a href=\"https:\/\/www.uv.mx\/prensa\/files\/2019\/07\/080719-Antropologia.jpg\"><img loading=\"lazy\" decoding=\"async\" aria-describedby=\"caption-attachment-70819\" class=\"wp-image-70819 size-full\" src=\"https:\/\/www.uv.mx\/prensa\/files\/2019\/07\/080719-Antropologia.jpg\" alt=\"\" width=\"553\" height=\"722\" srcset=\"https:\/\/www.uv.mx\/prensa\/files\/2019\/07\/080719-Antropologia.jpg 553w, https:\/\/www.uv.mx\/prensa\/files\/2019\/07\/080719-Antropologia-230x300.jpg 230w\" sizes=\"auto, (max-width: 553px) 100vw, 553px\" \/><\/a><p id=\"caption-attachment-70819\" class=\"wp-caption-text\">La Facultad realiza un estudio de factibilidad sobre la Maestr\u00eda en Estudios Antropol\u00f3gicos<\/p><\/div>\n<p>&nbsp;<\/p>\n<p><b><i><span data-contrast=\"auto\">Karina de la Paz Reyes D\u00edaz<\/span><\/i><\/b><span data-ccp-props=\"{&quot;134233279&quot;:true,&quot;201341983&quot;:0,&quot;335559739&quot;:160,&quot;335559740&quot;:240}\">\u00a0<\/span><\/p>\n<p><b><i><span data-contrast=\"auto\">08\/07\/19, Xalapa, Ver.-<\/span><\/i><\/b><span data-contrast=\"auto\"> La Facultad de Antropolog\u00eda de la Universidad Veracruzana <\/span><span data-contrast=\"auto\">(UV) <\/span><span data-contrast=\"auto\">desarrolla un <\/span><span data-contrast=\"auto\">estudio de factibilidad sobre<\/span><span data-contrast=\"auto\"> la Maestr\u00eda en Estudios Antropol\u00f3gicos. Por ello, con el apoyo del Centro de Estudios de<\/span><span data-contrast=\"auto\"> Opini\u00f3n y An\u00e1lisis<\/span><span data-contrast=\"auto\"> (CEOA)<\/span><span data-contrast=\"auto\">, tiene vigentes dos<\/span><span data-contrast=\"auto\"> encuesta<\/span><span data-contrast=\"auto\">s cuyo objetivo es<\/span><span data-contrast=\"auto\"> recabar <\/span><span data-contrast=\"auto\">la opini\u00f3n de los empleadores, as\u00ed como de estudiantes y<\/span><span data-contrast=\"auto\"> egresados <\/span><span data-contrast=\"auto\">interesados en tal posgrado.<\/span><span data-ccp-props=\"{&quot;134233279&quot;:true,&quot;201341983&quot;:0,&quot;335559739&quot;:160,&quot;335559740&quot;:240}\">\u00a0<\/span><\/p>\n<p><span data-contrast=\"auto\">Yamile de la Cruz Lira L\u00f3pez, coordinadora del posgrado <\/span><span data-contrast=\"auto\">y docente de la Facultad de Antropolog\u00eda, precis\u00f3 que las encuestas estar\u00e1n vigentes durante todo julio. Para acceder a ellas consulte los enlaces: <\/span><a href=\"https:\/\/bit.ly\/32ddw8E\"><span data-contrast=\"none\">https:\/\/bit.ly\/32ddw8E<\/span><\/a><span data-contrast=\"auto\">, en caso de ser empleadores, y <\/span><a href=\"https:\/\/bit.ly\/2L3G8w1\"><span data-contrast=\"none\">https:\/\/bit.ly\/2L3G8w1<\/span><\/a><span data-contrast=\"auto\">, si son estudiantes o egresados.<\/span><span data-ccp-props=\"{&quot;134233279&quot;:true,&quot;201341983&quot;:0,&quot;335559731&quot;:708,&quot;335559739&quot;:160,&quot;335559740&quot;:240}\">\u00a0<\/span><\/p>\n<p><span data-contrast=\"auto\">Cabe remarcar que en ambos instrumentos est\u00e1 garantizado <\/span><span data-contrast=\"auto\">que la informaci\u00f3n recabada es confidencial y s\u00f3lo ser\u00e1 utilizada con fines estad\u00edsticos.<\/span><span data-ccp-props=\"{&quot;134233279&quot;:true,&quot;201341983&quot;:0,&quot;335559739&quot;:160,&quot;335559740&quot;:240}\">\u00a0<\/span><\/p>\n<p><span data-contrast=\"auto\">\u201cE<\/span><span data-contrast=\"auto\">s un posgrado de nueva creaci\u00f3n y<\/span><span data-contrast=\"auto\"> por lo <\/span><span data-contrast=\"auto\">m<\/span><span data-contrast=\"auto\">ismo requiere <\/span><span data-contrast=\"auto\">un <\/span><span data-contrast=\"auto\">estudio de factibilidad, de acuerdo a los lineamientos de <\/span><span data-contrast=\"auto\">la <\/span><span data-contrast=\"auto\">Direcci\u00f3n General de la Unidad de Estudios de Posgrado<\/span><span data-contrast=\"auto\">\u201d, precis\u00f3 la investigadora.<\/span><span data-ccp-props=\"{&quot;134233279&quot;:true,&quot;201341983&quot;:0,&quot;335559739&quot;:160,&quot;335559740&quot;:240}\">\u00a0<\/span><\/p>\n<p><span data-contrast=\"auto\">L<\/span><span data-contrast=\"auto\">a entrevistada aclar\u00f3 que <\/span><span data-contrast=\"auto\">a la <\/span><span data-contrast=\"auto\">Maestr\u00eda en Estudios Antropol\u00f3gicos<\/span><span data-contrast=\"auto\"> podr\u00e1n postularse, naturalmente, egresados de Antropolog\u00eda UV, pero tambi\u00e9n <\/span><span data-contrast=\"auto\">interesados en esta disciplina no s\u00f3l<\/span><span data-contrast=\"auto\">o del pa\u00eds, sino del extranjero<\/span><span data-contrast=\"auto\">.<\/span><span data-ccp-props=\"{&quot;134233279&quot;:true,&quot;201341983&quot;:0,&quot;335559739&quot;:160,&quot;335559740&quot;:240}\">\u00a0<\/span><\/p>\n<p><span data-contrast=\"auto\">Asimismo, dijo que podr\u00e1n ser egresados de otras \u00e1reas como arquitectura, biolog\u00eda, las bellas artes, ciencias de la comunicaci\u00f3n, entre otras, siempre y cuando su investigaci\u00f3n est\u00e9 enfocada desde el punto de vista antropol\u00f3gico. \u201cEl posgrado no e<\/span><span data-contrast=\"auto\">s s\u00f3lo par<\/span><span data-contrast=\"auto\">a antrop\u00f3logos y arque\u00f3logos\u201d, remarc\u00f3 <\/span><span data-contrast=\"auto\">Yamile de la Cruz Lira.<\/span><span data-ccp-props=\"{&quot;134233279&quot;:true,&quot;201341983&quot;:0,&quot;335559731&quot;:708,&quot;335559739&quot;:160,&quot;335559740&quot;:240}\">\u00a0<\/span><\/p>\n<p><span data-contrast=\"auto\">Sobre las encuestas coment\u00f3 que<\/span><span data-contrast=\"auto\">,<\/span><span data-contrast=\"auto\"> en el caso de la dirigida a emple<\/span><span data-contrast=\"auto\">adores, contempla instituciones<\/span><span data-contrast=\"auto\"> como el Instituto Nacional de <\/span><span data-contrast=\"auto\">Antropolog\u00eda e Historia<\/span><span data-contrast=\"auto\">,<\/span><span data-contrast=\"auto\"> as\u00ed como escuelas y el gobierno en sus tres niveles. Es decir, entidades que ha<\/span><span data-contrast=\"auto\">n<\/span><span data-contrast=\"auto\"> requerido y requiere<\/span><span data-contrast=\"auto\">n<\/span><span data-contrast=\"auto\"> profesionales con tal perfil.<\/span><span data-ccp-props=\"{&quot;134233279&quot;:true,&quot;201341983&quot;:0,&quot;335559739&quot;:160,&quot;335559740&quot;:240}\">\u00a0<\/span><\/p>\n<p><span data-contrast=\"auto\">En el caso de la<\/span><span data-contrast=\"auto\"> que est\u00e1 <\/span><span data-contrast=\"auto\">dirigida a alumnos y egresados, <\/span><span data-contrast=\"auto\">coment\u00f3 que <\/span><span data-contrast=\"auto\">no es exclusiva para comunidad UV, \u201cse abre a todos los interesados, incluso m\u00e9dicos, bi\u00f3logos, arquitectos, historiadores de arte, muse\u00f3grafos, antrop\u00f3logos sociales y f\u00edsicos, arque\u00f3logos, psic\u00f3logos. El campo de la antropolog\u00eda es ampl\u00edsimo\u201d.<\/span><span data-ccp-props=\"{&quot;134233279&quot;:true,&quot;201341983&quot;:0,&quot;335559739&quot;:160,&quot;335559740&quot;:240}\">\u00a0<\/span><\/p>\n<p><span data-contrast=\"auto\">Adem\u00e1s<\/span><span data-contrast=\"auto\">, remarc\u00f3 que la <\/span><span data-contrast=\"auto\">encuesta no s\u00f3lo est\u00e1 enfocada en<\/span> <span data-contrast=\"auto\">saber sobre <\/span><span data-contrast=\"auto\">el inter\u00e9s por seguir estudiando o no<\/span><span data-contrast=\"auto\">,<\/span> <span data-contrast=\"auto\">\u201ctambi\u00e9n conocer qu\u00e9 l\u00edneas d<\/span><span data-contrast=\"auto\">e investigaci\u00f3n les interesan\u201d.<\/span><\/p>\n","protected":false},"excerpt":{"rendered":"<p>Se trata de la Maestr\u00eda en Estudios Antropol\u00f3gicos; las encuestas para empleadores, estudiantes y egresados se encuentran en los v\u00ednculos https:\/\/bit.ly\/32ddw8E y https:\/\/bit.ly\/2L3G8w1<\/p>\n","protected":false},"author":1508,"featured_media":70819,"comment_status":"closed","ping_status":"closed","sticky":false,"template":"","format":"standard","meta":{"footnotes":""},"categories":[1],"tags":[],"class_list":["post-70818","post","type-post","status-publish","format-standard","has-post-thumbnail","hentry","category-general"],"_links":{"self":[{"href":"https:\/\/www.uv.mx\/prensa\/wp-json\/wp\/v2\/posts\/70818","targetHints":{"allow":["GET"]}}],"collection":[{"href":"https:\/\/www.uv.mx\/prensa\/wp-json\/wp\/v2\/posts"}],"about":[{"href":"https:\/\/www.uv.mx\/prensa\/wp-json\/wp\/v2\/types\/post"}],"author":[{"embeddable":true,"href":"https:\/\/www.uv.mx\/prensa\/wp-json\/wp\/v2\/users\/1508"}],"replies":[{"embeddable":true,"href":"https:\/\/www.uv.mx\/prensa\/wp-json\/wp\/v2\/comments?post=70818"}],"version-history":[{"count":0,"href":"https:\/\/www.uv.mx\/prensa\/wp-json\/wp\/v2\/posts\/70818\/revisions"}],"wp:featuredmedia":[{"embeddable":true,"href":"https:\/\/www.uv.mx\/prensa\/wp-json\/wp\/v2\/media\/70819"}],"wp:attachment":[{"href":"https:\/\/www.uv.mx\/prensa\/wp-json\/wp\/v2\/media?parent=70818"}],"wp:term":[{"taxonomy":"category","embeddable":true,"href":"https:\/\/www.uv.mx\/prensa\/wp-json\/wp\/v2\/categories?post=70818"},{"taxonomy":"post_tag","embeddable":true,"href":"https:\/\/www.uv.mx\/prensa\/wp-json\/wp\/v2\/tags?post=70818"}],"curies":[{"name":"wp","href":"https:\/\/api.w.org\/{rel}","templated":true}]}}