{"id":70739,"date":"2019-07-05T08:00:48","date_gmt":"2019-07-05T13:00:48","guid":{"rendered":"https:\/\/www.uv.mx\/prensa\/?p=70739"},"modified":"2019-07-04T20:44:12","modified_gmt":"2019-07-05T01:44:12","slug":"libro-aborda-nuevos-vinculos-entre-investigacion-y-artes","status":"publish","type":"post","link":"https:\/\/www.uv.mx\/prensa\/cultura\/libro-aborda-nuevos-vinculos-entre-investigacion-y-artes\/","title":{"rendered":"Libro aborda nuevos v\u00ednculos entre investigaci\u00f3n y artes"},"content":{"rendered":"<ul>\n<li data-leveltext=\"\uf0b7\" data-font=\"Symbol\" data-listid=\"1\" data-aria-posinset=\"1\" data-aria-level=\"1\"><i><span data-contrast=\"auto\">Se trata de<\/span><\/i> <span data-contrast=\"auto\">La investigaci\u00f3n art\u00edstica. Un espacio de conocimiento disruptivo en las artes y en la universidad<\/span><i><span data-contrast=\"auto\">, autor\u00eda <\/span><\/i><i><span data-contrast=\"auto\">de <\/span><\/i><i><span data-contrast=\"auto\">una acad\u00e9mica de la UV y otro de la de Barcelona, Espa\u00f1a, ya est\u00e1 en circulaci\u00f3n<\/span><\/i><\/li>\n<\/ul>\n<p>&nbsp;<\/p>\n<div id=\"attachment_70642\" style=\"width: 732px\" class=\"wp-caption aligncenter\"><a href=\"https:\/\/www.uv.mx\/prensa\/files\/2019\/07\/030719-Nalatia-Calderon-1.jpg\"><img loading=\"lazy\" decoding=\"async\" aria-describedby=\"caption-attachment-70642\" class=\"size-full wp-image-70642\" src=\"https:\/\/www.uv.mx\/prensa\/files\/2019\/07\/030719-Nalatia-Calderon-1.jpg\" alt=\"\" width=\"722\" height=\"482\" srcset=\"https:\/\/www.uv.mx\/prensa\/files\/2019\/07\/030719-Nalatia-Calderon-1.jpg 722w, https:\/\/www.uv.mx\/prensa\/files\/2019\/07\/030719-Nalatia-Calderon-1-300x200.jpg 300w\" sizes=\"auto, (max-width: 722px) 100vw, 722px\" \/><\/a><p id=\"caption-attachment-70642\" class=\"wp-caption-text\">Natalia Calder\u00f3n, coordinadora del <span data-contrast=\"auto\">Seminario Permanente de Investigaci\u00f3n Art\u00edstica<\/span> del <span data-contrast=\"auto\">Instituto de Artes Pl\u00e1sticas<\/span><\/p><\/div>\n<p>&nbsp;<\/p>\n<p><b><i><span data-contrast=\"auto\">Karina de la Paz Reyes D\u00edaz<\/span><\/i><\/b><\/p>\n<p><b><i><span data-contrast=\"auto\">05\/07\/19, Xalapa, Ver.- <\/span><\/i><\/b><span data-contrast=\"auto\">Natalia Calder\u00f3n Garc\u00eda<\/span><span data-contrast=\"auto\">,<\/span><span data-contrast=\"auto\"> de la Universidad Veracruzana (UV)<\/span><span data-contrast=\"auto\">,<\/span><span data-contrast=\"auto\"> y Fernando Hern\u00e1ndez y Hern\u00e1ndez, <\/span><span data-contrast=\"auto\">de la <\/span><span data-contrast=\"auto\">Universidad <\/span><span data-contrast=\"auto\">de Barcelona<\/span><span data-contrast=\"auto\">, Espa\u00f1a, recientemente presentaron <\/span><i><span data-contrast=\"auto\">La investigaci\u00f3n art\u00edstica. <\/span><\/i><i><span data-contrast=\"auto\">Un espacio de conocimiento disruptivo en las artes y <\/span><\/i><i><span data-contrast=\"auto\">en la universidad <\/span><\/i><span data-contrast=\"auto\">(Editorial Octaedro)<\/span><span data-contrast=\"auto\">,<\/span> <span data-contrast=\"auto\">u<\/span><span data-contrast=\"auto\">n libro \u00fatil, pr\u00e1ctico y de consulta para <\/span><span data-contrast=\"auto\">estudiantes, artistas<\/span><span data-contrast=\"auto\"> y acad\u00e9micos, cuyo trasfondo es una profunda y extensa<\/span><span data-contrast=\"auto\"> investigaci\u00f3n <\/span><span data-contrast=\"auto\">al respecto.<\/span><span data-ccp-props=\"{&quot;134233279&quot;:true,&quot;201341983&quot;:0,&quot;335559739&quot;:160,&quot;335559740&quot;:240}\">\u00a0<\/span><\/p>\n<p><span data-contrast=\"auto\">\u201c<\/span><span data-contrast=\"auto\">Esta publicaci\u00f3n no est\u00e1 pensada para ense\u00f1ar a hacer investigaci\u00f3n art\u00edstica, sino p<\/span><span data-contrast=\"auto\">ara situarla y problematizarla, p<\/span><span data-contrast=\"auto\">ara dialogar con algunas pistas que se presentan en torno a los debates y las aproximaciones que esta relaci\u00f3n ha generado en los \u00faltimos a\u00f1os. En especial, de<\/span><span data-contrast=\"auto\">sde que las artes entran en la u<\/span><span data-contrast=\"auto\">niversidad y pasan de ser un objeto de inter\u00e9s para la cr\u00edtica y los historiadores<\/span><span data-contrast=\"auto\">,<\/span><span data-contrast=\"auto\"> a una necesidad que ha de dar cuenta de sus recorridos y procesos<\/span><span data-contrast=\"auto\">\u201d, expon<\/span><span data-contrast=\"auto\">e la propia E<\/span><span data-contrast=\"auto\">ditorial en su portal oficial (<\/span><a href=\"https:\/\/bit.ly\/2YtXSUk\"><span data-contrast=\"none\">https:\/\/bit.ly\/2YtX<\/span><span data-contrast=\"none\">S<\/span><span data-contrast=\"none\">Uk<\/span><\/a><span data-contrast=\"auto\">).<\/span><span data-ccp-props=\"{&quot;134233279&quot;:true,&quot;201341983&quot;:0,&quot;335559739&quot;:160,&quot;335559740&quot;:240}\">\u00a0<\/span><\/p>\n<p><span data-contrast=\"auto\">La primera presentaci\u00f3n <\/span><span data-contrast=\"auto\">de <\/span><i><span data-contrast=\"auto\">La investigaci\u00f3n art\u00edstica<\/span><\/i> <span data-contrast=\"auto\">se desarroll\u00f3 el 19 de junio en la <\/span><span data-contrast=\"auto\">Fundaci\u00f3n<\/span> <span data-contrast=\"auto\">\u201c<\/span><span data-contrast=\"auto\">Antoni T\u00e0pies<\/span><span data-contrast=\"auto\">\u201d<\/span><span data-contrast=\"auto\"> en<\/span> <span data-contrast=\"auto\">Barcelona, Espa\u00f1a, con la participaci\u00f3n de Natalia Calder\u00f3n<\/span><span data-contrast=\"auto\">, <\/span><span data-contrast=\"auto\">del Instituto de Artes Pl\u00e1sticas (IAP) de la UV;<\/span><span data-contrast=\"auto\"> Fernando Hern\u00e1ndez<\/span><span data-contrast=\"auto\">, de la <\/span><span data-contrast=\"auto\">Unidad de <\/span><span data-contrast=\"auto\">Pedagog\u00edas Culturales adscrita a la <\/span><span data-contrast=\"auto\">Facultad de Bellas Artes<\/span><span data-contrast=\"auto\"> de la Universidad de Barcelona<\/span><span data-contrast=\"auto\">; as\u00ed como la artista e investigadora Paola Villanueva<\/span><span data-contrast=\"auto\">,<\/span><span data-contrast=\"auto\"> y el director de la propia Fundaci\u00f3n, Carles Guerra.<\/span><span data-ccp-props=\"{&quot;134233279&quot;:true,&quot;201341983&quot;:0,&quot;335559739&quot;:160,&quot;335559740&quot;:240}\">\u00a0<\/span><\/p>\n<p><span data-contrast=\"auto\">La obra de 104 p\u00e1ginas<\/span><span data-contrast=\"auto\">,<\/span><span data-contrast=\"auto\"> o<\/span><span data-contrast=\"auto\">rganizada en 12 cap\u00edtulos<\/span><span data-contrast=\"auto\">,<\/span><span data-contrast=\"auto\"> en su Introducci\u00f3n habla sobre \u201c<\/span><span data-contrast=\"auto\">Pensar, problematizar y poner en juego la investigaci\u00f3n art\u00edstica<\/span><span data-contrast=\"auto\">\u201d,<\/span><span data-contrast=\"auto\"> para de ah\u00ed dar paso a las<\/span><span data-contrast=\"auto\"> r<\/span><span data-contrast=\"auto\">azones, la pertinencia y <\/span><span data-contrast=\"auto\">necesidad de situar el campo de la investigaci\u00f3n art\u00edstica<\/span><span data-contrast=\"auto\">, los d<\/span><span data-contrast=\"auto\">ebates en torno a <\/span><span data-contrast=\"auto\">\u00e9sta, las <\/span><span data-contrast=\"auto\">diferencias y relaciones entre la producci\u00f3n art\u00edsti<\/span><span data-contrast=\"auto\">ca y la investigaci\u00f3n art\u00edstica, incluso analiza las <\/span><span data-contrast=\"auto\">t<\/span><span data-contrast=\"auto\">ensiones y nuevos v\u00ednculos entre la investigaci\u00f3n y las artes<\/span><span data-contrast=\"auto\">, s\u00f3lo por citar cuatro de los temas.<\/span><span data-ccp-props=\"{&quot;134233279&quot;:true,&quot;201341983&quot;:0,&quot;335559739&quot;:160,&quot;335559740&quot;:240}\">\u00a0<\/span><\/p>\n<p><span data-contrast=\"auto\">Se trata de una investigaci\u00f3n de largo aliento, cuyo<\/span><span data-contrast=\"auto\">s or\u00edgenes se remontan al periodo 20<\/span><span data-contrast=\"auto\">11-2015<\/span><span data-contrast=\"auto\">, cuando<\/span> <span data-contrast=\"auto\">Natalia Calder\u00f3n curs\u00f3 el<\/span> <span data-contrast=\"auto\">D<\/span><span data-contrast=\"auto\">octora<\/span><span data-contrast=\"auto\">do en Arte y Educaci\u00f3n en<\/span><span data-contrast=\"auto\"> la Universidad de Barcelona<\/span><span data-contrast=\"auto\">, con el propio<\/span><span data-contrast=\"auto\"> Hern\u00e1ndez y Hern\u00e1ndez como su director de tesis.<\/span><span data-ccp-props=\"{&quot;134233279&quot;:true,&quot;201341983&quot;:0,&quot;335559739&quot;:160,&quot;335559740&quot;:240}\">\u00a0<\/span><\/p>\n<p><span data-contrast=\"auto\">\u201cEs el resultado de mi investigaci\u00f3n doctoral\u201d, expuso la acad\u00e9mica <\/span><span data-contrast=\"auto\">del IAP; \u201ceste libro es resultado de investigar <\/span><span data-contrast=\"auto\">q<\/span><span data-contrast=\"auto\">u\u00e9 es la investigaci\u00f3n art\u00ed<\/span><span data-contrast=\"auto\">stica<\/span> <span data-contrast=\"auto\">n<\/span><span data-contrast=\"auto\">o en t\u00e9rminos de generar una definici\u00f3n o receta, sino m\u00e1s bien para qu\u00e9 si<\/span><span data-contrast=\"auto\">rve o c\u00f3mo puede ser utilizada.\u201d<\/span><span data-ccp-props=\"{&quot;134233279&quot;:true,&quot;201341983&quot;:0,&quot;335559739&quot;:160,&quot;335559740&quot;:240}\">\u00a0<\/span><\/p>\n<p><span data-contrast=\"auto\">A decir de Natalia Calder\u00f3n, <\/span><i><span data-contrast=\"auto\">La investigaci\u00f3n art\u00edstica<\/span><\/i><i><span data-contrast=\"auto\">\u2026<\/span><\/i> <span data-contrast=\"auto\">no es un libro cerrado ni mucho menos de \u201crecetas\u201d para hacer in<\/span><span data-contrast=\"auto\">v<\/span><span data-contrast=\"auto\">estigaci\u00f3n art\u00edstica. M<\/span><span data-contrast=\"auto\">\u00e1s bien <\/span><span data-contrast=\"auto\">plasma <\/span><span data-contrast=\"auto\">c\u00f3mo<\/span><span data-contrast=\"auto\"> ella y Fernando Hern\u00e1ndez <\/span><span data-contrast=\"auto\">se han acercad<\/span><span data-contrast=\"auto\">o a ese campo<\/span><span data-contrast=\"auto\"> y, sobre <\/span><span data-contrast=\"auto\">todo, para qu\u00e9 podr\u00eda ser \u00fatil.<\/span><span data-ccp-props=\"{&quot;134233279&quot;:true,&quot;201341983&quot;:0,&quot;335559739&quot;:160,&quot;335559740&quot;:240}\">\u00a0<\/span><\/p>\n<p><span data-contrast=\"auto\">\u201cLa investigaci\u00f3n art\u00edstica pretende que el arte se pueda conectar con otros campos de saber. Entonces, <\/span><span data-contrast=\"auto\">pretende dar nombre y explicar los procesos por los cuales produce conocimiento<\/span><span data-contrast=\"auto\">,<\/span><span data-contrast=\"auto\"> para que otros campos de saber puedan utilizar esos conocimientos \u2013que no solamente son cognitivos o racionales, sino afectivos, sensitiv<\/span><span data-contrast=\"auto\">os, corporeizados, situados.\u201d<\/span><span data-ccp-props=\"{&quot;134233279&quot;:true,&quot;201341983&quot;:0,&quot;335559739&quot;:160,&quot;335559740&quot;:240}\">\u00a0<\/span><\/p>\n<p>&nbsp;<\/p>\n<div id=\"attachment_70644\" style=\"width: 360px\" class=\"wp-caption aligncenter\"><a href=\"https:\/\/www.uv.mx\/prensa\/files\/2019\/07\/030719-Nalatia-Calderon-2.jpg\"><img loading=\"lazy\" decoding=\"async\" aria-describedby=\"caption-attachment-70644\" class=\"size-full wp-image-70644\" src=\"https:\/\/www.uv.mx\/prensa\/files\/2019\/07\/030719-Nalatia-Calderon-2.jpg\" alt=\"\" width=\"350\" height=\"536\" srcset=\"https:\/\/www.uv.mx\/prensa\/files\/2019\/07\/030719-Nalatia-Calderon-2.jpg 350w, https:\/\/www.uv.mx\/prensa\/files\/2019\/07\/030719-Nalatia-Calderon-2-196x300.jpg 196w\" sizes=\"auto, (max-width: 350px) 100vw, 350px\" \/><\/a><p id=\"caption-attachment-70644\" class=\"wp-caption-text\">La obra tiene la intenci\u00f3n de ser \u00fatil para los estudiantes de artes<\/p><\/div>\n<p>&nbsp;<\/p>\n<p><span data-contrast=\"auto\">Natalia Calder\u00f3n comparti\u00f3 que su intenci\u00f3n siempre fue lograr un libro peque\u00f1o, accesible \u2013so<\/span><span data-contrast=\"auto\">bre todo para los estudiantes\u2013 y m\u00e1s que nada \u00fatil.<\/span><span data-ccp-props=\"{&quot;134233279&quot;:true,&quot;201341983&quot;:0,&quot;335559739&quot;:160,&quot;335559740&quot;:240}\">\u00a0<\/span><\/p>\n<p><span data-contrast=\"auto\">\u201cEl libro est\u00e1 lleno de cuestionamientos, de dudas<\/span><span data-contrast=\"auto\"> y<\/span><span data-contrast=\"auto\"> de distintas perspectivas. No ten\u00edamos la intenci\u00f3n de mostrar una visi\u00f3n cerrada, sino m\u00e1s bien de abrir. Entonces, ha sido un trabajo de exploraci\u00f3n para nosotros mismos, <\/span><span data-contrast=\"auto\">de<\/span><span data-contrast=\"auto\"> juntar <\/span><span data-contrast=\"auto\">campos <\/span><span data-contrast=\"auto\">que no f\u00e1cilmente se vincula<\/span><span data-contrast=\"auto\">n<\/span><span data-contrast=\"auto\"> como es la universidad y el arte<\/span><span data-contrast=\"auto\">, <\/span><span data-contrast=\"auto\">la investigaci\u00f3n y la pr\u00e1ctica art\u00edstica.\u201d<\/span><span data-ccp-props=\"{&quot;134233279&quot;:true,&quot;201341983&quot;:0,&quot;335559739&quot;:160,&quot;335559740&quot;:240}\">\u00a0<\/span><\/p>\n<p><span data-contrast=\"auto\">Tambi\u00e9n hizo hincapi\u00e9 en que en <\/span><span data-contrast=\"auto\">idioma <\/span><span data-contrast=\"auto\">espa\u00f1ol existe muy poca bibliograf\u00eda sobre i<\/span><span data-contrast=\"auto\">nvestigaci\u00f3n art\u00edstica, por eso <\/span><span data-contrast=\"auto\">se <\/span><span data-contrast=\"auto\">pretende <\/span><span data-contrast=\"auto\">que<\/span> <span data-contrast=\"auto\">este libro <\/span><span data-contrast=\"auto\">sea<\/span><span data-contrast=\"auto\"> utiliza<\/span><span data-contrast=\"auto\">do <\/span><span data-contrast=\"auto\">por los estudiantes de arte, por quienes est\u00e1n interesados en conocer el tema y sus utilidades en la educaci\u00f3n art\u00edstica.<\/span><span data-ccp-props=\"{&quot;134233279&quot;:true,&quot;201341983&quot;:0,&quot;335559739&quot;:160,&quot;335559740&quot;:240}\">\u00a0<\/span><\/p>\n<p><span data-contrast=\"auto\">De acuerdo con la acad\u00e9mica<\/span><span data-contrast=\"auto\">, desde siempre se han reunido el arte y la investigaci\u00f3n, pero <\/span><span data-contrast=\"auto\">como campo de saber espec\u00edfico<\/span><span data-contrast=\"auto\"> inici\u00f3 apenas en 1990 en el<\/span><span data-contrast=\"auto\"> n<\/span><span data-contrast=\"auto\">orte de Europa y de ah\u00ed baj\u00f3 al <\/span><span data-contrast=\"auto\">s<\/span><span data-contrast=\"auto\">ur<\/span><span data-contrast=\"auto\"> de aque<\/span><span data-contrast=\"auto\">l continente<\/span><span data-contrast=\"auto\">; sin embargo<\/span><span data-contrast=\"auto\">,<\/span><span data-contrast=\"auto\"> a Latinoam\u00e9rica ha l<\/span><span data-contrast=\"auto\">legado en mucho menor medida esa<\/span><span data-contrast=\"auto\"> discusi\u00f3n, pese a que actualmen<\/span><span data-contrast=\"auto\">te es un tema que est\u00e1 en auge.<\/span><span data-ccp-props=\"{&quot;134233279&quot;:true,&quot;201341983&quot;:0,&quot;335559739&quot;:160,&quot;335559740&quot;:240}\">\u00a0<\/span><\/p>\n<p><span data-contrast=\"auto\">\u201cVemos que casi todos los c<\/span><span data-contrast=\"auto\">entros de arte \u2013universidades, <\/span><span data-contrast=\"auto\">museos, espacios expositivos\u2013 trabajan estos conceptos, pero existen pocas referencias bibliogr\u00e1ficas en espa\u00f1ol; por eso es importante que exista este libro.\u201d<\/span><span data-ccp-props=\"{&quot;134233279&quot;:true,&quot;201341983&quot;:0,&quot;335559739&quot;:160,&quot;335559740&quot;:240}\">\u00a0<\/span><\/p>\n<p><span data-contrast=\"auto\">De acuerdo con Natalia Calder\u00f3n, es muy importante que en Latinoam\u00e9rica se d\u00e9 una discusi\u00f3n en torno al tema, toda vez que \u201cno es mi intenci\u00f3n que tomemos los preceptos dictados por el <\/span><span data-contrast=\"auto\">n<\/span><span data-contrast=\"auto\">orte de Europa y los impongamos aqu\u00ed, sino redefinir para nosotros qu\u00e9 quiere decir investigaci\u00f3n art\u00edstica y eso es lo que hemos estado trabajando en el <\/span><span data-contrast=\"auto\">Seminario Permanente de Investigaci\u00f3n Art\u00edstica<\/span> <span data-contrast=\"auto\">(<\/span><span data-contrast=\"auto\">SPIA<\/span><span data-contrast=\"auto\">)\u201d.<\/span><span data-ccp-props=\"{&quot;134233279&quot;:true,&quot;201341983&quot;:0,&quot;335559739&quot;:160,&quot;335559740&quot;:240}\">\u00a0<\/span><\/p>\n<p><span data-contrast=\"auto\">Cabe citar que desde su llegada al IAP, la acad\u00e9mica fund\u00f3 y coordina el SPIA (para conocer m\u00e1s al respecto, consulte: <\/span><a href=\"https:\/\/bit.ly\/32bk5cb\"><span data-contrast=\"none\">https:\/\/bit.ly\/32bk5<\/span><span data-contrast=\"none\">c<\/span><span data-contrast=\"none\">b<\/span><\/a><span data-contrast=\"auto\">).<\/span><span data-ccp-props=\"{&quot;134233279&quot;:true,&quot;201341983&quot;:0,&quot;335559739&quot;:160,&quot;335559740&quot;:240}\">\u00a0<\/span><\/p>\n<p><span data-contrast=\"auto\">Adelant\u00f3 que <\/span><span data-contrast=\"auto\">pr\u00f3ximamente<\/span><span data-contrast=\"auto\"> el <\/span><span data-contrast=\"auto\">volumen <\/span><span data-contrast=\"auto\">se presentar\u00e1 en el pa\u00eds, no <\/span><span data-contrast=\"auto\">obstante<\/span><span data-contrast=\"auto\">,<\/span><span data-contrast=\"auto\"> ya est\u00e1 a la venta en las librer\u00edas que distribuyen <\/span><span data-contrast=\"auto\">el material <\/span><span data-contrast=\"auto\">de Editorial Octaedro y tamb<\/span><span data-contrast=\"auto\">i\u00e9n se puede adquirir en l\u00ednea.<\/span><span data-ccp-props=\"{&quot;134233279&quot;:true,&quot;201341983&quot;:0,&quot;335559739&quot;:160,&quot;335559740&quot;:240}\">\u00a0<\/span><\/p>\n","protected":false},"excerpt":{"rendered":"<p>Se trata de <em>La investigaci\u00f3n art\u00edstica. Un espacio de conocimiento disruptivo en las artes y en la universidad<\/em>, autor\u00eda de Natalia Calder\u00f3n, de la UV, y Fernando Hern\u00e1ndez, de la Universidad de Barcelona <\/p>\n","protected":false},"author":1508,"featured_media":70642,"comment_status":"closed","ping_status":"closed","sticky":false,"template":"","format":"standard","meta":{"footnotes":""},"categories":[11],"tags":[],"class_list":["post-70739","post","type-post","status-publish","format-standard","has-post-thumbnail","hentry","category-cultura"],"_links":{"self":[{"href":"https:\/\/www.uv.mx\/prensa\/wp-json\/wp\/v2\/posts\/70739","targetHints":{"allow":["GET"]}}],"collection":[{"href":"https:\/\/www.uv.mx\/prensa\/wp-json\/wp\/v2\/posts"}],"about":[{"href":"https:\/\/www.uv.mx\/prensa\/wp-json\/wp\/v2\/types\/post"}],"author":[{"embeddable":true,"href":"https:\/\/www.uv.mx\/prensa\/wp-json\/wp\/v2\/users\/1508"}],"replies":[{"embeddable":true,"href":"https:\/\/www.uv.mx\/prensa\/wp-json\/wp\/v2\/comments?post=70739"}],"version-history":[{"count":0,"href":"https:\/\/www.uv.mx\/prensa\/wp-json\/wp\/v2\/posts\/70739\/revisions"}],"wp:featuredmedia":[{"embeddable":true,"href":"https:\/\/www.uv.mx\/prensa\/wp-json\/wp\/v2\/media\/70642"}],"wp:attachment":[{"href":"https:\/\/www.uv.mx\/prensa\/wp-json\/wp\/v2\/media?parent=70739"}],"wp:term":[{"taxonomy":"category","embeddable":true,"href":"https:\/\/www.uv.mx\/prensa\/wp-json\/wp\/v2\/categories?post=70739"},{"taxonomy":"post_tag","embeddable":true,"href":"https:\/\/www.uv.mx\/prensa\/wp-json\/wp\/v2\/tags?post=70739"}],"curies":[{"name":"wp","href":"https:\/\/api.w.org\/{rel}","templated":true}]}}