{"id":70737,"date":"2019-07-23T08:00:15","date_gmt":"2019-07-23T13:00:15","guid":{"rendered":"https:\/\/www.uv.mx\/prensa\/?p=70737"},"modified":"2019-07-15T08:45:24","modified_gmt":"2019-07-15T13:45:24","slug":"investigadores-uv-evaluaron-conocimientos-sobre-el-virus-zika","status":"publish","type":"post","link":"https:\/\/www.uv.mx\/prensa\/ciencia\/investigadores-uv-evaluaron-conocimientos-sobre-el-virus-zika\/","title":{"rendered":"Investigadores UV evaluaron conocimientos sobre el virus Zika"},"content":{"rendered":"<ul>\n<li data-leveltext=\"\uf0b7\" data-font=\"Symbol\" data-listid=\"2\" data-aria-posinset=\"1\" data-aria-level=\"1\"><i><span data-contrast=\"auto\">El 79.4<\/span><\/i><i><span data-contrast=\"auto\"> por ciento<\/span><\/i><i><span data-contrast=\"auto\"> de la comunidad universitaria conoce la<\/span><\/i> <i><span data-contrast=\"auto\">enfermedad<\/span><\/i><i><span data-contrast=\"auto\">,<\/span><\/i><i><span data-contrast=\"auto\"> pero las pr\u00e1cticas preventivas<\/span><\/i> <i><span data-contrast=\"auto\">son bajas<\/span><\/i><span data-ccp-props=\"{&quot;201341983&quot;:0,&quot;335559739&quot;:0,&quot;335559740&quot;:240}\">\u00a0<\/span><\/li>\n<\/ul>\n<p>&nbsp;<\/p>\n<div id=\"attachment_70629\" style=\"width: 732px\" class=\"wp-caption aligncenter\"><a href=\"https:\/\/www.uv.mx\/prensa\/files\/2019\/07\/030719-Evaluaron-conocimientos-sobre-Zika-1.jpg\"><img loading=\"lazy\" decoding=\"async\" aria-describedby=\"caption-attachment-70629\" class=\"size-full wp-image-70629\" src=\"https:\/\/www.uv.mx\/prensa\/files\/2019\/07\/030719-Evaluaron-conocimientos-sobre-Zika-1.jpg\" alt=\"\" width=\"722\" height=\"542\" srcset=\"https:\/\/www.uv.mx\/prensa\/files\/2019\/07\/030719-Evaluaron-conocimientos-sobre-Zika-1.jpg 722w, https:\/\/www.uv.mx\/prensa\/files\/2019\/07\/030719-Evaluaron-conocimientos-sobre-Zika-1-300x225.jpg 300w\" sizes=\"auto, (max-width: 722px) 100vw, 722px\" \/><\/a><p id=\"caption-attachment-70629\" class=\"wp-caption-text\">Investigadores del Instituto de Salud P\u00fablica evaluaron conocimientos sobre el virus del Zika<\/p><\/div>\n<p>&nbsp;<\/p>\n<p><b><i><span data-contrast=\"auto\">Jos\u00e9 Luis <\/span><\/i><\/b><b><i><span data-contrast=\"auto\">Couttolenc<\/span><\/i><\/b><b><i><span data-contrast=\"auto\"> Soto<\/span><\/i><\/b><span data-ccp-props=\"{&quot;201341983&quot;:0,&quot;335559739&quot;:0,&quot;335559740&quot;:240}\">\u00a0<\/span><\/p>\n<p><b><i><span data-contrast=\"auto\">23\/07\/19, Xalapa, Ver.-<\/span><\/i><\/b><span data-contrast=\"auto\"> El Instituto de Salud P\u00fablica (ISP) de la Universidad Veracruzana (UV) realiz\u00f3 una encuesta en l\u00ednea para evaluar los conocimientos, actitudes y pr\u00e1cticas sobre el virus del <\/span><span data-contrast=\"auto\">Zika<\/span><span data-contrast=\"auto\"> por parte de los estudiantes y trabajadores de esta casa de estudios, que arroj\u00f3 como resultado que s\u00f3lo el 79.4 por ciento de la comunidad universitaria conoce sobre este padecimiento y que es bajo el nivel de medidas preventivas.<\/span><span data-ccp-props=\"{&quot;201341983&quot;:0,&quot;335559739&quot;:0,&quot;335559740&quot;:240}\">\u00a0<\/span><\/p>\n<p><span data-contrast=\"auto\">Lo anterior lo dio a conocer el grupo de trabajo multidisciplinario del ISP integrado por los investigadores: <\/span><span data-contrast=\"auto\">Vianey<\/span><span data-contrast=\"auto\"> Arg\u00fcelles Nava, Mar\u00eda Teresa \u00c1lvarez Ba\u00f1uelos, Clara Luz <\/span><span data-contrast=\"auto\">Sampieri<\/span><span data-contrast=\"auto\"> Ram\u00edrez, Mar\u00eda Cristina Ortiz Le\u00f3n, Gabriel <\/span><span data-contrast=\"auto\">Riande<\/span><span data-contrast=\"auto\"> Ju\u00e1rez e Hilda Montero Ladr\u00f3n de Guevara, y por el estudiante Daniel C\u00f3rdoba Su\u00e1rez<\/span><span data-contrast=\"auto\">, de la<\/span> <span data-contrast=\"auto\">Maestr\u00eda en Epidemiolog\u00eda.<\/span><span data-ccp-props=\"{&quot;201341983&quot;:0,&quot;335559739&quot;:0,&quot;335559740&quot;:240}\">\u00a0<\/span><\/p>\n<p><span data-contrast=\"auto\">P<\/span><span data-contrast=\"auto\">recisaron que<\/span> <span data-contrast=\"auto\">la mayor\u00eda de los encuestados saben que un mosquito propaga el virus del <\/span><span data-contrast=\"auto\">Zika<\/span><span data-contrast=\"auto\"> y conocen las caracter\u00edsticas cl\u00ednicas de la enfermedad, pero es poco conocid<\/span><span data-contrast=\"auto\">o<\/span><span data-contrast=\"auto\"> que la transmisi\u00f3n tambi\u00e9n se da por la v\u00eda sexual.<\/span><span data-ccp-props=\"{&quot;201341983&quot;:0,&quot;335559731&quot;:708,&quot;335559739&quot;:0,&quot;335559740&quot;:240}\">\u00a0<\/span><\/p>\n<p><span data-contrast=\"auto\">Los investigadores dijeron que e<\/span><span data-contrast=\"auto\">l virus <\/span><span data-contrast=\"auto\">del <\/span><span data-contrast=\"auto\">Zika<\/span> <span data-contrast=\"auto\">tiene un genoma de \u00e1cido ribonucleico perteneciente al g\u00e9nero <\/span><i><span data-contrast=\"auto\">Flavivirus<\/span><\/i><span data-contrast=\"auto\">; \u201ces un <\/span><span data-contrast=\"auto\">arbovirus<\/span><span data-contrast=\"auto\"> porque utiliza ciertos artr\u00f3podos como vectores de transmisi\u00f3n, principalmente el mosquito <\/span><i><span data-contrast=\"auto\">Aedes <\/span><\/i><i><span data-contrast=\"auto\">aegypti<\/span><\/i><span data-contrast=\"auto\">, y<\/span><span data-contrast=\"auto\"> a diferencia de otros <\/span><span data-contrast=\"auto\">arbovirus<\/span><span data-contrast=\"auto\">, como el dengue y <\/span><span data-contrast=\"auto\">c<\/span><span data-contrast=\"auto\">hikungunya<\/span><span data-contrast=\"auto\">, el <\/span><span data-contrast=\"auto\">Zika<\/span><span data-contrast=\"auto\"> puede transmitirse tanto sexual como verticalmente durante el embarazo de madre a hijo\u201d.<\/span><span data-ccp-props=\"{&quot;201341983&quot;:0,&quot;335559739&quot;:0,&quot;335559740&quot;:240}\">\u00a0<\/span><\/p>\n<p><span data-contrast=\"auto\">Explicaron que la sintomatolog\u00eda del <\/span><span data-contrast=\"auto\">Zika<\/span><span data-contrast=\"auto\"> en su fase aguda \u2013con duraci\u00f3n de una semana<\/span><span data-contrast=\"auto\">\u2013<\/span><span data-contrast=\"auto\"> es fiebre, artralgia (dolor en las articulaciones), exantema (erupci\u00f3n de la piel), cefalea (dolor de cabeza) y conjuntivitis, y que no obstante los malestares, suele ser un padecimiento tolerable.<\/span><span data-ccp-props=\"{&quot;201341983&quot;:0,&quot;335559739&quot;:0,&quot;335559740&quot;:240}\">\u00a0<\/span><\/p>\n<p><span data-contrast=\"auto\">El grupo de investigadores refiri\u00f3 que la enfermedad de<\/span><span data-contrast=\"auto\">l<\/span> <span data-contrast=\"auto\">Zika<\/span><span data-contrast=\"auto\"> se considera end\u00e9mica de M\u00e9xico, principalmente en los estados donde <\/span><span data-contrast=\"auto\">prolifera en gran medida el mosquito <\/span><i><span data-contrast=\"auto\">Aedes <\/span><\/i><i><span data-contrast=\"auto\">aegypti<\/span><\/i><span data-contrast=\"auto\">, entre los que se encuentra Veracruz, por <\/span><span data-contrast=\"auto\">el<\/span><span data-contrast=\"auto\">lo el ISP decidi\u00f3 aplicar el cuestionario tomando como base la carpeta de recursos de la Organizaci\u00f3n Mundial de la Salud (OMS) pa<\/span><span data-contrast=\"auto\">ra las encuestas C<\/span><span data-contrast=\"auto\">AP para explorar la infecci\u00f3n por el virus <\/span><span data-contrast=\"auto\">del <\/span><span data-contrast=\"auto\">Zika<\/span><span data-contrast=\"auto\"> y sus posibles complicaciones.<\/span><span data-ccp-props=\"{&quot;201341983&quot;:0,&quot;335559739&quot;:0,&quot;335559740&quot;:240}\">\u00a0<\/span><\/p>\n<p><span data-contrast=\"auto\">El cuestionario, que fue adaptado por el equipo multidisciplinario del I<\/span><span data-contrast=\"auto\">SP<\/span><span data-contrast=\"auto\">, se redujo a 35 preguntas de opci\u00f3n m\u00faltiple, a las que se agregaron cuatro preguntas sobre temas que no se consideraban en la carpeta de recursos de la OMS.<\/span><span data-ccp-props=\"{&quot;201341983&quot;:0,&quot;335559731&quot;:708,&quot;335559739&quot;:0,&quot;335559740&quot;:240}\">\u00a0<\/span><\/p>\n<p><span data-contrast=\"auto\">El estudio realizado por el ISP demuestra que no obstante que las personas conocen el riesgo de infecci\u00f3n por <\/span><span data-contrast=\"auto\">el <\/span><span data-contrast=\"auto\">Zika<\/span><span data-contrast=\"auto\">, no se toman las medidas preventivas adecuadas, por lo que se considera necesario que los servicios de salud de M\u00e9xico desarrollen estrategias para promover el autocuidado y el control de vectores, dado que es un virus <\/span><span data-contrast=\"auto\">teratog\u00e9nico<\/span><span data-contrast=\"auto\"> que continuar\u00e1 circulando entre la poblaci\u00f3n<\/span><span data-contrast=\"auto\">;<\/span><span data-contrast=\"auto\"> adem\u00e1s<\/span><span data-contrast=\"auto\">,<\/span><span data-contrast=\"auto\"> se deben realizar estudios similares en poblaciones con niveles acad\u00e9micos m\u00e1s bajos, que los hace m\u00e1s vulnerables.<\/span><span data-ccp-props=\"{&quot;201341983&quot;:0,&quot;335559739&quot;:0,&quot;335559740&quot;:240}\">\u00a0<\/span><\/p>\n<p><span data-contrast=\"auto\">Es conveniente mencionar que el mosquito <\/span><i><span data-contrast=\"auto\">Aedes <\/span><\/i><i><span data-contrast=\"auto\">aegypti<\/span><\/i><span data-contrast=\"auto\"> est\u00e1 adaptado a los asentamientos humanos y s<\/span><span data-contrast=\"auto\">e<\/span><span data-contrast=\"auto\"> reproduc<\/span><span data-contrast=\"auto\">e <\/span><span data-contrast=\"auto\">en agua limpia, principalmente en la acumulada en recipientes como botellas, latas, envases de pl\u00e1stico y neum\u00e1tico<\/span><span data-contrast=\"auto\">s<\/span><span data-contrast=\"auto\"> desechados, por lo que es importante que en la temporada de lluvias se evite tener este tipo de objetos, con lo que se estar\u00e1 contribuyendo <\/span><span data-contrast=\"auto\">a evitar posibles criaderos.<\/span><span data-ccp-props=\"{&quot;201341983&quot;:0,&quot;335559739&quot;:0,&quot;335559740&quot;:240}\">\u00a0<\/span><\/p>\n","protected":false},"excerpt":{"rendered":"<p>Los encuestados saben que un mosquito propaga el virus del Zika y conocen las caracter\u00edsticas cl\u00ednicas de la enfermedad, pero desconocen que la transmisi\u00f3n tambi\u00e9n se da por la v\u00eda sexual<\/p>\n","protected":false},"author":1508,"featured_media":71188,"comment_status":"closed","ping_status":"closed","sticky":false,"template":"","format":"standard","meta":{"footnotes":""},"categories":[45,61],"tags":[],"class_list":["post-70737","post","type-post","status-publish","format-standard","has-post-thumbnail","hentry","category-ciencia","category-banner"],"_links":{"self":[{"href":"https:\/\/www.uv.mx\/prensa\/wp-json\/wp\/v2\/posts\/70737","targetHints":{"allow":["GET"]}}],"collection":[{"href":"https:\/\/www.uv.mx\/prensa\/wp-json\/wp\/v2\/posts"}],"about":[{"href":"https:\/\/www.uv.mx\/prensa\/wp-json\/wp\/v2\/types\/post"}],"author":[{"embeddable":true,"href":"https:\/\/www.uv.mx\/prensa\/wp-json\/wp\/v2\/users\/1508"}],"replies":[{"embeddable":true,"href":"https:\/\/www.uv.mx\/prensa\/wp-json\/wp\/v2\/comments?post=70737"}],"version-history":[{"count":0,"href":"https:\/\/www.uv.mx\/prensa\/wp-json\/wp\/v2\/posts\/70737\/revisions"}],"wp:featuredmedia":[{"embeddable":true,"href":"https:\/\/www.uv.mx\/prensa\/wp-json\/wp\/v2\/media\/71188"}],"wp:attachment":[{"href":"https:\/\/www.uv.mx\/prensa\/wp-json\/wp\/v2\/media?parent=70737"}],"wp:term":[{"taxonomy":"category","embeddable":true,"href":"https:\/\/www.uv.mx\/prensa\/wp-json\/wp\/v2\/categories?post=70737"},{"taxonomy":"post_tag","embeddable":true,"href":"https:\/\/www.uv.mx\/prensa\/wp-json\/wp\/v2\/tags?post=70737"}],"curies":[{"name":"wp","href":"https:\/\/api.w.org\/{rel}","templated":true}]}}