{"id":7054,"date":"2016-02-12T12:02:36","date_gmt":"2016-02-12T18:02:36","guid":{"rendered":"https:\/\/www.uv.mx\/prensa\/?p=7054"},"modified":"2016-02-12T15:05:05","modified_gmt":"2016-02-12T21:05:05","slug":"uv-y-fesapauv-inician-negociacion","status":"publish","type":"post","link":"https:\/\/www.uv.mx\/prensa\/general\/uv-y-fesapauv-inician-negociacion\/","title":{"rendered":"UV y Fesapauv inician negociaci\u00f3n"},"content":{"rendered":"<ul>\n<li><em>Privilegian el di\u00e1logo y el acuerdo<\/em><\/li>\n<li><em>Hay buenas noticias para establecer un buen acuerdo, destac\u00f3 Clementina Guerrero Garc\u00eda<\/em><\/li>\n<\/ul>\n<p>&nbsp;<\/p>\n<p><strong><em>David Sandoval Rodr\u00edguez<\/em><\/strong><\/p>\n<p>&nbsp;<\/p>\n<p>La Universidad Veracruzana (UV) recibi\u00f3 a la dirigencia del Sindicato del Personal Acad\u00e9mico de la instituci\u00f3n (<em>Fesapauv<\/em>), este viernes 12 de febrero, como parte de las negociaciones que sostienen para evitar el emplazamiento a huelga promovido por la organizaci\u00f3n gremial.<\/p>\n<p>Clementina Guerrero Garc\u00eda, secretaria de Administraci\u00f3n y Finanzas (SAF), la directora general de Recursos Humanos, Ivonne Cisneros Luj\u00e1n y la directora de Relaciones Laborales Guadalupe Perea Contreras, recibieron a la comitiva de la <em>Fesapauv<\/em>, liderada por su secretario general Enrique Levet Gorozpe, quien junto a los delegados regionales comenzaron las negociaciones con el \u00e1nimo de servir a su instituci\u00f3n.<\/p>\n<div id=\"attachment_7055\" style=\"width: 310px\" class=\"wp-caption aligncenter\"><a href=\"https:\/\/www.uv.mx\/prensa\/files\/2016\/02\/UV-Fesapauv-12.jpg\"><img loading=\"lazy\" decoding=\"async\" aria-describedby=\"caption-attachment-7055\" class=\"size-medium wp-image-7055\" src=\"https:\/\/www.uv.mx\/prensa\/files\/2016\/02\/UV-Fesapauv-12-300x157.jpg\" alt=\"Se instal\u00f3 la mesa de negociaci\u00f3n entre la UV y el Fesapauv.\" width=\"300\" height=\"157\" srcset=\"https:\/\/www.uv.mx\/prensa\/files\/2016\/02\/UV-Fesapauv-12-300x157.jpg 300w, https:\/\/www.uv.mx\/prensa\/files\/2016\/02\/UV-Fesapauv-12.jpg 768w\" sizes=\"auto, (max-width: 300px) 100vw, 300px\" \/><\/a><p id=\"caption-attachment-7055\" class=\"wp-caption-text\">Se instal\u00f3 la mesa de negociaci\u00f3n entre la UV y el Fesapauv.<\/p><\/div>\n<p>Clementina Guerrero Garc\u00eda, dio la bienvenida al secretario general del <em>Fesapauv<\/em>, Enrique Levet Gorozpe, y los representantes de las asambleas regionales para instalar la mesa de trabajo entre ambas instancias.<\/p>\n<p>\u201cHay noticias alentadoras para poder establecer una buena negociaci\u00f3n\u201d, afirm\u00f3 Guerrero Garc\u00eda, \u201cvamos a continuar trabajando y cualquier asunto que surja lo atenderemos como siempre, con la mejor de las voluntades, el di\u00e1logo que propicie acuerdos que beneficien a nuestros acad\u00e9micos y por ende a nuestra Universidad Veracruzana\u201d.<\/p>\n","protected":false},"excerpt":{"rendered":"<p><strong><em> David Sandoval Rodr\u00edguez.-<\/em><\/strong> <\/p>\n<p>La Universidad Veracruzana (UV) recibi\u00f3 a la dirigencia del Sindicato del Personal Acad\u00e9mico de la instituci\u00f3n (Fesapauv), este viernes 12 de febrero, como parte de las negociaciones que sostienen para evitar el emplazamiento a huelga promovido por la organizaci\u00f3n gremial.<\/p>\n","protected":false},"author":1809,"featured_media":7056,"comment_status":"closed","ping_status":"closed","sticky":false,"template":"","format":"standard","meta":{"footnotes":""},"categories":[1],"tags":[2],"class_list":["post-7054","post","type-post","status-publish","format-standard","has-post-thumbnail","hentry","category-general","tag-principal"],"_links":{"self":[{"href":"https:\/\/www.uv.mx\/prensa\/wp-json\/wp\/v2\/posts\/7054","targetHints":{"allow":["GET"]}}],"collection":[{"href":"https:\/\/www.uv.mx\/prensa\/wp-json\/wp\/v2\/posts"}],"about":[{"href":"https:\/\/www.uv.mx\/prensa\/wp-json\/wp\/v2\/types\/post"}],"author":[{"embeddable":true,"href":"https:\/\/www.uv.mx\/prensa\/wp-json\/wp\/v2\/users\/1809"}],"replies":[{"embeddable":true,"href":"https:\/\/www.uv.mx\/prensa\/wp-json\/wp\/v2\/comments?post=7054"}],"version-history":[{"count":0,"href":"https:\/\/www.uv.mx\/prensa\/wp-json\/wp\/v2\/posts\/7054\/revisions"}],"wp:featuredmedia":[{"embeddable":true,"href":"https:\/\/www.uv.mx\/prensa\/wp-json\/wp\/v2\/media\/7056"}],"wp:attachment":[{"href":"https:\/\/www.uv.mx\/prensa\/wp-json\/wp\/v2\/media?parent=7054"}],"wp:term":[{"taxonomy":"category","embeddable":true,"href":"https:\/\/www.uv.mx\/prensa\/wp-json\/wp\/v2\/categories?post=7054"},{"taxonomy":"post_tag","embeddable":true,"href":"https:\/\/www.uv.mx\/prensa\/wp-json\/wp\/v2\/tags?post=7054"}],"curies":[{"name":"wp","href":"https:\/\/api.w.org\/{rel}","templated":true}]}}