{"id":70429,"date":"2019-07-01T14:13:47","date_gmt":"2019-07-01T19:13:47","guid":{"rendered":"https:\/\/www.uv.mx\/prensa\/?p=70429"},"modified":"2019-07-01T20:26:51","modified_gmt":"2019-07-02T01:26:51","slug":"uv-y-apiver-celebraron-modernizacion-del-puerto-de-veracruz","status":"publish","type":"post","link":"https:\/\/www.uv.mx\/prensa\/banner\/uv-y-apiver-celebraron-modernizacion-del-puerto-de-veracruz\/","title":{"rendered":"UV y <em>Apiver<\/em> celebraron modernizaci\u00f3n  del puerto de Veracruz"},"content":{"rendered":"<ul>\n<li><em>Realizaron el Festival Ciudad Portuaria, en el que se presentaron diferentes grupos art\u00edsticos de esta casa de estudios en la macroplaza del malec\u00f3n<\/em><\/li>\n<li><em>En el conversatorio \u201cPuerto sobre puerto\u201d se destac\u00f3 a Veracruz como detonante de la econom\u00eda nacional<\/em><\/li>\n<\/ul>\n<p>&nbsp;<\/p>\n<div id=\"attachment_70424\" style=\"width: 732px\" class=\"wp-caption aligncenter\"><a href=\"https:\/\/www.uv.mx\/prensa\/files\/2019\/07\/Ciudad-Portuaria-1-y-banner-ambos-portales-100k.jpg\"><img loading=\"lazy\" decoding=\"async\" aria-describedby=\"caption-attachment-70424\" class=\"size-full wp-image-70424\" src=\"https:\/\/www.uv.mx\/prensa\/files\/2019\/07\/Ciudad-Portuaria-1-y-banner-ambos-portales-100k.jpg\" alt=\"El festival celebr\u00f3 el inicio de las operaciones mar\u00edtimas y con ello la modernizaci\u00f3n del puerto de Veracruz.\" width=\"722\" height=\"481\" srcset=\"https:\/\/www.uv.mx\/prensa\/files\/2019\/07\/Ciudad-Portuaria-1-y-banner-ambos-portales-100k.jpg 722w, https:\/\/www.uv.mx\/prensa\/files\/2019\/07\/Ciudad-Portuaria-1-y-banner-ambos-portales-100k-300x200.jpg 300w\" sizes=\"auto, (max-width: 722px) 100vw, 722px\" \/><\/a><p id=\"caption-attachment-70424\" class=\"wp-caption-text\">El festival celebr\u00f3 el inicio de las operaciones mar\u00edtimas y con ello la modernizaci\u00f3n del puerto de Veracruz.<\/p><\/div>\n<p>&nbsp;<\/p>\n<p><strong><em>01\/07\/19, Boca del R\u00edo, Ver.-<\/em><\/strong>La Universidad Veracruzana (UV) y la Administraci\u00f3n Portuaria Integral de Veracruz (<em>Apiver<\/em>) realizaron el domingo 30 de junio el Festival Ciudad Portuaria, Veracruz moderno, donde mostraron la riqueza cultural de este puerto.<\/p>\n<p>Teniendo como marco la llegada del buque franc\u00e9s \u201cWhite Shark\u201d de la compa\u00f1\u00eda CMA CGM, este festival celebr\u00f3 el inicio de las operaciones mar\u00edtimas y con ello la modernizaci\u00f3n del puerto de Veracruz.<\/p>\n<p>La Rectora de la UV, Sara Ladr\u00f3n de Guevara, afirm\u00f3 que \u201ces un d\u00eda hist\u00f3rico para Veracruz, con la modernizaci\u00f3n del puerto se inicia una nueva fase de reestructuraci\u00f3n econ\u00f3mica para el estado y el pa\u00eds\u201d.<\/p>\n<p>El festival cont\u00f3 con un conversatorio, el baile de m\u00e1s de 400 jarochos de la comunidad universitaria y la sociedad civil, as\u00ed como la presentaci\u00f3n de cuatro grupos art\u00edsticos de la UV.<\/p>\n<p>&nbsp;<\/p>\n<div id='gallery-1' class='gallery galleryid-70429 gallery-columns-2 gallery-size-full'><dl class='gallery-item'>\n\t\t\t<dt class='gallery-icon landscape'>\n\t\t\t\t<a href='https:\/\/www.uv.mx\/prensa\/ciudad-portuaria-2-100k\/'><img loading=\"lazy\" decoding=\"async\" width=\"722\" height=\"481\" src=\"https:\/\/www.uv.mx\/prensa\/files\/2019\/07\/Ciudad-Portuaria-2-100k.jpg\" class=\"attachment-full size-full\" alt=\"Los participantes coincidieron en la relevancia del puerto de Veracruz como puerta de entrada para la cultura y el comercio\" aria-describedby=\"gallery-1-70425\" srcset=\"https:\/\/www.uv.mx\/prensa\/files\/2019\/07\/Ciudad-Portuaria-2-100k.jpg 722w, https:\/\/www.uv.mx\/prensa\/files\/2019\/07\/Ciudad-Portuaria-2-100k-300x200.jpg 300w\" sizes=\"auto, (max-width: 722px) 100vw, 722px\" \/><\/a>\n\t\t\t<\/dt>\n\t\t\t\t<dd class='wp-caption-text gallery-caption' id='gallery-1-70425'>\n\t\t\t\tLos participantes coincidieron en la relevancia del puerto de Veracruz como puerta de entrada para la cultura y el comercio\n\t\t\t\t<\/dd><\/dl><dl class='gallery-item'>\n\t\t\t<dt class='gallery-icon landscape'>\n\t\t\t\t<a href='https:\/\/www.uv.mx\/prensa\/ciudad-portuaria-3-100k\/'><img loading=\"lazy\" decoding=\"async\" width=\"722\" height=\"481\" src=\"https:\/\/www.uv.mx\/prensa\/files\/2019\/07\/Ciudad-Portuaria-3-100k.jpg\" class=\"attachment-full size-full\" alt=\"La Rectora tambi\u00e9n se integr\u00f3 a la fiesta jarocha\" aria-describedby=\"gallery-1-70426\" srcset=\"https:\/\/www.uv.mx\/prensa\/files\/2019\/07\/Ciudad-Portuaria-3-100k.jpg 722w, https:\/\/www.uv.mx\/prensa\/files\/2019\/07\/Ciudad-Portuaria-3-100k-300x200.jpg 300w\" sizes=\"auto, (max-width: 722px) 100vw, 722px\" \/><\/a>\n\t\t\t<\/dt>\n\t\t\t\t<dd class='wp-caption-text gallery-caption' id='gallery-1-70426'>\n\t\t\t\tLa Rectora tambi\u00e9n se integr\u00f3 a la fiesta jarocha\n\t\t\t\t<\/dd><\/dl><br style=\"clear: both\" \/>\n\t\t<\/div>\n\n<p>&nbsp;<\/p>\n<p>Las actividades iniciaron con el conversatorio \u201cPuerto sobre puerto: el espacio veracruzano\u201d, realizado en el auditorio de <em>Apiver<\/em>y moderado por Domingo Canales Espinosa, director general del \u00c1rea Acad\u00e9mica de Ciencias Biol\u00f3gico-Agropecuarias.<\/p>\n<p>En \u00e9l participaron la Rectora de la UV, Ricardo Corzo Ram\u00edrez y Bernardo Garc\u00eda D\u00edaz, del Instituto de Investigaciones Hist\u00f3rico-Sociales (IIH-S), as\u00ed como la directora de la Universidad Veracruzana Intercultural, Lourdes Budar Jim\u00e9nez, y Francisco Lia\u00f1o Carrera, gerente de ingenier\u00eda de <em>Apiver<\/em>.<\/p>\n<p>&nbsp;<\/p>\n<div id='gallery-2' class='gallery galleryid-70429 gallery-columns-3 gallery-size-full'><dl class='gallery-item'>\n\t\t\t<dt class='gallery-icon landscape'>\n\t\t\t\t<a href='https:\/\/www.uv.mx\/prensa\/files\/2019\/07\/010719-Festival-Veracruz-aspectos.jpg'><img loading=\"lazy\" decoding=\"async\" width=\"722\" height=\"481\" src=\"https:\/\/www.uv.mx\/prensa\/files\/2019\/07\/010719-Festival-Veracruz-aspectos.jpg\" class=\"attachment-full size-full\" alt=\"\" aria-describedby=\"gallery-2-70442\" srcset=\"https:\/\/www.uv.mx\/prensa\/files\/2019\/07\/010719-Festival-Veracruz-aspectos.jpg 722w, https:\/\/www.uv.mx\/prensa\/files\/2019\/07\/010719-Festival-Veracruz-aspectos-300x200.jpg 300w\" sizes=\"auto, (max-width: 722px) 100vw, 722px\" \/><\/a>\n\t\t\t<\/dt>\n\t\t\t\t<dd class='wp-caption-text gallery-caption' id='gallery-2-70442'>\n\t\t\t\tJarochos de la comunidad universitaria y la sociedad civil\n\t\t\t\t<\/dd><\/dl><dl class='gallery-item'>\n\t\t\t<dt class='gallery-icon landscape'>\n\t\t\t\t<a href='https:\/\/www.uv.mx\/prensa\/files\/2019\/07\/010719-Festival-Veracruz-Nematalin.jpg'><img loading=\"lazy\" decoding=\"async\" width=\"722\" height=\"481\" src=\"https:\/\/www.uv.mx\/prensa\/files\/2019\/07\/010719-Festival-Veracruz-Nematalin.jpg\" class=\"attachment-full size-full\" alt=\"\" aria-describedby=\"gallery-2-70443\" srcset=\"https:\/\/www.uv.mx\/prensa\/files\/2019\/07\/010719-Festival-Veracruz-Nematalin.jpg 722w, https:\/\/www.uv.mx\/prensa\/files\/2019\/07\/010719-Festival-Veracruz-Nematalin-300x200.jpg 300w\" sizes=\"auto, (max-width: 722px) 100vw, 722px\" \/><\/a>\n\t\t\t<\/dt>\n\t\t\t\t<dd class='wp-caption-text gallery-caption' id='gallery-2-70443'>\n\t\t\t\tGrupo Nematatl\u00edn\n\t\t\t\t<\/dd><\/dl><dl class='gallery-item'>\n\t\t\t<dt class='gallery-icon landscape'>\n\t\t\t\t<a href='https:\/\/www.uv.mx\/prensa\/files\/2019\/07\/010719-Festival-Veracruz-Afro-mestizos.jpg'><img loading=\"lazy\" decoding=\"async\" width=\"722\" height=\"481\" src=\"https:\/\/www.uv.mx\/prensa\/files\/2019\/07\/010719-Festival-Veracruz-Afro-mestizos.jpg\" class=\"attachment-full size-full\" alt=\"\" aria-describedby=\"gallery-2-70445\" srcset=\"https:\/\/www.uv.mx\/prensa\/files\/2019\/07\/010719-Festival-Veracruz-Afro-mestizos.jpg 722w, https:\/\/www.uv.mx\/prensa\/files\/2019\/07\/010719-Festival-Veracruz-Afro-mestizos-300x200.jpg 300w\" sizes=\"auto, (max-width: 722px) 100vw, 722px\" \/><\/a>\n\t\t\t<\/dt>\n\t\t\t\t<dd class='wp-caption-text gallery-caption' id='gallery-2-70445'>\n\t\t\t\tEstudiantes de la Facultad de Danza\n\t\t\t\t<\/dd><\/dl><br style=\"clear: both\" \/><dl class='gallery-item'>\n\t\t\t<dt class='gallery-icon landscape'>\n\t\t\t\t<a href='https:\/\/www.uv.mx\/prensa\/files\/2019\/07\/010719-Festival-Veracruz-Mariachi.jpg'><img loading=\"lazy\" decoding=\"async\" width=\"722\" height=\"481\" src=\"https:\/\/www.uv.mx\/prensa\/files\/2019\/07\/010719-Festival-Veracruz-Mariachi.jpg\" class=\"attachment-full size-full\" alt=\"\" aria-describedby=\"gallery-2-70446\" srcset=\"https:\/\/www.uv.mx\/prensa\/files\/2019\/07\/010719-Festival-Veracruz-Mariachi.jpg 722w, https:\/\/www.uv.mx\/prensa\/files\/2019\/07\/010719-Festival-Veracruz-Mariachi-300x200.jpg 300w\" sizes=\"auto, (max-width: 722px) 100vw, 722px\" \/><\/a>\n\t\t\t<\/dt>\n\t\t\t\t<dd class='wp-caption-text gallery-caption' id='gallery-2-70446'>\n\t\t\t\tMariachi Universitario\n\t\t\t\t<\/dd><\/dl><dl class='gallery-item'>\n\t\t\t<dt class='gallery-icon landscape'>\n\t\t\t\t<a href='https:\/\/www.uv.mx\/prensa\/files\/2019\/07\/010719-Festival-Veracruz-Moscovita.jpg'><img loading=\"lazy\" decoding=\"async\" width=\"722\" height=\"481\" src=\"https:\/\/www.uv.mx\/prensa\/files\/2019\/07\/010719-Festival-Veracruz-Moscovita.jpg\" class=\"attachment-full size-full\" alt=\"\" aria-describedby=\"gallery-2-70447\" srcset=\"https:\/\/www.uv.mx\/prensa\/files\/2019\/07\/010719-Festival-Veracruz-Moscovita.jpg 722w, https:\/\/www.uv.mx\/prensa\/files\/2019\/07\/010719-Festival-Veracruz-Moscovita-300x200.jpg 300w\" sizes=\"auto, (max-width: 722px) 100vw, 722px\" \/><\/a>\n\t\t\t<\/dt>\n\t\t\t\t<dd class='wp-caption-text gallery-caption' id='gallery-2-70447'>\n\t\t\t\tOrquesta Tradicional Moscovita\n\t\t\t\t<\/dd><\/dl><dl class='gallery-item'>\n\t\t\t<dt class='gallery-icon landscape'>\n\t\t\t\t<a href='https:\/\/www.uv.mx\/prensa\/files\/2019\/07\/010719-Festival-VeracruzOSX.jpg'><img loading=\"lazy\" decoding=\"async\" width=\"722\" height=\"481\" src=\"https:\/\/www.uv.mx\/prensa\/files\/2019\/07\/010719-Festival-VeracruzOSX.jpg\" class=\"attachment-full size-full\" alt=\"\" aria-describedby=\"gallery-2-70451\" srcset=\"https:\/\/www.uv.mx\/prensa\/files\/2019\/07\/010719-Festival-VeracruzOSX.jpg 722w, https:\/\/www.uv.mx\/prensa\/files\/2019\/07\/010719-Festival-VeracruzOSX-300x200.jpg 300w\" sizes=\"auto, (max-width: 722px) 100vw, 722px\" \/><\/a>\n\t\t\t<\/dt>\n\t\t\t\t<dd class='wp-caption-text gallery-caption' id='gallery-2-70451'>\n\t\t\t\tOrquesta Universitaria de M\u00fasica Popular\n\t\t\t\t<\/dd><\/dl><br style=\"clear: both\" \/>\n\t\t<\/div>\n\n<p>&nbsp;<\/p>\n<p>Los participantes coincidieron en la relevancia del puerto de Veracruz como puerta de entrada para la cultura y el comercio. \u201cEste puerto es una historia de sangre, esfuerzos y trabajo\u201d, afirm\u00f3 Garc\u00eda D\u00edaz.<\/p>\n<p>Posteriormente, en la macroplaza del malec\u00f3n m\u00e1s de 400 jarochos bailaron <em>La bamba<\/em>, <em>El huateque<\/em>, <em>El col\u00e1s <\/em>y <em>El tilingo<\/em>, acompa\u00f1ados del grupo Nematatl\u00edn.<\/p>\n<p>La tarde continu\u00f3 con la participaci\u00f3n de la Orquesta Universitaria de M\u00fasica Popular, el Mariachi Universitario, un grupo de estudiantes de la Facultad de Danza de la UV que interpretaron un baile afromestizo, y concluy\u00f3 con la Orquesta Tradicional Moscovita.<\/p>\n<p>&nbsp;<\/p>\n<div id=\"attachment_70430\" style=\"width: 732px\" class=\"wp-caption aligncenter\"><a href=\"https:\/\/www.uv.mx\/prensa\/files\/2019\/07\/Ciudad-Portuaria-4-100k.jpg\"><img loading=\"lazy\" decoding=\"async\" aria-describedby=\"caption-attachment-70430\" class=\"size-full wp-image-70430\" src=\"https:\/\/www.uv.mx\/prensa\/files\/2019\/07\/Ciudad-Portuaria-4-100k.jpg\" alt=\"El p\u00fablico disfrut\u00f3 de los grupos art\u00edsticos y ensambles culturales de la UV\" width=\"722\" height=\"481\" srcset=\"https:\/\/www.uv.mx\/prensa\/files\/2019\/07\/Ciudad-Portuaria-4-100k.jpg 722w, https:\/\/www.uv.mx\/prensa\/files\/2019\/07\/Ciudad-Portuaria-4-100k-300x200.jpg 300w\" sizes=\"auto, (max-width: 722px) 100vw, 722px\" \/><\/a><p id=\"caption-attachment-70430\" class=\"wp-caption-text\">El p\u00fablico disfrut\u00f3 de los grupos art\u00edsticos y ensambles culturales de la UV<\/p><\/div>\n","protected":false},"excerpt":{"rendered":"<p>La Rectora de la UV, Sara Ladr\u00f3n de Guevara, afirm\u00f3 que con la modernizaci\u00f3n del puerto se inicia una nueva fase de reestructuraci\u00f3n econ\u00f3mica para el estado y el pa\u00eds.<\/p>\n","protected":false},"author":1775,"featured_media":70433,"comment_status":"closed","ping_status":"closed","sticky":false,"template":"","format":"standard","meta":{"footnotes":""},"categories":[61],"tags":[],"class_list":["post-70429","post","type-post","status-publish","format-standard","has-post-thumbnail","hentry","category-banner"],"_links":{"self":[{"href":"https:\/\/www.uv.mx\/prensa\/wp-json\/wp\/v2\/posts\/70429","targetHints":{"allow":["GET"]}}],"collection":[{"href":"https:\/\/www.uv.mx\/prensa\/wp-json\/wp\/v2\/posts"}],"about":[{"href":"https:\/\/www.uv.mx\/prensa\/wp-json\/wp\/v2\/types\/post"}],"author":[{"embeddable":true,"href":"https:\/\/www.uv.mx\/prensa\/wp-json\/wp\/v2\/users\/1775"}],"replies":[{"embeddable":true,"href":"https:\/\/www.uv.mx\/prensa\/wp-json\/wp\/v2\/comments?post=70429"}],"version-history":[{"count":0,"href":"https:\/\/www.uv.mx\/prensa\/wp-json\/wp\/v2\/posts\/70429\/revisions"}],"wp:featuredmedia":[{"embeddable":true,"href":"https:\/\/www.uv.mx\/prensa\/wp-json\/wp\/v2\/media\/70433"}],"wp:attachment":[{"href":"https:\/\/www.uv.mx\/prensa\/wp-json\/wp\/v2\/media?parent=70429"}],"wp:term":[{"taxonomy":"category","embeddable":true,"href":"https:\/\/www.uv.mx\/prensa\/wp-json\/wp\/v2\/categories?post=70429"},{"taxonomy":"post_tag","embeddable":true,"href":"https:\/\/www.uv.mx\/prensa\/wp-json\/wp\/v2\/tags?post=70429"}],"curies":[{"name":"wp","href":"https:\/\/api.w.org\/{rel}","templated":true}]}}