{"id":70381,"date":"2019-06-30T08:00:11","date_gmt":"2019-06-30T13:00:11","guid":{"rendered":"https:\/\/www.uv.mx\/prensa\/?p=70381"},"modified":"2019-06-28T18:21:02","modified_gmt":"2019-06-28T23:21:02","slug":"alumnos-de-derecho-apoyan-a-sectores-vulnerables","status":"publish","type":"post","link":"https:\/\/www.uv.mx\/prensa\/general\/alumnos-de-derecho-apoyan-a-sectores-vulnerables\/","title":{"rendered":"Alumnos de Derecho apoyan a sectores vulnerables"},"content":{"rendered":"<ul>\n<li data-leveltext=\"\uf0b7\" data-font=\"Symbol\" data-listid=\"1\" data-aria-posinset=\"1\" data-aria-level=\"1\"><i><span data-contrast=\"auto\">Durante el presente a\u00f1o han realizado acopio de tapas de pl\u00e1stico, libros, juguetes y<\/span><\/i><i><span data-contrast=\"auto\"> T<\/span><\/i><i><span data-contrast=\"auto\">etra <\/span><\/i><i><span data-contrast=\"auto\">P<\/span><\/i><i><span data-contrast=\"auto\">a<\/span><\/i><i><span data-contrast=\"auto\">c<\/span><\/i><i><span data-contrast=\"auto\">k<\/span><\/i><span data-ccp-props=\"{&quot;134233279&quot;:true,&quot;201341983&quot;:0,&quot;335559739&quot;:160,&quot;335559740&quot;:240}\">\u00a0<\/span><\/li>\n<li data-leveltext=\"\uf0b7\" data-font=\"Symbol\" data-listid=\"1\" data-aria-posinset=\"2\" data-aria-level=\"1\"><i><span data-contrast=\"auto\">Los donaron para mejorar la calidad de vida de <\/span><\/i><i><span data-contrast=\"auto\">ni\u00f1os con c\u00e1ncer, <\/span><\/i><i><span data-contrast=\"auto\">i<\/span><\/i><i><span data-contrast=\"auto\">nternos <\/span><\/i><i><span data-contrast=\"auto\">y familias de zonas serranas<\/span><\/i><span data-ccp-props=\"{&quot;134233279&quot;:true,&quot;201341983&quot;:0,&quot;335559739&quot;:160,&quot;335559740&quot;:240}\">\u00a0<\/span><\/li>\n<li data-leveltext=\"\uf0b7\" data-font=\"Symbol\" data-listid=\"1\" data-aria-posinset=\"3\" data-aria-level=\"1\"><i><span data-contrast=\"auto\">\u201cEsta iniciativa nos sensibiliza<\/span><\/i><i><span data-contrast=\"auto\">, s\u00e9 que en un futuro<\/span><\/i><i><span data-contrast=\"auto\"> brindaremos algo mejor a la sociedad\u201d, dijo una alumna<\/span><\/i><span data-ccp-props=\"{&quot;134233279&quot;:true,&quot;201341983&quot;:0,&quot;335559739&quot;:160,&quot;335559740&quot;:240}\">\u00a0<\/span><\/li>\n<\/ul>\n<p><span data-ccp-props=\"{&quot;201341983&quot;:0,&quot;335559739&quot;:160,&quot;335559740&quot;:240}\">\u00a0<\/span><\/p>\n<div id=\"attachment_70299\" style=\"width: 732px\" class=\"wp-caption aligncenter\"><a href=\"https:\/\/www.uv.mx\/prensa\/files\/2019\/06\/270619-ALUMNOS-DERECHO-1.jpg\"><img loading=\"lazy\" decoding=\"async\" aria-describedby=\"caption-attachment-70299\" class=\"size-full wp-image-70299\" src=\"https:\/\/www.uv.mx\/prensa\/files\/2019\/06\/270619-ALUMNOS-DERECHO-1.jpg\" alt=\"\" width=\"722\" height=\"480\" srcset=\"https:\/\/www.uv.mx\/prensa\/files\/2019\/06\/270619-ALUMNOS-DERECHO-1.jpg 722w, https:\/\/www.uv.mx\/prensa\/files\/2019\/06\/270619-ALUMNOS-DERECHO-1-300x199.jpg 300w\" sizes=\"auto, (max-width: 722px) 100vw, 722px\" \/><\/a><p id=\"caption-attachment-70299\" class=\"wp-caption-text\">Estudiantes de Derecho realizaron actividades altruistas en beneficio de poblaci\u00f3n vulnerable<\/p><\/div>\n<p><i><\/i><span data-ccp-props=\"{&quot;201341983&quot;:0,&quot;335559739&quot;:160,&quot;335559740&quot;:240}\"><br \/>\n<\/span><\/p>\n<p><span data-contrast=\"auto\">\u00a0<\/span><span data-ccp-props=\"{&quot;201341983&quot;:0,&quot;335559739&quot;:160,&quot;335559740&quot;:240}\">\u00a0<\/span><\/p>\n<p><b><i><span data-contrast=\"auto\">Claudia Peralta V\u00e1zquez<\/span><\/i><\/b><span data-ccp-props=\"{&quot;201341983&quot;:0,&quot;335559739&quot;:160,&quot;335559740&quot;:240}\">\u00a0<\/span><\/p>\n<p><b><i><span data-contrast=\"auto\">30<\/span><\/i><\/b><b><i><span data-contrast=\"auto\">\/06\/19, Xalapa, Ver.- <\/span><\/i><\/b><span data-contrast=\"auto\">Para favorecer a sectores vulnerables de la sociedad, un grupo altruista integrado por estudiantes de la Facultad de Derecho de la Universidad Veracruzana (UV) realiz\u00f3 el acopio de tapas de pl\u00e1stico, libros, juguetes y Tetra Pack para donarlos y con ello mejorar la calidad de vida de ni\u00f1os con c\u00e1ncer, internos del penal de Pacho Viejo y familias de zonas marginadas.<\/span><span data-ccp-props=\"{&quot;201341983&quot;:0,&quot;335559739&quot;:160,&quot;335559740&quot;:240}\">\u00a0<\/span><\/p>\n<p><span data-contrast=\"auto\">Estas acciones se desarrollaban en los dos \u00faltimos semestres<\/span><span data-contrast=\"auto\">,<\/span> <span data-contrast=\"auto\">ahora <\/span><span data-contrast=\"auto\">se han fortalecido gracias a la iniciativa de los integrantes de este equipo que<\/span> <span data-contrast=\"auto\">cursan diversos semestres de<\/span><span data-contrast=\"auto\">l<\/span><span data-contrast=\"auto\"> programa educativo.<\/span><span data-ccp-props=\"{&quot;201341983&quot;:0,&quot;335559739&quot;:160,&quot;335559740&quot;:240}\">\u00a0<\/span><\/p>\n<p><span data-contrast=\"auto\">El <\/span><span data-contrast=\"auto\">acad\u00e9mico Guillermo S\u00e1nchez Vaca, coordinador de las actividades<\/span><span data-contrast=\"auto\">, <\/span><span data-contrast=\"auto\">expres\u00f3<\/span><span data-contrast=\"auto\">: <\/span><span data-contrast=\"auto\">\u201cEn los dos \u00faltimos semestres creci\u00f3 este sentimiento de solidaridad con <\/span><span data-contrast=\"auto\">quien sufre o<\/span><span data-contrast=\"auto\"> padece una situaci\u00f3n de justicia,<\/span><span data-contrast=\"auto\"> as\u00ed como<\/span><span data-contrast=\"auto\"> con grupos vulnerables que viven e<\/span><span data-contrast=\"auto\">n la<\/span><span data-contrast=\"auto\"> marginaci\u00f3n y pobreza<\/span><span data-contrast=\"auto\">;<\/span><span data-contrast=\"auto\"> estoy seguro que estas <\/span><span data-contrast=\"auto\">experiencias dejar\u00e1n una huella en los j\u00f3venes y orientar\u00e1n su futuro profesional\u201d<\/span><span data-contrast=\"auto\">.<\/span><span data-ccp-props=\"{&quot;201341983&quot;:0,&quot;335559739&quot;:160,&quot;335559740&quot;:240}\">\u00a0<\/span><\/p>\n<p><span data-contrast=\"auto\">Se\u00f1al\u00f3 que se trata de un <\/span><span data-contrast=\"auto\">ingrediente fundamental para la formaci\u00f3n de los futuros profesionistas, quien<\/span><span data-contrast=\"auto\">es participan sin el inter\u00e9s de recibir algo a cambio, \u201c<\/span><span data-contrast=\"auto\">es una actividad totalmente altruista<\/span><span data-contrast=\"auto\"> y heterog\u00e9nea\u201d<\/span><span data-contrast=\"auto\">.<\/span><span data-ccp-props=\"{&quot;201341983&quot;:0,&quot;335559739&quot;:160,&quot;335559740&quot;:240}\">\u00a0<\/span><\/p>\n<p><span data-contrast=\"auto\">Berenice V\u00e1zquez Garc\u00eda<\/span><span data-contrast=\"auto\">, alumna de<\/span><span data-contrast=\"auto\"> segundo semestre<\/span><span data-contrast=\"auto\">,<\/span><span data-contrast=\"auto\"> platic\u00f3 que en <\/span><span data-contrast=\"auto\">enero acudieron al<\/span><span data-contrast=\"auto\"> p<\/span><span data-contrast=\"auto\">enal de Pacho Viejo con el prop\u00f3sito<\/span><span data-contrast=\"auto\"> de entregar unos libros que <\/span><span data-contrast=\"auto\">fueron<\/span><span data-contrast=\"auto\"> donados por la comunidad<\/span><span data-contrast=\"auto\"> estudiantil y acad\u00e9mica de la F<\/span><span data-contrast=\"auto\">acultad.<\/span><span data-ccp-props=\"{&quot;201341983&quot;:0,&quot;335559731&quot;:708,&quot;335559739&quot;:160,&quot;335559740&quot;:240}\">\u00a0<\/span><\/p>\n<p><span data-contrast=\"auto\">Su asombro creci\u00f3 cuando al convivir y dialogar con ellos, supo que varios internos cursan la carrera de Derecho dentro del Centro de Readaptaci\u00f3n Social, por lo que se sintieron complacidos de recibir tal apoyo.<\/span><span data-ccp-props=\"{&quot;201341983&quot;:0,&quot;335559739&quot;:160,&quot;335559740&quot;:240}\">\u00a0<\/span><\/p>\n<p><span data-contrast=\"auto\">\u201cNos dijeron que estaban muy agradecidos por los libros<\/span><span data-contrast=\"auto\"> pues<\/span><span data-contrast=\"auto\"> cuando hacen tareas no tienen las mismas facilidades que nosotros para buscarlas, y los libros donados les facilitan mucho m\u00e1s las actividades que les<\/span><span data-contrast=\"auto\"> encargan.\u201d<\/span><span data-ccp-props=\"{&quot;201341983&quot;:0,&quot;335559739&quot;:160,&quot;335559740&quot;:240}\">\u00a0<\/span><\/p>\n<p><span data-contrast=\"auto\">La joven dijo que adem\u00e1s del sentimiento de altruismo y solidaridad, naci\u00f3 en ella una preocupaci\u00f3n por <\/span><span data-contrast=\"auto\">orientar sus conocimientos hacia el respeto de los derechos de estas personas, pues <\/span><span data-contrast=\"auto\">conoci\u00f3<\/span><span data-contrast=\"auto\"> algunos casos y <\/span><span data-contrast=\"auto\">los <\/span><span data-contrast=\"auto\">motivos por los que se encuentran recluidos.<\/span><span data-contrast=\"auto\"> \u201cTan s\u00f3<\/span><span data-contrast=\"auto\">lo por el hecho de haber cometido un delito nos comentaron que los maltratan mucho\u201d.<\/span><span data-ccp-props=\"{&quot;201341983&quot;:0,&quot;335559739&quot;:160,&quot;335559740&quot;:240}\">\u00a0<\/span><\/p>\n<p><span data-contrast=\"auto\">Ver\u00f3nica B\u00e1ez M\u00e9ndez, tambi\u00e9n de segundo semest<\/span><span data-contrast=\"auto\">re, expres\u00f3 su emoci\u00f3n al<\/span><span data-contrast=\"auto\"> haber cont<\/span><span data-contrast=\"auto\">ribuido con un granito de arena<\/span><span data-contrast=\"auto\"> en la atenci\u00f3n de ni\u00f1os <\/span><span data-contrast=\"auto\">del <\/span><span data-contrast=\"auto\">Centro Estatal de Cancerolog\u00eda <\/span><span data-contrast=\"auto\">(<\/span><i><span data-contrast=\"auto\">Cecan<\/span><\/i><span data-contrast=\"auto\">) <\/span><span data-contrast=\"auto\">\u201c<\/span><span data-contrast=\"auto\">Dr. <\/span><span data-contrast=\"auto\">Miguel Dorantes Mesa\u201d<\/span><span data-contrast=\"auto\">,<\/span><span data-contrast=\"auto\"> pues a trav\u00e9s de la donaci\u00f3n de tapas de pl\u00e1stico a una asociaci\u00f3n <\/span><span data-contrast=\"auto\">civil <\/span><span data-contrast=\"auto\">se logra que a cambio los peque\u00f1os reciban quimioterapias de forma gratuita.<\/span><span data-ccp-props=\"{&quot;201341983&quot;:0,&quot;335559739&quot;:160,&quot;335559740&quot;:240}\">\u00a0<\/span><\/p>\n<p><span data-contrast=\"auto\">Esta acci\u00f3n concluy\u00f3 con la visita a<\/span><span data-contrast=\"auto\">l<\/span> <i><span data-contrast=\"auto\">Cecan<\/span><\/i><span data-contrast=\"auto\">, donde los universitarios convivieron con los ni\u00f1os<\/span><span data-contrast=\"auto\"> y sus familiares a trav\u00e9s de un<\/span><span data-contrast=\"auto\">a funci\u00f3n de <\/span><span data-contrast=\"auto\">teatro gui\u00f1ol.<\/span><span data-ccp-props=\"{&quot;201341983&quot;:0,&quot;335559739&quot;:160,&quot;335559740&quot;:240}\">\u00a0<\/span><\/p>\n<p><span data-contrast=\"auto\">C\u00e9sar Gonzalo Alejo Hern\u00e1ndez,<\/span> <span data-contrast=\"auto\">de sexto semestre, coment\u00f3 que desde la primera vez que el maestro S\u00e1nchez Vaca lanz\u00f3 la convo<\/span><span data-contrast=\"auto\">catoria para recopilar Tetra Pac<\/span><span data-contrast=\"auto\">k <\/span><span data-contrast=\"auto\">para <\/span><span data-contrast=\"auto\">forrar casas de m<\/span><span data-contrast=\"auto\">adera en regiones marginadas, llam\u00f3 mucho su <\/span><span data-contrast=\"auto\">atenci\u00f3n.<\/span><span data-ccp-props=\"{&quot;201341983&quot;:0,&quot;335559731&quot;:708,&quot;335559739&quot;:160,&quot;335559740&quot;:240}\">\u00a0<\/span><\/p>\n<p><span data-contrast=\"auto\">\u201cDesde primer semestre que acud\u00ed me encant\u00f3 l<\/span><span data-contrast=\"auto\">a experiencia y lo hago de <\/span><span data-contrast=\"auto\">coraz\u00f3n, por eso a\u00f1o con a\u00f1o busco<\/span><span data-contrast=\"auto\"> al maestro para preguntarle cu\u00e1<\/span><span data-contrast=\"auto\">ndo ser\u00e1 el pr\u00f3ximo viaje<\/span><span data-contrast=\"auto\">,<\/span><span data-contrast=\"auto\"> que ya tengo mis cajas reunidas<\/span><span data-contrast=\"auto\">, esta actividad sembr\u00f3 en m\u00ed la<\/span><span data-contrast=\"auto\"> semilla por ayudar al pr\u00f3jimo.\u201d<\/span><span data-ccp-props=\"{&quot;201341983&quot;:0,&quot;335559731&quot;:708,&quot;335559739&quot;:160,&quot;335559740&quot;:240}\">\u00a0<\/span><\/p>\n<p><span data-contrast=\"auto\">Cabe mencionar que en el acopio de Tetra Pack<\/span><span data-contrast=\"auto\"> \u2013que<\/span><span data-contrast=\"auto\"> promueve el reciclaje y cuidado del medio ambi<\/span><span data-contrast=\"auto\">ente\u2013<\/span><span data-contrast=\"auto\"> tambi\u00e9n ayud\u00f3 el personal administrativo, acad\u00e9mico, de servicios generales y alumnos de la Facultad de Derecho.\u00a0<\/span><span data-ccp-props=\"{&quot;201341983&quot;:0,&quot;335559731&quot;:708,&quot;335559739&quot;:160,&quot;335559740&quot;:240}\">\u00a0<\/span><\/p>\n<p><span data-contrast=\"auto\">De esta forma, durante este a\u00f1o se visitaro<\/span><span data-contrast=\"auto\">n localidades y municipios como<\/span> <span data-contrast=\"auto\">Las <\/span><span data-contrast=\"auto\">Vigas de Ram\u00edrez;<\/span> <span data-contrast=\"auto\">Coyopolan<\/span><span data-contrast=\"auto\">,<\/span><span data-contrast=\"auto\"> municipio de <\/span><span data-contrast=\"auto\">Ixhuac\u00e1n<\/span><span data-contrast=\"auto\"> de los Reyes; <\/span><span data-contrast=\"auto\">Tonalaco<\/span><span data-contrast=\"auto\">,<\/span><span data-contrast=\"auto\"> en<\/span> <span data-contrast=\"auto\">Xico<\/span><span data-contrast=\"auto\">; <\/span><span data-contrast=\"auto\">Plan de la Cruz,<\/span><span data-contrast=\"auto\"> en <\/span><span data-contrast=\"auto\">Ayahualulco<\/span><span data-contrast=\"auto\">,<\/span><span data-contrast=\"auto\"> y <\/span><span data-contrast=\"auto\">Chiconqui<\/span><span data-contrast=\"auto\">aco<\/span><span data-contrast=\"auto\">.<\/span><span data-ccp-props=\"{&quot;201341983&quot;:0,&quot;335559731&quot;:708,&quot;335559739&quot;:160,&quot;335559740&quot;:240}\">\u00a0<\/span><\/p>\n<p><span data-contrast=\"auto\">Paola Elizabeth S\u00e1nchez Hern\u00e1ndez,<\/span><span data-contrast=\"auto\"> de<\/span><span data-contrast=\"auto\"> cuarto semestre<\/span><span data-contrast=\"auto\">, coment\u00f3 que <\/span><span data-contrast=\"auto\">el<\/span><span data-contrast=\"auto\"> forrado de casas de madera es una labor muy ardua porque los donadores entregan \u00fanicamente las cajas, y <\/span><span data-contrast=\"auto\">a ellos <\/span><span data-contrast=\"auto\">corresponde cortarlas y l<\/span><span data-contrast=\"auto\">impiarlas para evitar la proliferaci\u00f3n de hongo<\/span><span data-contrast=\"auto\">.<\/span><span data-ccp-props=\"{&quot;201341983&quot;:0,&quot;335559731&quot;:708,&quot;335559739&quot;:160,&quot;335559740&quot;:240}\">\u00a0<\/span><\/p>\n<p><span data-contrast=\"auto\">\u201cEs una labor gratificante p<\/span><span data-contrast=\"auto\">ues <\/span><span data-contrast=\"auto\">todas las p<\/span><span data-contrast=\"auto\">ersonas quedan muy agradecidas porque ya no pasar\u00e1n fr\u00edo durante el invierno, <\/span><span data-contrast=\"auto\">los ni\u00f1os se sienten contentos de ver su casa forrada, incluso cada vez que vamos tratamos de regalarles juguetes y hacer actividades con ellos<\/span><span data-contrast=\"auto\">.\u201d<\/span><span data-ccp-props=\"{&quot;201341983&quot;:0,&quot;335559731&quot;:708,&quot;335559739&quot;:160,&quot;335559740&quot;:240}\">\u00a0<\/span><\/p>\n<p><span data-contrast=\"auto\">Subray\u00f3 <\/span><span data-contrast=\"auto\">que este acercamiento<\/span> <span data-contrast=\"auto\">les ayuda <\/span><span data-contrast=\"auto\">a sensibilizarse,<\/span><span data-contrast=\"auto\"> \u201cmucha gente tiene el concepto de que los abogados so<\/span><span data-contrast=\"auto\">mos <\/span><span data-contrast=\"auto\">muy fr\u00edvolos, pero estoy segura de que<\/span><span data-contrast=\"auto\"> en un futuro, cuando<\/span> <span data-contrast=\"auto\">seamos profesionistas<\/span><span data-contrast=\"auto\">,<\/span><span data-contrast=\"auto\"> podremos<\/span> <span data-contrast=\"auto\">brindar algo mejor a la sociedad\u201d.<\/span><span data-ccp-props=\"{&quot;201341983&quot;:0,&quot;335559731&quot;:708,&quot;335559739&quot;:160,&quot;335559740&quot;:240}\">\u00a0<\/span><\/p>\n<p><span data-contrast=\"auto\">Lizbeth Morales Romero, <\/span><span data-contrast=\"auto\">tambi\u00e9n <\/span><span data-contrast=\"auto\">de <\/span><span data-contrast=\"auto\">cuarto<\/span><span data-contrast=\"auto\"> semestre<\/span><span data-contrast=\"auto\">, narr\u00f3 que se ha sumado al forrado de casas con Tetra Pack<\/span><span data-contrast=\"auto\">,<\/span><span data-contrast=\"auto\"> pero tambi\u00e9n a la donaci\u00f3n de juguetes y \u00fatiles escolares, recaudados por sus compa\u00f1eros, maestros y amigos.<\/span><span data-ccp-props=\"{&quot;201341983&quot;:0,&quot;335559731&quot;:708,&quot;335559739&quot;:160,&quot;335559740&quot;:240}\">\u00a0<\/span><\/p>\n<p><span data-contrast=\"auto\">Esto \u00faltimo se hizo en la C<\/span><span data-contrast=\"auto\">olonia Plan de Ayala de esta ciudad, donde adem\u00e1s exhortaron a los<\/span><span data-contrast=\"auto\"> infantes<\/span><span data-contrast=\"auto\"> a continuar sus estudios y<\/span><span data-contrast=\"auto\"> a salir adelante.<\/span><span data-ccp-props=\"{&quot;201341983&quot;:0,&quot;335559731&quot;:708,&quot;335559739&quot;:160,&quot;335559740&quot;:240}\">\u00a0<\/span><\/p>\n<p><span data-contrast=\"auto\">En el caso de estos sectores, agreg\u00f3<\/span><span data-contrast=\"auto\">,<\/span><span data-contrast=\"auto\"> no siempre conocen sus derechos debido a que viven en zonas con un alto grado de marginaci\u00f3n y pobreza<\/span><span data-contrast=\"auto\">.<\/span><span data-ccp-props=\"{&quot;201341983&quot;:0,&quot;335559731&quot;:708,&quot;335559739&quot;:160,&quot;335559740&quot;:240}\">\u00a0<\/span><\/p>\n<p><span data-contrast=\"auto\">\u201cPienso que en las condiciones que viven<\/span><span data-contrast=\"auto\">,<\/span><span data-contrast=\"auto\"> reina mucho la ignorancia, no conocen cu\u00e1les s<\/span><span data-contrast=\"auto\">on s<\/span><span data-contrast=\"auto\">us derechos.\u201d<\/span><span data-ccp-props=\"{&quot;201341983&quot;:0,&quot;335559731&quot;:708,&quot;335559739&quot;:160,&quot;335559740&quot;:240}\">\u00a0<\/span><\/p>\n<p><span data-contrast=\"auto\">No s\u00f3<\/span><span data-contrast=\"auto\">lo es el hecho de acudir y forrar una casa, tambi\u00e9n dialogar y hacerles saber sus derechos para que no sean violentados.<\/span><span data-ccp-props=\"{&quot;201341983&quot;:0,&quot;335559731&quot;:708,&quot;335559739&quot;:160,&quot;335559740&quot;:240}\">\u00a0<\/span><\/p>\n","protected":false},"excerpt":{"rendered":"<p>Han acopio y donado tapas de pl\u00e1stico, libros, juguetes y Tetra Pack, para mejorar la calidad de vida de ni\u00f1os con c\u00e1ncer, internos y familias de zonas serranas\u00a0<\/p>\n","protected":false},"author":1869,"featured_media":70299,"comment_status":"closed","ping_status":"closed","sticky":false,"template":"","format":"standard","meta":{"footnotes":""},"categories":[1],"tags":[],"class_list":["post-70381","post","type-post","status-publish","format-standard","has-post-thumbnail","hentry","category-general"],"_links":{"self":[{"href":"https:\/\/www.uv.mx\/prensa\/wp-json\/wp\/v2\/posts\/70381","targetHints":{"allow":["GET"]}}],"collection":[{"href":"https:\/\/www.uv.mx\/prensa\/wp-json\/wp\/v2\/posts"}],"about":[{"href":"https:\/\/www.uv.mx\/prensa\/wp-json\/wp\/v2\/types\/post"}],"author":[{"embeddable":true,"href":"https:\/\/www.uv.mx\/prensa\/wp-json\/wp\/v2\/users\/1869"}],"replies":[{"embeddable":true,"href":"https:\/\/www.uv.mx\/prensa\/wp-json\/wp\/v2\/comments?post=70381"}],"version-history":[{"count":0,"href":"https:\/\/www.uv.mx\/prensa\/wp-json\/wp\/v2\/posts\/70381\/revisions"}],"wp:featuredmedia":[{"embeddable":true,"href":"https:\/\/www.uv.mx\/prensa\/wp-json\/wp\/v2\/media\/70299"}],"wp:attachment":[{"href":"https:\/\/www.uv.mx\/prensa\/wp-json\/wp\/v2\/media?parent=70381"}],"wp:term":[{"taxonomy":"category","embeddable":true,"href":"https:\/\/www.uv.mx\/prensa\/wp-json\/wp\/v2\/categories?post=70381"},{"taxonomy":"post_tag","embeddable":true,"href":"https:\/\/www.uv.mx\/prensa\/wp-json\/wp\/v2\/tags?post=70381"}],"curies":[{"name":"wp","href":"https:\/\/api.w.org\/{rel}","templated":true}]}}