{"id":70376,"date":"2019-06-30T08:00:55","date_gmt":"2019-06-30T13:00:55","guid":{"rendered":"https:\/\/www.uv.mx\/prensa\/?p=70376"},"modified":"2019-06-28T18:04:49","modified_gmt":"2019-06-28T23:04:49","slug":"ceti-brinda-orden-y-transparencia-a-la-uv","status":"publish","type":"post","link":"https:\/\/www.uv.mx\/prensa\/tecnologia\/ceti-brinda-orden-y-transparencia-a-la-uv\/","title":{"rendered":"CETI brinda orden y transparencia a la UV\u00a0"},"content":{"rendered":"<ul>\n<li data-leveltext=\"\uf0b7\" data-font=\"Symbol\" data-listid=\"1\" data-aria-posinset=\"1\" data-aria-level=\"1\"><i><span data-contrast=\"auto\">El Comit\u00e9 Estrat\u00e9gico de Tecnolog\u00edas de Informaci\u00f3n de la Universidad Veracruzana celebr\u00f3 su primera sesi\u00f3n ordinaria del a\u00f1o<\/span><\/i><span data-ccp-props=\"{&quot;134233279&quot;:true}\">\u00a0<\/span><\/li>\n<li data-leveltext=\"\uf0b7\" data-font=\"Symbol\" data-listid=\"1\" data-aria-posinset=\"2\" data-aria-level=\"1\"><i><span data-contrast=\"auto\">Las autoridades reconocieron los avances y mejoras que han implementado desde la D<\/span><\/i><i><span data-contrast=\"auto\">irecci\u00f3n <\/span><\/i><i><span data-contrast=\"auto\">G<\/span><\/i><i><span data-contrast=\"auto\">eneral de <\/span><\/i><i><span data-contrast=\"auto\">T<\/span><\/i><i><span data-contrast=\"auto\">ecnolog\u00edas de <\/span><\/i><i><span data-contrast=\"auto\">I<\/span><\/i><i><span data-contrast=\"auto\">nformaci\u00f3n<\/span><\/i><span data-ccp-props=\"{&quot;134233279&quot;:true}\">\u00a0<\/span><\/li>\n<\/ul>\n<p><span data-ccp-props=\"{}\">\u00a0<\/span><b><i><\/i><\/b><\/p>\n<div id=\"attachment_70304\" style=\"width: 732px\" class=\"wp-caption aligncenter\"><a href=\"https:\/\/www.uv.mx\/prensa\/files\/2019\/06\/270619-CETI-UV-1.jpg\"><img loading=\"lazy\" decoding=\"async\" aria-describedby=\"caption-attachment-70304\" class=\"size-full wp-image-70304\" src=\"https:\/\/www.uv.mx\/prensa\/files\/2019\/06\/270619-CETI-UV-1.jpg\" alt=\"\" width=\"722\" height=\"482\" srcset=\"https:\/\/www.uv.mx\/prensa\/files\/2019\/06\/270619-CETI-UV-1.jpg 722w, https:\/\/www.uv.mx\/prensa\/files\/2019\/06\/270619-CETI-UV-1-300x200.jpg 300w\" sizes=\"auto, (max-width: 722px) 100vw, 722px\" \/><\/a><p id=\"caption-attachment-70304\" class=\"wp-caption-text\">La rectora Sara Ladr\u00f3n de Guevara presidi\u00f3 la primera sesi\u00f3n del Comit\u00e9 Estrat\u00e9gico de Tecnolog\u00edas de Informaci\u00f3n de la UV<\/p><\/div>\n<p><span data-ccp-props=\"{}\">\u00a0<\/span><\/p>\n<p><span data-ccp-props=\"{}\">\u00a0<\/span><\/p>\n<p><b><i><span data-contrast=\"auto\">David Sandoval Rodr\u00edguez<\/span><\/i><\/b><span data-ccp-props=\"{}\">\u00a0<\/span><\/p>\n<p><b><i><span data-contrast=\"auto\">30<\/span><\/i><\/b><b><i><span data-contrast=\"auto\">\/06\/19, Xalapa, Ver.-<\/span><\/i><\/b><span data-contrast=\"auto\"> La transparencia y el orden que refleja la Universidad Veracruzana (UV) son resultado de las mejoras implementadas en materia de tecnolog\u00edas de informaci\u00f3n, afirm\u00f3 la rectora Sara Ladr\u00f3n de Guevara al presidir la primera sesi\u00f3n ordinaria del Comit\u00e9 Estrat\u00e9gico de Tecnolog\u00edas de Informaci\u00f3n (CETI) de este a\u00f1o.<\/span><span data-ccp-props=\"{}\">\u00a0<\/span><\/p>\n<p><span data-contrast=\"auto\">\u201c<\/span><span data-contrast=\"auto\">O<\/span><span data-contrast=\"auto\">bservo una estupenda coordinaci\u00f3n y felicit<\/span><span data-contrast=\"auto\">o <\/span><span data-contrast=\"auto\">a la <\/span><span data-contrast=\"auto\">Direcci\u00f3n General de Tecnolog\u00edas de Informaci\u00f3n<\/span><span data-contrast=\"auto\"> (DGTI)<\/span><span data-contrast=\"auto\">,<\/span><span data-contrast=\"auto\"> pero muy calurosamente a <\/span><span data-contrast=\"auto\">los<\/span> <span data-contrast=\"auto\">titulares de las secretar\u00edas<\/span> <span data-contrast=\"auto\">Acad\u00e9mica, de Administraci\u00f3n y Finanzas, y de Desarrollo Institucional, <\/span><span data-contrast=\"auto\">porque la \u00fanica forma en que este comit\u00e9 avance es con el apoyo y la confluencia de esfuerzos<\/span><span data-contrast=\"auto\">,<\/span><span data-contrast=\"auto\"> as\u00ed como con la claridad y comprensi\u00f3n de las herramientas tecnol\u00f3gicas, de informaci\u00f3n y comunicaci\u00f3n\u201d, puntualiz\u00f3 la Rectora.<\/span><span data-ccp-props=\"{}\">\u00a0<\/span><\/p>\n<p><span data-contrast=\"auto\">Al observar los avances registrados en distintos rubros, <\/span><span data-contrast=\"auto\">Sara Ladr\u00f3n de Guevara <\/span><span data-contrast=\"auto\">destac\u00f3 el beneficio <\/span><span data-contrast=\"auto\">par<\/span><span data-contrast=\"auto\">a todos los integrantes de la m\u00e1xima casa de estudio<\/span><span data-contrast=\"auto\">s y<\/span> <span data-contrast=\"auto\">se\u00f1al\u00f3:<\/span> <span data-contrast=\"auto\">\u201c<\/span><span data-contrast=\"auto\">E<\/span><span data-contrast=\"auto\">sta comunicaci\u00f3n entre nuestros sistemas es tambi\u00e9n comunicaci\u00f3n entre nuestros quehaceres y nuestros directivos para benefici<\/span><span data-contrast=\"auto\">o de la comunidad universitaria;<\/span> <span data-contrast=\"auto\">en ese sentido<\/span><span data-contrast=\"auto\">,<\/span> <span data-contrast=\"auto\">observo mucho orden<\/span><span data-contrast=\"auto\"> y<\/span><span data-contrast=\"auto\"> hay m\u00e1s avances de los que esper\u00e1bamos tener\u201d<\/span><span data-contrast=\"auto\">.<\/span><span data-ccp-props=\"{&quot;335559731&quot;:708}\">\u00a0<\/span><\/p>\n<p><span data-contrast=\"auto\">Refiri\u00f3 que en la reciente sesi\u00f3n efectuada en<\/span><span data-contrast=\"auto\"> la<\/span><span data-contrast=\"auto\"> Direcci\u00f3n General de la Educaci\u00f3n Superior Universitaria (DGESU) de la Secretar\u00eda de Educaci\u00f3n P\u00fablica (SEP), el representante de la Asociaci\u00f3n Nacional de Universidades e Instituciones de Educaci\u00f3n Superior (ANUIES) consider\u00f3 la exposici\u00f3n de la UV como la mejor.<\/span><span data-ccp-props=\"{&quot;335559731&quot;:708}\">\u00a0<\/span><\/p>\n<p><span data-contrast=\"auto\">\u201c<\/span><span data-contrast=\"auto\">Q<\/span><span data-contrast=\"auto\">uienes estuvimos en la reuni\u00f3n no habr\u00edamos podido tener la claridad si no hubiese habido orden en la informaci\u00f3n\u201d<\/span><span data-contrast=\"auto\">, asegur\u00f3.<\/span><span data-ccp-props=\"{&quot;335559731&quot;:708}\">\u00a0<\/span><\/p>\n<p><span data-contrast=\"auto\">\u201cQuiero agradecer a nombre de <\/span><span data-contrast=\"auto\">toda la comunidad <\/span><span data-contrast=\"auto\">universitaria porque todos <\/span><span data-contrast=\"auto\">somos usuarios, desde la compra de equipamiento, el acceso a nuestros sistemas informativos <\/span><span data-contrast=\"auto\">por parte de<\/span><span data-contrast=\"auto\"> admin<\/span><span data-contrast=\"auto\">istrativos<\/span><span data-contrast=\"auto\">,<\/span><span data-contrast=\"auto\"> acad\u00e9micos y<\/span><span data-contrast=\"auto\"> estudiantes<\/span><span data-contrast=\"auto\">,<\/span><span data-contrast=\"auto\"> porque todo lo que <\/span><span data-contrast=\"auto\">hacemos en la Universidad tiene<\/span><span data-contrast=\"auto\"> una base tecnol\u00f3gica importante y en eso reside <\/span><span data-contrast=\"auto\">el valor<\/span><span data-contrast=\"auto\"> de las sesiones de este comit\u00e9<\/span><span data-contrast=\"auto\">\u201d, destac\u00f3.<\/span><span data-ccp-props=\"{&quot;335559731&quot;:708}\">\u00a0<\/span><\/p>\n<p><span data-contrast=\"auto\">Octavio Ochoa Contreras, secretario de Desarrollo Institucional<\/span><span data-contrast=\"auto\"> y secretario ejecutivo del <\/span><span data-contrast=\"auto\">CETI, lo defini\u00f3 como <\/span><span data-contrast=\"auto\">un equipo en el que se muestra de forma clara la transversalidad y por <\/span><span data-contrast=\"auto\">ello se<\/span><span data-contrast=\"auto\"> impulsa una priorizaci\u00f3n de sus objetivos.<\/span><span data-ccp-props=\"{&quot;335559731&quot;:708}\">\u00a0<\/span><\/p>\n<p><span data-contrast=\"auto\">\u201cEs un avance muy claro en este posicionamiento\u201d, a<\/span><span data-contrast=\"auto\">firm<\/span><span data-contrast=\"auto\">\u00f3 el funcionario, quien felicit\u00f3 a todo el equipo de trabajo y record\u00f3 que la informaci\u00f3n est\u00e1 disponible en el sitio oficial: <\/span><a href=\"https:\/\/www.uv.mx\/dgti\/comite-de-ti\/\"><span data-contrast=\"none\">www.uv.mx\/dgti\/comite-de-ti\/<\/span><\/a><span data-ccp-props=\"{&quot;335559731&quot;:708}\">\u00a0<\/span><\/p>\n<p><span data-contrast=\"auto\">En la sesi\u00f3n, <\/span><span data-contrast=\"auto\">Juan Carlos Jim\u00e9nez M\u00e1rquez<\/span><span data-contrast=\"auto\">, titular de la DGTI<\/span><span data-contrast=\"auto\">, present\u00f3 la \u201cGu\u00eda metodol\u00f3gica para la integraci\u00f3n de los est\u00e1ndares institucionales de equipo de c\u00f3mputo, perif\u00e9ricos y telecomunicaciones<\/span><span data-contrast=\"auto\">\u201d, al igual que los avances en la modernizaci\u00f3n del Sistema Integral de Informaci\u00f3n Universitaria (SIIUV).<\/span><span data-ccp-props=\"{&quot;335559731&quot;:708}\">\u00a0<\/span><\/p>\n<p><span data-contrast=\"auto\">Al respecto, Salvador Tapia <\/span><span data-contrast=\"auto\">Spinoso<\/span><span data-contrast=\"auto\">, secretario de Administraci\u00f3n y Finanzas, mencion\u00f3 que la DGTI ha optimizado su presupuesto, generando ahorros y recursos que se destinar\u00e1n para a<\/span><span data-contrast=\"auto\">dquirir <\/span><span data-contrast=\"auto\">equipo y mantenimiento de instalaciones.<\/span><span data-ccp-props=\"{&quot;335559731&quot;:708}\">\u00a0<\/span><\/p>\n<p><span data-contrast=\"auto\">Jim\u00e9nez M\u00e1rquez agreg\u00f3 que <\/span><span data-contrast=\"auto\">se trabaja en la creaci\u00f3n de un sistema \u00fanico de registro de proveedores y se analizan las posibilidades de mejor\u00eda en la conectividad de las sedes de la Universidad Veracruzana Intercultural (UVI).<\/span><span data-ccp-props=\"{&quot;335559731&quot;:708}\">\u00a0<\/span><\/p>\n<p><span data-contrast=\"auto\">Por su parte, <\/span><span data-contrast=\"auto\">Dacia Gonz\u00e1lez Cruz, <\/span><span data-contrast=\"auto\">responsable de la <\/span><span data-contrast=\"auto\">Direcci\u00f3n<\/span> <span data-contrast=\"auto\">de Operatividad e Impacto en Tecnolog\u00edas de Informaci\u00f3n<\/span><span data-contrast=\"auto\">, expuso las l\u00edneas y metas de operatividad de <\/span><span data-contrast=\"auto\">esa dependencia universitaria;<\/span><span data-contrast=\"auto\"> se\u00f1al\u00f3 el fortalecimiento de los recursos humanos en cuanto a <\/span><span data-contrast=\"auto\">sus habilidades y competencias por medio de <\/span><span data-contrast=\"auto\">cur<\/span><span data-contrast=\"auto\">sos de capacitaci\u00f3n y formaci\u00f3n.<\/span><span data-ccp-props=\"{&quot;335559731&quot;:708}\">\u00a0<\/span><\/p>\n<p><span data-contrast=\"auto\">En la sesi\u00f3n estuvieron presentes<\/span><span data-contrast=\"auto\">:<\/span> <span data-contrast=\"auto\">Alberto Islas Reyes, abogado general de la UV; Magdalena Hern\u00e1ndez Alarc\u00f3n, secretaria Acad\u00e9mica; Laura Elena Mart\u00ednez M\u00e1rquez, directora de Planeaci\u00f3n Institucional; Homero Vladimir R\u00edos Figueroa, acad\u00e9mico del Centro de Investigaci\u00f3n en Inteligencia Artificial (CIIA); Juan Carlos P\u00e9rez Arriaga, acad\u00e9mico de la Facultad<\/span><span data-contrast=\"auto\"> de Estad\u00edstica e<\/span><span data-contrast=\"auto\"> Inform\u00e1tica, y Ra\u00fal Trujillo, d<\/span><span data-contrast=\"auto\">irector <\/span><span data-contrast=\"auto\">g<\/span><span data-contrast=\"auto\">eneral de Recursos Humanos<\/span><span data-contrast=\"auto\">.<\/span><span data-ccp-props=\"{&quot;335559731&quot;:708}\">\u00a0<\/span><\/p>\n<p><span data-contrast=\"auto\">P<\/span><span data-contrast=\"auto\">or videoconferencia <\/span><span data-contrast=\"auto\">asistieron <\/span><span data-contrast=\"auto\">los profesores: <\/span><span data-contrast=\"auto\">Silverio P\u00e9rez C\u00e1ceres, de la Facultad de <\/span><span data-contrast=\"auto\">Ingenier\u00eda en Electr\u00f3nica y C<\/span><span data-contrast=\"auto\">omunicaciones de la regi\u00f3n Poza Rica-Tuxpan<\/span><span data-contrast=\"auto\">,<\/span><span data-contrast=\"auto\"> y <\/span><span data-contrast=\"auto\">Patricia Mart\u00ednez Moreno, de la Facultad de Contadur\u00eda y Administraci\u00f3n de la regi\u00f3n Coatzaco<\/span><span data-contrast=\"auto\">alcos-Minatitl\u00e1n<\/span><span data-contrast=\"auto\">.<\/span><span data-ccp-props=\"{&quot;335559731&quot;:708}\">\u00a0<\/span><\/p>\n<p><span data-contrast=\"auto\">E<\/span><span data-contrast=\"auto\">n la sala estuvo personal de la DGTI y de la Direcci\u00f3n General de Administraci\u00f3n Escolar.<\/span><span data-ccp-props=\"{&quot;335559731&quot;:708}\">\u00a0<\/span><\/p>\n<p><span data-ccp-props=\"{}\">\u00a0<\/span><\/p>\n<div id=\"attachment_70303\" style=\"width: 732px\" class=\"wp-caption aligncenter\"><a href=\"https:\/\/www.uv.mx\/prensa\/files\/2019\/06\/270619-CETI-UV-2.jpg\"><img loading=\"lazy\" decoding=\"async\" aria-describedby=\"caption-attachment-70303\" class=\"size-full wp-image-70303\" src=\"https:\/\/www.uv.mx\/prensa\/files\/2019\/06\/270619-CETI-UV-2.jpg\" alt=\"\" width=\"722\" height=\"482\" srcset=\"https:\/\/www.uv.mx\/prensa\/files\/2019\/06\/270619-CETI-UV-2.jpg 722w, https:\/\/www.uv.mx\/prensa\/files\/2019\/06\/270619-CETI-UV-2-300x200.jpg 300w\" sizes=\"auto, (max-width: 722px) 100vw, 722px\" \/><\/a><p id=\"caption-attachment-70303\" class=\"wp-caption-text\">Juan Carlos Jim\u00e9nez, titular de la DGTI, expuso los avances con respecto a la anterior sesi\u00f3n del comit\u00e9<\/p><\/div>\n","protected":false},"excerpt":{"rendered":"<p>El Comit\u00e9 Estrat\u00e9gico de Tecnolog\u00edas de Informaci\u00f3n de la Universidad Veracruzana celebr\u00f3 su primera sesi\u00f3n ordinaria del a\u00f1o\u00a0<\/p>\n","protected":false},"author":1869,"featured_media":70304,"comment_status":"closed","ping_status":"closed","sticky":false,"template":"","format":"standard","meta":{"footnotes":""},"categories":[51],"tags":[],"class_list":["post-70376","post","type-post","status-publish","format-standard","has-post-thumbnail","hentry","category-tecnologia"],"_links":{"self":[{"href":"https:\/\/www.uv.mx\/prensa\/wp-json\/wp\/v2\/posts\/70376","targetHints":{"allow":["GET"]}}],"collection":[{"href":"https:\/\/www.uv.mx\/prensa\/wp-json\/wp\/v2\/posts"}],"about":[{"href":"https:\/\/www.uv.mx\/prensa\/wp-json\/wp\/v2\/types\/post"}],"author":[{"embeddable":true,"href":"https:\/\/www.uv.mx\/prensa\/wp-json\/wp\/v2\/users\/1869"}],"replies":[{"embeddable":true,"href":"https:\/\/www.uv.mx\/prensa\/wp-json\/wp\/v2\/comments?post=70376"}],"version-history":[{"count":0,"href":"https:\/\/www.uv.mx\/prensa\/wp-json\/wp\/v2\/posts\/70376\/revisions"}],"wp:featuredmedia":[{"embeddable":true,"href":"https:\/\/www.uv.mx\/prensa\/wp-json\/wp\/v2\/media\/70304"}],"wp:attachment":[{"href":"https:\/\/www.uv.mx\/prensa\/wp-json\/wp\/v2\/media?parent=70376"}],"wp:term":[{"taxonomy":"category","embeddable":true,"href":"https:\/\/www.uv.mx\/prensa\/wp-json\/wp\/v2\/categories?post=70376"},{"taxonomy":"post_tag","embeddable":true,"href":"https:\/\/www.uv.mx\/prensa\/wp-json\/wp\/v2\/tags?post=70376"}],"curies":[{"name":"wp","href":"https:\/\/api.w.org\/{rel}","templated":true}]}}