{"id":70346,"date":"2019-06-30T08:00:35","date_gmt":"2019-06-30T13:00:35","guid":{"rendered":"https:\/\/www.uv.mx\/prensa\/?p=70346"},"modified":"2019-06-28T20:14:42","modified_gmt":"2019-06-29T01:14:42","slug":"mimetismo-de-bacterias-puede-generar-cancer-de-estomago","status":"publish","type":"post","link":"https:\/\/www.uv.mx\/prensa\/ciencia\/mimetismo-de-bacterias-puede-generar-cancer-de-estomago\/","title":{"rendered":"Mimetismo de bacterias puede generar c\u00e1ncer de est\u00f3mago\u00a0"},"content":{"rendered":"<ul>\n<li data-leveltext=\"\uf0b7\" data-font=\"Symbol\" data-listid=\"1\" data-aria-posinset=\"1\" data-aria-level=\"1\"><i><span data-contrast=\"auto\">Revela una investigaci\u00f3n desarrollada por alumnos de cuarto semestre de la Facultad de Medicina<\/span><\/i><span data-ccp-props=\"{&quot;134233279&quot;:true,&quot;201341983&quot;:0,&quot;335559739&quot;:160,&quot;335559740&quot;:240}\">\u00a0<\/span><\/li>\n<li data-leveltext=\"\uf0b7\" data-font=\"Symbol\" data-listid=\"1\" data-aria-posinset=\"2\" data-aria-level=\"1\"><i><span data-contrast=\"auto\">Estudiaron <\/span><\/i><i><span data-contrast=\"auto\">la <\/span><\/i><i><span data-contrast=\"auto\">relaci\u00f3n entre las bacterias <\/span><\/i><span data-contrast=\"auto\">Helicobacter<\/span><span data-contrast=\"auto\"> pylori<\/span><i><span data-contrast=\"auto\">, <\/span><\/i><span data-contrast=\"auto\">Escherichia<\/span> <span data-contrast=\"auto\">coli<\/span><i><span data-contrast=\"auto\"> y salmonela<\/span><\/i><span data-ccp-props=\"{&quot;134233279&quot;:true,&quot;201341983&quot;:0,&quot;335559739&quot;:160,&quot;335559740&quot;:240}\">\u00a0<\/span><\/li>\n<\/ul>\n<p><span data-ccp-props=\"{&quot;201341983&quot;:0,&quot;335559739&quot;:160,&quot;335559740&quot;:240}\">\u00a0<\/span><i><\/i><\/p>\n<div id=\"attachment_70174\" style=\"width: 732px\" class=\"wp-caption aligncenter\"><a href=\"https:\/\/www.uv.mx\/prensa\/files\/2019\/06\/250619-HELICOBACTER-PYLORI-1.jpg\"><img loading=\"lazy\" decoding=\"async\" aria-describedby=\"caption-attachment-70174\" class=\"size-full wp-image-70174\" src=\"https:\/\/www.uv.mx\/prensa\/files\/2019\/06\/250619-HELICOBACTER-PYLORI-1.jpg\" alt=\"\" width=\"722\" height=\"481\" srcset=\"https:\/\/www.uv.mx\/prensa\/files\/2019\/06\/250619-HELICOBACTER-PYLORI-1.jpg 722w, https:\/\/www.uv.mx\/prensa\/files\/2019\/06\/250619-HELICOBACTER-PYLORI-1-300x200.jpg 300w\" sizes=\"auto, (max-width: 722px) 100vw, 722px\" \/><\/a><p id=\"caption-attachment-70174\" class=\"wp-caption-text\">Alumnos de Medicina realizaron estudio sobre la bacteria <em>Helicobacter pylori<\/em> y su relaci\u00f3n con c\u00e1ncer g\u00e1strico<\/p><\/div>\n<p><span data-ccp-props=\"{&quot;201341983&quot;:0,&quot;335559739&quot;:160,&quot;335559740&quot;:240}\">\u00a0<\/span><\/p>\n<p><span data-ccp-props=\"{&quot;201341983&quot;:0,&quot;335559739&quot;:160,&quot;335559740&quot;:240}\">\u00a0<\/span><\/p>\n<p><b><i><span data-contrast=\"auto\">Claudia Peralta V\u00e1zquez<\/span><\/i><\/b><span data-ccp-props=\"{&quot;201341983&quot;:0,&quot;335559739&quot;:160,&quot;335559740&quot;:240}\">\u00a0<\/span><\/p>\n<p><b><i><span data-contrast=\"auto\">30<\/span><\/i><\/b><b><i><span data-contrast=\"auto\">\/06\/19, Xalapa, Ver.-<\/span><\/i><\/b><span data-contrast=\"auto\"> En pa\u00edses tercermundistas como M\u00e9xico, la bacteria <\/span><i><span data-contrast=\"auto\">Helicobacter<\/span><\/i><i><span data-contrast=\"auto\"> pylori<\/span><\/i><span data-contrast=\"auto\"> afecta al 85 por ciento de la poblaci\u00f3n<\/span><span data-contrast=\"auto\">,<\/span><span data-contrast=\"auto\"> debido al consumo de alimentos contaminados; sin embargo, el mimetismo con otras como la <\/span><i><span data-contrast=\"auto\">Escherichia<\/span><\/i> <i><span data-contrast=\"auto\">coli<\/span><\/i><span data-contrast=\"auto\"> y la salmonela puede desencadenar c\u00e1ncer de est\u00f3mago o g\u00e1strico.<\/span><span data-ccp-props=\"{&quot;201341983&quot;:0,&quot;335559739&quot;:160,&quot;335559740&quot;:240}\">\u00a0<\/span><\/p>\n<p><span data-contrast=\"auto\">As\u00ed lo revela una investigaci\u00f3n realizada por <\/span><span data-contrast=\"auto\">Luis <\/span><span data-contrast=\"auto\">Armando del \u00c1ngel Badillo, <\/span><span data-contrast=\"auto\">Karla <\/span><span data-contrast=\"auto\">Natalia Gonz\u00e1lez Salazar y Mar\u00eda Mart\u00ednez, alumnos de cuarto semestre de la Facultad de Medicina de la Universidad Veracruzana (UV), quienes argumentaron que la falta de estudios <\/span><span data-contrast=\"auto\">y escas<\/span><span data-contrast=\"auto\">a literatura <\/span><span data-contrast=\"auto\">sobre el tema los llev\u00f3 a est<\/span><span data-contrast=\"auto\">udiar el comportamiento de dichas<\/span><span data-contrast=\"auto\"> bacterias.<\/span><span data-ccp-props=\"{&quot;201341983&quot;:0,&quot;335559731&quot;:708,&quot;335559739&quot;:160,&quot;335559740&quot;:240}\">\u00a0<\/span><\/p>\n<p><span data-contrast=\"auto\">Cabe se\u00f1alar que la <\/span><i><span data-contrast=\"auto\">Helicobacter<\/span><\/i><i><span data-contrast=\"auto\"> pylori<\/span><\/i><span data-contrast=\"auto\"> es una bacteria que vive del \u00e1cido del est\u00f3mago, en pliegues del duodeno en el intestino <\/span><span data-contrast=\"auto\">delgado, y<\/span><span data-contrast=\"auto\"> adem\u00e1s es muy resistente.<\/span><span data-ccp-props=\"{&quot;201341983&quot;:0,&quot;335559731&quot;:708,&quot;335559739&quot;:160,&quot;335559740&quot;:240}\">\u00a0<\/span><\/p>\n<p><span data-contrast=\"auto\">El <\/span><span data-contrast=\"auto\">estudio ganador del tercer lugar en la modalidad trabajo de investigaci\u00f3n, dentro del Congreso Nacional de Microbiolog\u00eda y<\/span><span data-contrast=\"auto\"> Parasitolog\u00eda realizado en abril pasado<\/span><span data-contrast=\"auto\"> en Acapulco, Guerrero, <\/span><span data-contrast=\"auto\">intenta demostrar que <\/span><span data-contrast=\"auto\">la <\/span><i><span data-contrast=\"auto\">Helicobacter<\/span><\/i><i><span data-contrast=\"auto\"> pylori<\/span><\/i> <span data-contrast=\"auto\">no est\u00e1 sola, pues atrae a otras bacterias como la<\/span> <i><span data-contrast=\"auto\">Escherichia<\/span><\/i> <i><span data-contrast=\"auto\">coli<\/span><\/i><span data-contrast=\"auto\"> y la salmonela, as\u00ed como virus oncol\u00f3gicos que hacen que se reproduzca con mayor facilidad y derive en c\u00e1ncer de est\u00f3mago.<\/span><span data-ccp-props=\"{&quot;201341983&quot;:0,&quot;335559731&quot;:708,&quot;335559739&quot;:160,&quot;335559740&quot;:240}\">\u00a0<\/span><\/p>\n<p><span data-contrast=\"auto\">Los j\u00f3venes comentaron que los factores que predisponen la presencia de la <\/span><i><span data-contrast=\"auto\">Helicobacter<\/span><\/i><i><span data-contrast=\"auto\"> pylori<\/span><\/i><span data-contrast=\"auto\"> en el organismo tienen que ver con una mala alimentaci\u00f3n y el h\u00e1bito de consumir grasas e irritantes.<\/span> <span data-contrast=\"auto\">Adem\u00e1s, entre los s\u00edntomas se encuentra<\/span><span data-contrast=\"auto\">n: ardor de est\u00f3mago, reflujo, <\/span><span data-contrast=\"auto\">cuadro de gastr<\/span><span data-contrast=\"auto\">itis, v\u00f3mito, diarrea y acidez.<\/span><span data-ccp-props=\"{&quot;201341983&quot;:0,&quot;335559731&quot;:708,&quot;335559739&quot;:160,&quot;335559740&quot;:240}\">\u00a0<\/span><\/p>\n<p><span data-contrast=\"auto\">Aseguraron que en la actualidad las pruebas de <\/span><span data-contrast=\"auto\">reacci\u00f3n febril, donde por medio <\/span><span data-contrast=\"auto\">de la extracci\u00f3n de <\/span><span data-contrast=\"auto\">sangre<\/span><span data-contrast=\"auto\"> se busca<\/span><span data-contrast=\"auto\"> identificar<\/span><span data-contrast=\"auto\"> los ant\u00edgenos de la bacteria<\/span><span data-contrast=\"auto\">, ya no son \u00fatiles ni eficaces como m\u00e9todo de <\/span><span data-contrast=\"auto\">diagn\u00f3stico, pues debido al mimetismo molecular e intercambio de<\/span><span data-contrast=\"auto\">l<\/span><span data-contrast=\"auto\"> material gen\u00e9tico<\/span><span data-contrast=\"auto\"> con las otras<\/span><span data-contrast=\"auto\"> desarrollan un enmascaramiento.<\/span><span data-ccp-props=\"{&quot;201341983&quot;:0,&quot;335559731&quot;:708,&quot;335559739&quot;:160,&quot;335559740&quot;:240}\">\u00a0<\/span><\/p>\n<p><span data-contrast=\"auto\">C<\/span><span data-contrast=\"auto\">ada bacteria tiene<\/span><span data-contrast=\"auto\"> sus<\/span><span data-contrast=\"auto\"> propios<\/span><span data-contrast=\"auto\"> ant\u00edgenos espec\u00edficos<\/span><span data-contrast=\"auto\"> y lo importa<\/span><span data-contrast=\"auto\">nte es que muchas los comparten;<\/span><span data-contrast=\"auto\"> por tanto, cuando<\/span> <span data-contrast=\"auto\">el estudio es positivo por alguna de ellas, resulta que era o<\/span><span data-contrast=\"auto\">tra la que caus\u00f3 la enfermedad.<\/span><span data-ccp-props=\"{&quot;201341983&quot;:0,&quot;335559731&quot;:708,&quot;335559739&quot;:160,&quot;335559740&quot;:240}\">\u00a0<\/span><\/p>\n<p><span data-contrast=\"auto\">Para curarse y erradicarla,<\/span><span data-contrast=\"auto\"> los pacientes i<\/span><span data-contrast=\"auto\">ngieren omeprazol o inhibidores, pero lejos de eso la hacen a\u00fan m\u00e1s <\/span><span data-contrast=\"auto\">resistente a los f\u00e1rmacos; e<\/span><span data-contrast=\"auto\">s decir, en muchos casos y debido al resultado del estudio de <\/span><span data-contrast=\"auto\">reacci\u00f3n febril el tratamiento es err\u00f3neo por el enmascaramiento de las bacterias.<\/span><span data-ccp-props=\"{&quot;201341983&quot;:0,&quot;335559731&quot;:708,&quot;335559739&quot;:160,&quot;335559740&quot;:240}\">\u00a0<\/span><\/p>\n<p><span data-contrast=\"auto\">Lo cierto es que la<\/span> <i><span data-contrast=\"auto\">H<\/span><\/i><i><span data-contrast=\"auto\">elicobacter<\/span><\/i><i><span data-contrast=\"auto\"> pylori<\/span><\/i><span data-contrast=\"auto\"> no est\u00e1 sola y se ayuda de las otras bacterias para enmascararse<\/span><span data-contrast=\"auto\">.<\/span><span data-ccp-props=\"{&quot;201341983&quot;:0,&quot;335559731&quot;:708,&quot;335559739&quot;:160,&quot;335559740&quot;:240}\">\u00a0<\/span><\/p>\n<p><span data-contrast=\"auto\">Por tanto,<\/span><span data-contrast=\"auto\"> plantearon que<\/span><span data-contrast=\"auto\"> un mal diagn\u00f3stico<\/span><span data-contrast=\"auto\"> puede<\/span><span data-contrast=\"auto\"> desencadenar en c\u00e1ncer de est\u00f3mago<\/span><span data-contrast=\"auto\"> o g\u00e1strico<\/span><span data-contrast=\"auto\">, enfermedad que lamentablemente no tiene una sintomatolog\u00eda establecida, pues inicia con un c<\/span><span data-contrast=\"auto\">uadro de gastritis,<\/span> <span data-contrast=\"auto\">segu<\/span><span data-contrast=\"auto\">ido de \u00falceras y<\/span> <span data-contrast=\"auto\">perforacione<\/span><span data-contrast=\"auto\">s hasta el desenlace.<\/span><span data-ccp-props=\"{&quot;201341983&quot;:0,&quot;335559731&quot;:708,&quot;335559739&quot;:160,&quot;335559740&quot;:240}\">\u00a0<\/span><\/p>\n<p><span data-contrast=\"auto\">Es muy dif\u00edcil de detectarlo, el paciente llega mal y se le tiene que hacer una biopsia,<\/span><span data-contrast=\"auto\"> donde arroja que <\/span><span data-contrast=\"auto\">tiene c\u00e1ncer.<\/span><span data-ccp-props=\"{&quot;201341983&quot;:0,&quot;335559731&quot;:708,&quot;335559739&quot;:160,&quot;335559740&quot;:240}\">\u00a0<\/span><\/p>\n<p><span data-contrast=\"auto\">Expusieron que en el caso de la <\/span><i><span data-contrast=\"auto\">Helicobac<\/span><\/i><i><span data-contrast=\"auto\">t<\/span><\/i><i><span data-contrast=\"auto\">er pylori<\/span><\/i><span data-contrast=\"auto\"> su descubrimiento se remonta a la d\u00e9cada de los ochenta, por lo cual existe poca literatura.<\/span><span data-ccp-props=\"{&quot;201341983&quot;:0,&quot;335559731&quot;:708,&quot;335559739&quot;:160,&quot;335559740&quot;:240}\">\u00a0<\/span><\/p>\n<p><span data-contrast=\"auto\">En este sentido, los futuros profesionistas resaltaron que esta experiencia los acerca m\u00e1s a la investigaci\u00f3n y a evaluar el tra<\/span><span data-contrast=\"auto\">bajo de estudiantes de otras universidades, algunos tambi\u00e9n sobre c\u00e1ncer g\u00e1strico pero relacionado con virus.<\/span><span data-ccp-props=\"{&quot;201341983&quot;:0,&quot;335559731&quot;:708,&quot;335559739&quot;:160,&quot;335559740&quot;:240}\">\u00a0<\/span><\/p>\n<p><span data-contrast=\"auto\">\u201c<\/span><span data-contrast=\"auto\">Fue un gran reto representar a la UV, hicimos un gran esfuerzo y obtuvimos<\/span><span data-contrast=\"auto\"> buenos resultados.\u201d<\/span><\/p>\n","protected":false},"excerpt":{"rendered":"<p>As\u00ed lo revela una investigaci\u00f3n realizada por Luis Armando del \u00c1ngel , Karla Gonz\u00e1lez y Mar\u00eda Mart\u00ednez, alumnos de la Facultad de Medicina\u00a0<\/p>\n","protected":false},"author":1869,"featured_media":70372,"comment_status":"closed","ping_status":"closed","sticky":false,"template":"","format":"standard","meta":{"footnotes":""},"categories":[45,61],"tags":[],"class_list":["post-70346","post","type-post","status-publish","format-standard","has-post-thumbnail","hentry","category-ciencia","category-banner"],"_links":{"self":[{"href":"https:\/\/www.uv.mx\/prensa\/wp-json\/wp\/v2\/posts\/70346","targetHints":{"allow":["GET"]}}],"collection":[{"href":"https:\/\/www.uv.mx\/prensa\/wp-json\/wp\/v2\/posts"}],"about":[{"href":"https:\/\/www.uv.mx\/prensa\/wp-json\/wp\/v2\/types\/post"}],"author":[{"embeddable":true,"href":"https:\/\/www.uv.mx\/prensa\/wp-json\/wp\/v2\/users\/1869"}],"replies":[{"embeddable":true,"href":"https:\/\/www.uv.mx\/prensa\/wp-json\/wp\/v2\/comments?post=70346"}],"version-history":[{"count":0,"href":"https:\/\/www.uv.mx\/prensa\/wp-json\/wp\/v2\/posts\/70346\/revisions"}],"wp:featuredmedia":[{"embeddable":true,"href":"https:\/\/www.uv.mx\/prensa\/wp-json\/wp\/v2\/media\/70372"}],"wp:attachment":[{"href":"https:\/\/www.uv.mx\/prensa\/wp-json\/wp\/v2\/media?parent=70346"}],"wp:term":[{"taxonomy":"category","embeddable":true,"href":"https:\/\/www.uv.mx\/prensa\/wp-json\/wp\/v2\/categories?post=70346"},{"taxonomy":"post_tag","embeddable":true,"href":"https:\/\/www.uv.mx\/prensa\/wp-json\/wp\/v2\/tags?post=70346"}],"curies":[{"name":"wp","href":"https:\/\/api.w.org\/{rel}","templated":true}]}}