{"id":70339,"date":"2019-06-29T08:00:21","date_gmt":"2019-06-29T13:00:21","guid":{"rendered":"https:\/\/www.uv.mx\/prensa\/?p=70339"},"modified":"2019-06-27T20:05:20","modified_gmt":"2019-06-28T01:05:20","slug":"colegio-de-ingenieros-civiles-agradece-a-la-uv-apoyo-como-ente-evaluador","status":"publish","type":"post","link":"https:\/\/www.uv.mx\/prensa\/general\/colegio-de-ingenieros-civiles-agradece-a-la-uv-apoyo-como-ente-evaluador\/","title":{"rendered":"Colegio de Ingenieros Civiles agradece a la UV apoyo como ente evaluador"},"content":{"rendered":"<ul>\n<li data-leveltext=\"\uf0b7\" data-font=\"Symbol\" data-listid=\"2\" data-aria-posinset=\"1\" data-aria-level=\"1\"><i><span data-contrast=\"auto\">La m\u00e1xima casa de estudios del estado g<\/span><\/i><i><span data-contrast=\"auto\">arantizar\u00e1 la calidad en la preparaci\u00f3n del profesionista y en la prestaci\u00f3n de sus servicios a la comunidad<\/span><\/i><span data-ccp-props=\"{&quot;201341983&quot;:0,&quot;335559739&quot;:0,&quot;335559740&quot;:240}\">\u00a0<\/span><\/li>\n<\/ul>\n<p>&nbsp;<\/p>\n<div id=\"attachment_70300\" style=\"width: 732px\" class=\"wp-caption aligncenter\"><a href=\"https:\/\/www.uv.mx\/prensa\/files\/2019\/06\/270619-Rectora-recibe-a-presidente-del-Colegio-de-ingenieros-1.jpg\"><img loading=\"lazy\" decoding=\"async\" aria-describedby=\"caption-attachment-70300\" class=\"size-full wp-image-70300\" src=\"https:\/\/www.uv.mx\/prensa\/files\/2019\/06\/270619-Rectora-recibe-a-presidente-del-Colegio-de-ingenieros-1.jpg\" alt=\"\" width=\"722\" height=\"482\" srcset=\"https:\/\/www.uv.mx\/prensa\/files\/2019\/06\/270619-Rectora-recibe-a-presidente-del-Colegio-de-ingenieros-1.jpg 722w, https:\/\/www.uv.mx\/prensa\/files\/2019\/06\/270619-Rectora-recibe-a-presidente-del-Colegio-de-ingenieros-1-300x200.jpg 300w\" sizes=\"auto, (max-width: 722px) 100vw, 722px\" \/><\/a><p id=\"caption-attachment-70300\" class=\"wp-caption-text\">Ariel Ram\u00edrez , la rectora Sara Ladr\u00f3n de Guevara y \u00c1ngel Eduardo Gasca<\/p><\/div>\n<p>&nbsp;<\/p>\n<p><b><i><span data-contrast=\"auto\">Jos\u00e9 Luis <\/span><\/i><\/b><b><i><span data-contrast=\"auto\">Couttolenc<\/span><\/i><\/b><b><i><span data-contrast=\"auto\"> Soto<\/span><\/i><\/b><span data-ccp-props=\"{&quot;201341983&quot;:0,&quot;335559739&quot;:0,&quot;335559740&quot;:240}\">\u00a0<\/span><\/p>\n<p><b><i><span data-contrast=\"auto\">29<\/span><\/i><\/b><b><i><span data-contrast=\"auto\">\/0<\/span><\/i><\/b><b><i><span data-contrast=\"auto\">6<\/span><\/i><\/b><b><i><span data-contrast=\"auto\">\/19<\/span><\/i><\/b><b><i><span data-contrast=\"auto\">, Xalapa, Ver.-<\/span><\/i><\/b><span data-contrast=\"auto\"> La Universidad Veracruzana (UV) fungir\u00e1 como ente evaluador para la obtenci\u00f3n de las certificaciones de los ingenieros civiles en sus diferentes especialidades<\/span><span data-contrast=\"auto\">, lo que garantizar<\/span><span data-contrast=\"auto\">\u00e1<\/span><span data-contrast=\"auto\"> la calidad en la preparaci\u00f3n de los profesionistas de esta disciplina, expres\u00f3 Ariel Ram\u00edrez Mart\u00ednez, presidente del Colegio de Ingenieros Civiles de Xalapa<\/span><span data-contrast=\"auto\">.<\/span><span data-ccp-props=\"{&quot;201341983&quot;:0,&quot;335559739&quot;:0,&quot;335559740&quot;:240}\">\u00a0<\/span><\/p>\n<p><span data-contrast=\"auto\">El dirigente del cuerpo colegiado <\/span><span data-contrast=\"auto\">se reuni\u00f3 con<\/span><span data-contrast=\"auto\"> la rectora Sara Ladr\u00f3n de Guevara, el jueves 27 de junio, con la finalidad de agradecerle esta distinci\u00f3n.<\/span><span data-ccp-props=\"{&quot;201341983&quot;:0,&quot;335559731&quot;:708,&quot;335559739&quot;:0,&quot;335559740&quot;:240}\">\u00a0<\/span><\/p>\n<p><span data-contrast=\"auto\">\u201cCon la evaluaci\u00f3n conjunta por parte de la UV y el Colegio, los ingenieros en materia hidr\u00e1ulica, ambiental, estructuras, v\u00edas terrestres y toda la dem\u00e1s gama que ofrece nuestra carrera, se podr\u00e1n certificar y tener un documento que avalar\u00e1 sus conocimientos, experiencia laboral y juicio profesional en las obras\u201d, explic\u00f3<\/span> <span data-contrast=\"auto\">Ariel Ram\u00edrez<\/span><span data-contrast=\"auto\">.<\/span><span data-ccp-props=\"{&quot;201341983&quot;:0,&quot;335559739&quot;:0,&quot;335559740&quot;:240}\">\u00a0<\/span><\/p>\n<p><span data-contrast=\"auto\">El egresado<\/span><span data-contrast=\"auto\"> de la <\/span><span data-contrast=\"auto\">F<\/span><span data-contrast=\"auto\">acultad de Ingenier\u00eda Civil de la <\/span><span data-contrast=\"auto\">UV<\/span><span data-contrast=\"auto\"> dijo sentirse orgulloso por haberse formado profesionalmente en esta casa de <\/span><span data-contrast=\"auto\">estudios<\/span><span data-contrast=\"auto\"> y se congratul\u00f3 porque la Rectora<\/span><span data-contrast=\"auto\">,<\/span> <span data-contrast=\"auto\">\u201ccon esa gran visi\u00f3n que le caracteriza, est\u00e9 interesada en que en la preparaci\u00f3n de los j\u00f3venes se conjugue lo acad\u00e9mico con la pr\u00e1ctic<\/span><span data-contrast=\"auto\">a<\/span><span data-contrast=\"auto\">, lo <\/span><span data-contrast=\"auto\">cual<\/span><span data-contrast=\"auto\"> les permitir\u00e1 salir al campo laboral con una visi\u00f3n m\u00e1s amplia de la realidad que encontrar\u00e1n\u201d.<\/span><span data-ccp-props=\"{&quot;201341983&quot;:0,&quot;335559739&quot;:0,&quot;335559740&quot;:240}\">\u00a0<\/span><\/p>\n<p><span data-contrast=\"auto\">Por \u00faltimo, mencion\u00f3 que el Colegio de Ingenieros Civiles de Xalapa <\/span><span data-contrast=\"auto\">tiene<\/span><span data-contrast=\"auto\"> 345 afiliados, y <\/span><span data-contrast=\"auto\">su<\/span><span data-contrast=\"auto\"> proyecto inmediato <\/span><span data-contrast=\"auto\">es <\/span><span data-contrast=\"auto\">abrir delegaciones en <\/span><span data-contrast=\"auto\">el <\/span><span data-contrast=\"auto\">norte y sur de la ciudad.<\/span><span data-ccp-props=\"{&quot;201341983&quot;:0,&quot;335559739&quot;:0,&quot;335559740&quot;:240}\">\u00a0<\/span><\/p>\n<p><span data-contrast=\"auto\">En la visita estuvo presente \u00c1ngel Eduardo Gasca Herrera, director general del \u00c1rea Acad\u00e9mica T\u00e9cnica.<\/span><span data-ccp-props=\"{&quot;201341983&quot;:0,&quot;335559739&quot;:0,&quot;335559740&quot;:240}\">\u00a0<\/span><\/p>\n","protected":false},"excerpt":{"rendered":"<p>Los ingenieros en materia hidr\u00e1ulica, ambiental, estructuras, v\u00edas terrestres y toda la gama que ofrece nuestra carrera, se podr\u00e1n certificar y tener un documento que avalar\u00e1 sus conocimientos\u201d: Ariel Ram\u00edrez Mart\u00ednez<\/p>\n","protected":false},"author":1508,"featured_media":70300,"comment_status":"closed","ping_status":"closed","sticky":false,"template":"","format":"standard","meta":{"footnotes":""},"categories":[1],"tags":[],"class_list":["post-70339","post","type-post","status-publish","format-standard","has-post-thumbnail","hentry","category-general"],"_links":{"self":[{"href":"https:\/\/www.uv.mx\/prensa\/wp-json\/wp\/v2\/posts\/70339","targetHints":{"allow":["GET"]}}],"collection":[{"href":"https:\/\/www.uv.mx\/prensa\/wp-json\/wp\/v2\/posts"}],"about":[{"href":"https:\/\/www.uv.mx\/prensa\/wp-json\/wp\/v2\/types\/post"}],"author":[{"embeddable":true,"href":"https:\/\/www.uv.mx\/prensa\/wp-json\/wp\/v2\/users\/1508"}],"replies":[{"embeddable":true,"href":"https:\/\/www.uv.mx\/prensa\/wp-json\/wp\/v2\/comments?post=70339"}],"version-history":[{"count":0,"href":"https:\/\/www.uv.mx\/prensa\/wp-json\/wp\/v2\/posts\/70339\/revisions"}],"wp:featuredmedia":[{"embeddable":true,"href":"https:\/\/www.uv.mx\/prensa\/wp-json\/wp\/v2\/media\/70300"}],"wp:attachment":[{"href":"https:\/\/www.uv.mx\/prensa\/wp-json\/wp\/v2\/media?parent=70339"}],"wp:term":[{"taxonomy":"category","embeddable":true,"href":"https:\/\/www.uv.mx\/prensa\/wp-json\/wp\/v2\/categories?post=70339"},{"taxonomy":"post_tag","embeddable":true,"href":"https:\/\/www.uv.mx\/prensa\/wp-json\/wp\/v2\/tags?post=70339"}],"curies":[{"name":"wp","href":"https:\/\/api.w.org\/{rel}","templated":true}]}}