{"id":70302,"date":"2019-06-27T18:47:31","date_gmt":"2019-06-27T23:47:31","guid":{"rendered":"https:\/\/www.uv.mx\/prensa\/?p=70302"},"modified":"2019-06-27T19:04:21","modified_gmt":"2019-06-28T00:04:21","slug":"uv-sera-certificador-de-competencias-digitales-en-el-sureste-del-pais","status":"publish","type":"post","link":"https:\/\/www.uv.mx\/prensa\/banner\/uv-sera-certificador-de-competencias-digitales-en-el-sureste-del-pais\/","title":{"rendered":"UV ser\u00e1 certificador de competencias digitales en el sureste del pa\u00eds"},"content":{"rendered":"<ul>\n<li data-leveltext=\"\uf0b7\" data-font=\"Symbol\" data-listid=\"1\" data-aria-posinset=\"1\" data-aria-level=\"1\"><i><span data-contrast=\"auto\">Como resultado de la alianza <\/span><\/i><i><span data-contrast=\"auto\">con la Internat<\/span><\/i><i><span data-contrast=\"auto\">ional <\/span><\/i><i><span data-contrast=\"auto\">Computer<\/span><\/i><i><span data-contrast=\"auto\"> Digital <\/span><\/i><i><span data-contrast=\"auto\">Literacy<\/span><\/i><i><span data-contrast=\"auto\"> M\u00e9xico-Am\u00e9ricas<\/span><\/i><span data-ccp-props=\"{&quot;134233279&quot;:true,&quot;201341983&quot;:0,&quot;335559739&quot;:160,&quot;335559740&quot;:240}\">\u00a0<\/span><\/li>\n<li data-leveltext=\"\uf0b7\" data-font=\"Symbol\" data-listid=\"1\" data-aria-posinset=\"2\" data-aria-level=\"1\"><i><span data-contrast=\"auto\">Sara Ladr\u00f3n de Guevara inaugur\u00f3 el Centro Autorizado de Ex\u00e1menes ICDL en las instalaciones de la <\/span><\/i><i><span data-contrast=\"auto\">DGTI<\/span><\/i><span data-ccp-props=\"{&quot;134233279&quot;:true,&quot;201341983&quot;:0,&quot;335559739&quot;:160,&quot;335559740&quot;:240}\">\u00a0<\/span><\/li>\n<li data-leveltext=\"\uf0b7\" data-font=\"Symbol\" data-listid=\"1\" data-aria-posinset=\"3\" data-aria-level=\"1\"><i><span data-contrast=\"auto\">Su misi\u00f3n ser\u00e1 desarrollar y promover los programas de certificaci\u00f3n ICDL al interior de la regi\u00f3n<\/span><\/i><\/li>\n<\/ul>\n<p>&nbsp;<\/p>\n<div id=\"attachment_70294\" style=\"width: 732px\" class=\"wp-caption aligncenter\"><a href=\"https:\/\/www.uv.mx\/prensa\/files\/2019\/06\/270619-CERTIFICACIoN-COMPETENCIAS-DIGITALES-1.jpg\"><img loading=\"lazy\" decoding=\"async\" aria-describedby=\"caption-attachment-70294\" class=\"size-full wp-image-70294\" src=\"https:\/\/www.uv.mx\/prensa\/files\/2019\/06\/270619-CERTIFICACIoN-COMPETENCIAS-DIGITALES-1.jpg\" alt=\"\" width=\"722\" height=\"482\" srcset=\"https:\/\/www.uv.mx\/prensa\/files\/2019\/06\/270619-CERTIFICACIoN-COMPETENCIAS-DIGITALES-1.jpg 722w, https:\/\/www.uv.mx\/prensa\/files\/2019\/06\/270619-CERTIFICACIoN-COMPETENCIAS-DIGITALES-1-300x200.jpg 300w\" sizes=\"auto, (max-width: 722px) 100vw, 722px\" \/><\/a><p id=\"caption-attachment-70294\" class=\"wp-caption-text\">La UV ser\u00e1 Centro Certificador Autorizado de Competencias Digitales, \u00fanico en la regi\u00f3n sur-sureste del pa\u00eds<\/p><\/div>\n<p>&nbsp;<\/p>\n<p><b><i><span data-contrast=\"auto\">Claudia Peralta V\u00e1zquez<\/span><\/i><\/b><span data-ccp-props=\"{&quot;201341983&quot;:0,&quot;335559739&quot;:160,&quot;335559740&quot;:240}\">\u00a0<\/span><\/p>\n<p><b><i><span data-contrast=\"auto\">27<\/span><\/i><\/b><b><i><span data-contrast=\"auto\">\/<\/span><\/i><\/b><b><i><span data-contrast=\"auto\">06<\/span><\/i><\/b><b><i><span data-contrast=\"auto\">\/<\/span><\/i><\/b><b><i><span data-contrast=\"auto\">19, Xalapa, Ver.- <\/span><\/i><\/b><span data-contrast=\"auto\">Como resultado de su alianza con la <\/span><span data-contrast=\"auto\">International <\/span><span data-contrast=\"auto\">Computer<\/span><span data-contrast=\"auto\"> Digital <\/span><span data-contrast=\"auto\">Literacy<\/span><span data-contrast=\"auto\"> (ICDL) M\u00e9xico-Am\u00e9ricas<\/span><span data-contrast=\"auto\">, la <\/span><span data-contrast=\"auto\">Un<\/span><span data-contrast=\"auto\">iversidad Veracruzana (UV) se constituye<\/span><span data-contrast=\"auto\"> a partir de <\/span><span data-contrast=\"auto\">ahora como un Centro Certificador Autorizad<\/span><span data-contrast=\"auto\">o de Competencias Digitales, <\/span><span data-contrast=\"auto\">\u00fanico en la regi\u00f3n sur<\/span><span data-contrast=\"auto\">-sur<\/span><span data-contrast=\"auto\">este del pa\u00eds.<\/span><span data-ccp-props=\"{&quot;201341983&quot;:0,&quot;335559739&quot;:160,&quot;335559740&quot;:240}\">\u00a0<\/span><\/p>\n<p><span data-contrast=\"auto\">Lo anterior<\/span><span data-contrast=\"auto\"> qued\u00f3 establecido e<\/span><span data-contrast=\"auto\">l <\/span><span data-contrast=\"auto\">jueves 27 de junio, <\/span><span data-contrast=\"auto\">con la entrega del certificado que otorga este nombramiento y validez a la m\u00e1xima casa de estudios por un periodo de dos a\u00f1os, por parte de l<\/span><span data-contrast=\"auto\">a directora general de ICDL M\u00e9xico, Selene<\/span><span data-contrast=\"auto\"> Morales, <\/span><span data-contrast=\"auto\">a la<\/span><span data-contrast=\"auto\"> rectora Sara Ladr\u00f3n de Guevara.<\/span><span data-ccp-props=\"{&quot;201341983&quot;:0,&quot;335559731&quot;:708,&quot;335559739&quot;:160,&quot;335559740&quot;:240}\">\u00a0<\/span><\/p>\n<p><span data-contrast=\"auto\">Luego de la inauguraci\u00f3n del <\/span><span data-contrast=\"auto\">Centro <\/span><span data-contrast=\"auto\">Autorizado <\/span><span data-contrast=\"auto\">de Ex\u00e1menes, instalado en uno de los espacios del \u00e1rea de capacitaci\u00f3n de la Direcci\u00f3n General de Tecnolog\u00edas de la Informaci\u00f3n (DGTI), Selene Morales reconoci\u00f3 el prestigio de la <\/span><span data-contrast=\"auto\">UV<\/span><span data-contrast=\"auto\"> que de esta forma demuestra<\/span><span data-contrast=\"auto\"> nuevamente<\/span><span data-contrast=\"auto\"> su compromiso tanto con su comunidad interna como externa.<\/span><span data-ccp-props=\"{&quot;201341983&quot;:0,&quot;335559731&quot;:708,&quot;335559739&quot;:160,&quot;335559740&quot;:240}\">\u00a0<\/span><\/p>\n<p><span data-contrast=\"auto\">En su discurso, manifest\u00f3 que las \u00e1reas de oportunidad de este proyecto son enormes, pues <\/span><span data-contrast=\"auto\">hoy en d\u00eda <\/span><span data-contrast=\"auto\">cualquier \u00e1rea necesita de conocimientos b\u00e1sicos y avan<\/span><span data-contrast=\"auto\">zados en competencias digitales.<\/span><span data-ccp-props=\"{&quot;201341983&quot;:0,&quot;335559739&quot;:160,&quot;335559740&quot;:240}\">\u00a0<\/span><\/p>\n<p><span data-contrast=\"auto\">\u201cEsto implicar\u00e1 cerrar brechas digitales hacia el individuo y ha<\/span><span data-contrast=\"auto\">cia la comunidad universitaria.\u201d<\/span><span data-ccp-props=\"{&quot;201341983&quot;:0,&quot;335559731&quot;:708,&quot;335559739&quot;:160,&quot;335559740&quot;:240}\">\u00a0<\/span><\/p>\n<p><span data-contrast=\"auto\">En su mensaje, <\/span><span data-contrast=\"auto\">Sa<\/span><span data-contrast=\"auto\">ra Ladr\u00f3n de Guevara destac\u00f3 el logro de la UV al haber aprobado el <\/span><span data-contrast=\"auto\">protocolo para constituir<\/span><span data-contrast=\"auto\">se<\/span><span data-contrast=\"auto\"> com<\/span><span data-contrast=\"auto\">o Centro Autorizado de Ex\u00e1menes, as\u00ed como la firma del <\/span><span data-contrast=\"auto\">convenio correspon<\/span><span data-contrast=\"auto\">diente con la ICDL.<\/span><span data-ccp-props=\"{&quot;201341983&quot;:0,&quot;335559731&quot;:708,&quot;335559739&quot;:160,&quot;335559740&quot;:240}\">\u00a0<\/span><\/p>\n<p><span data-contrast=\"auto\">Detall\u00f3 que el objetivo central del proyecto es que la UV, a trav\u00e9s de la DGTI, <\/span><span data-contrast=\"auto\">se constituya en un Centro Autorizado de Ex\u00e1menes para ce<\/span><span data-contrast=\"auto\">rtificar en materia de competencias digitales, cuya misi\u00f3n es desarrollar<\/span><span data-contrast=\"auto\"> y promover los programas de certifica<\/span><span data-contrast=\"auto\">ci\u00f3n ICDL al interior de la<\/span><span data-contrast=\"auto\"> regi\u00f3n; e<\/span><span data-contrast=\"auto\">s decir, son responsa<\/span><span data-contrast=\"auto\">bles de la gesti\u00f3n y la administraci\u00f3n general del programa de acuerdo con los est\u00e1ndares de calidad ICDL.<\/span><span data-ccp-props=\"{&quot;201341983&quot;:0,&quot;335559731&quot;:708,&quot;335559739&quot;:160,&quot;335559740&quot;:240}\">\u00a0<\/span><\/p>\n<p><span data-contrast=\"auto\">Dicha tarea<\/span><span data-contrast=\"auto\"> incluye <\/span><span data-contrast=\"auto\">la promoci\u00f3n y la difusi\u00f3n de la importancia de las competencias digitales y del programa de certificaci\u00f3n ICDL; la oferta de cu<\/span><span data-contrast=\"auto\">rsos y programas de formaci\u00f3n y certificaci\u00f3n;<\/span><span data-contrast=\"auto\"> inscripci\u00f3n<\/span><span data-contrast=\"auto\"> y gesti\u00f3n de los candidatos;<\/span><span data-contrast=\"auto\"> y la supervisi\u00f3n de sesiones de ex\u00e1menes med<\/span><span data-contrast=\"auto\">iante un sistema automatizado <\/span><span data-contrast=\"auto\">de acuerdo con <\/span><span data-contrast=\"auto\">ciertos <\/span><span data-contrast=\"auto\">re<\/span><span data-contrast=\"auto\">quisitos y est\u00e1ndares<\/span><span data-contrast=\"auto\">.<\/span><span data-ccp-props=\"{&quot;201341983&quot;:0,&quot;335559731&quot;:708,&quot;335559739&quot;:160,&quot;335559740&quot;:240}\">\u00a0<\/span><\/p>\n<p><span data-contrast=\"auto\">En presencia de autoridades universitarias, la Rec<\/span><span data-contrast=\"auto\">tora <\/span><span data-contrast=\"auto\">celebr\u00f3 la puesta en marcha de este centro, \u201cse trata de <\/span><span data-contrast=\"auto\">un gran paso en nuestro objetivo de hacer de las tecnolog\u00edas de la informaci\u00f3n y las comunicaciones una herramienta indispensable<\/span><span data-contrast=\"auto\">, lo mismo en nuestra la<\/span><span data-contrast=\"auto\">bor docente cotidiana que en nuestra relaci\u00f3n con la sociedad<\/span><span data-contrast=\"auto\">, y<\/span><span data-contrast=\"auto\"> en general<\/span><span data-contrast=\"auto\"> con todas aquellas instancias o personas que desean certificar<\/span><span data-contrast=\"auto\"> su competencia en este terreno\u201d.<\/span><span data-ccp-props=\"{&quot;201341983&quot;:0,&quot;335559731&quot;:708,&quot;335559739&quot;:160,&quot;335559740&quot;:240}\">\u00a0<\/span><\/p>\n<p><span data-contrast=\"auto\">Por su parte, <\/span><span data-contrast=\"auto\">Octavio Ochoa Contreras, <\/span><span data-contrast=\"auto\">s<\/span><span data-contrast=\"auto\">ecretario de Desar<\/span><span data-contrast=\"auto\">rollo Institucional, se\u00f1al\u00f3 que las certificaciones laborales, de competencias o habilidades profesionales o t\u00e9cnicas, se establecen <\/span><span data-contrast=\"auto\">como <\/span><span data-contrast=\"auto\">un valor agregado para el quehacer profesional.<\/span><span data-ccp-props=\"{&quot;201341983&quot;:0,&quot;335559739&quot;:160,&quot;335559740&quot;:240}\">\u00a0<\/span><\/p>\n<p>&nbsp;<\/p>\n<div id=\"attachment_70295\" style=\"width: 732px\" class=\"wp-caption aligncenter\"><a href=\"https:\/\/www.uv.mx\/prensa\/files\/2019\/06\/270619-CERTIFICACIoN-COMPETENCIAS-DIGITALES-2.jpg\"><img loading=\"lazy\" decoding=\"async\" aria-describedby=\"caption-attachment-70295\" class=\"size-full wp-image-70295\" src=\"https:\/\/www.uv.mx\/prensa\/files\/2019\/06\/270619-CERTIFICACIoN-COMPETENCIAS-DIGITALES-2.jpg\" alt=\"\" width=\"722\" height=\"482\" srcset=\"https:\/\/www.uv.mx\/prensa\/files\/2019\/06\/270619-CERTIFICACIoN-COMPETENCIAS-DIGITALES-2.jpg 722w, https:\/\/www.uv.mx\/prensa\/files\/2019\/06\/270619-CERTIFICACIoN-COMPETENCIAS-DIGITALES-2-300x200.jpg 300w\" sizes=\"auto, (max-width: 722px) 100vw, 722px\" \/><\/a><p id=\"caption-attachment-70295\" class=\"wp-caption-text\">Sara Ladr\u00f3n de Guevara inaugur\u00f3 el Centro Autorizado de Ex\u00e1menes en las instalaciones de la DGTI<\/p><\/div>\n<p>&nbsp;<\/p>\n<p><span data-contrast=\"auto\">Es as\u00ed que una certificaci\u00f3n de competencias es garant\u00eda de la capacidad y habilidad de un profesionista en cualquier \u00e1mbito laboral o de trabajo en que se desempe\u00f1e, ya sea acad\u00e9mico, t\u00e9cnico, en la industria, en el sector p\u00fablico o en la iniciativa privada.<\/span><span data-ccp-props=\"{&quot;201341983&quot;:0,&quot;335559731&quot;:708,&quot;335559739&quot;:160,&quot;335559740&quot;:240}\">\u00a0<\/span><\/p>\n<p><span data-contrast=\"auto\">Subray\u00f3 que a trav\u00e9s de esta certificaci\u00f3n de competencias digitales, la UV pretende ampliar las oportunidades de las personas para mejorar las condiciones para su desarrollo profesional y laboral.<\/span><span data-ccp-props=\"{&quot;201341983&quot;:0,&quot;335559731&quot;:708,&quot;335559739&quot;:160,&quot;335559740&quot;:240}\">\u00a0<\/span><\/p>\n<p><span data-contrast=\"auto\">\u201cCon esto se trata de empoderar a los ciudadanos, estudiantes, j\u00f3venes, trabajadores de diversos sectores econ\u00f3micos y sociales, a las organizaciones y a la sociedad en general, en diferentes niveles de dominio de las competencias digitales.<\/span><span data-contrast=\"auto\">\u201d<\/span><span data-ccp-props=\"{&quot;201341983&quot;:0,&quot;335559731&quot;:708,&quot;335559739&quot;:160,&quot;335559740&quot;:240}\">\u00a0<\/span><\/p>\n<p><span data-contrast=\"auto\">Ante Juan Carlos Jim\u00e9nez M\u00e1rquez, titular de la DGTI, a quien felicit\u00f3 por haber impulsado este logro, dio a conocer que la ICDL es un organismo mundial que promueve el concepto de <\/span><span data-contrast=\"auto\">e<\/span><span data-contrast=\"auto\">st\u00e1ndares <\/span><span data-contrast=\"auto\">i<\/span><span data-contrast=\"auto\">nternacionales en <\/span><span data-contrast=\"auto\">c<\/span><span data-contrast=\"auto\">ompetencias <\/span><span data-contrast=\"auto\">d<\/span><span data-contrast=\"auto\">igitales.<\/span><span data-ccp-props=\"{&quot;201341983&quot;:0,&quot;335559731&quot;:708,&quot;335559739&quot;:160,&quot;335559740&quot;:240}\">\u00a0<\/span><\/p>\n<p><span data-contrast=\"auto\">A la fecha, m\u00e1s de 14 millones de candidatos han participado en programas ICDL en todo el mundo.<\/span><span data-ccp-props=\"{&quot;201341983&quot;:0,&quot;335559731&quot;:708,&quot;335559739&quot;:160,&quot;335559740&quot;:240}\">\u00a0<\/span><\/p>\n<p><span data-contrast=\"auto\">Este programa, al que ahora se suma la m\u00e1xima casa de estudios, se ofrece en 150 pa\u00edses, entre los que destacan: Alemania, Reino Unido, Corea del Sur, C<\/span><span data-contrast=\"auto\">hile, Colombia, Panam\u00e1 y M\u00e9xico<\/span><span data-contrast=\"auto\">; conform<\/span><span data-contrast=\"auto\">ando <\/span><span data-contrast=\"auto\">una red de m\u00e1s de 24 mil Centros Autorizados de Ex\u00e1menes para la certificaci\u00f3n de competencias.<\/span><span data-ccp-props=\"{&quot;201341983&quot;:0,&quot;335559731&quot;:708,&quot;335559739&quot;:160,&quot;335559740&quot;:240}\">\u00a0<\/span><\/p>\n<p><span data-contrast=\"auto\">Por tanto, con este programa se garantiza q<\/span><span data-contrast=\"auto\">ue la persona certificada co<\/span><span data-contrast=\"auto\">ntar\u00e1<\/span><span data-contrast=\"auto\"> con los conocimientos y habilidades que se requieren para usar las <\/span><span data-contrast=\"auto\">tecnolog\u00edas de la informaci\u00f3n y comunicaci\u00f3n <\/span><span data-contrast=\"auto\">en cualquier contexto.<\/span><span data-ccp-props=\"{&quot;201341983&quot;:0,&quot;335559731&quot;:708,&quot;335559739&quot;:160,&quot;335559740&quot;:240}\">\u00a0<\/span><\/p>\n<p><span data-contrast=\"auto\">\u201cCo<\/span><span data-contrast=\"auto\">ntar con un centro de este tipo<\/span><span data-contrast=\"auto\"> permitir\u00e1 que no s<\/span><span data-contrast=\"auto\">\u00f3<\/span><span data-contrast=\"auto\">lo nuestra comunidad universitaria, sino que la poblaci\u00f3n veracruzana y la regi\u00f3n sureste de M\u00e9xico tengan la oportunidad de adquirir conocimientos y habilidades<\/span><span data-contrast=\"auto\">,<\/span><span data-contrast=\"auto\"> al mismo tiempo que una certificaci\u00f3n internacional\u201d<\/span><span data-contrast=\"auto\">, se\u00f1al\u00f3.<\/span><span data-ccp-props=\"{&quot;201341983&quot;:0,&quot;335559731&quot;:708,&quot;335559739&quot;:160,&quot;335559740&quot;:240}\">\u00a0<\/span><\/p>\n<p><span data-contrast=\"auto\">En el evento<\/span><span data-contrast=\"auto\"> estuvieron<\/span> <span data-contrast=\"auto\">Magdalena Hern\u00e1ndez Alarc\u00f3n y Salvador Tapia Spinoso, titulares de las secretar\u00ed<\/span><span data-contrast=\"auto\">as <\/span><span data-contrast=\"auto\">Acad\u00e9mica y de Administraci\u00f3n y Finanzas, respectivamente; los directores de las \u00e1<\/span><span data-contrast=\"auto\">reas <\/span><span data-contrast=\"auto\">a<\/span><span data-contrast=\"auto\">cad\u00e9micas T\u00e9cnica, Ciencias<\/span><span data-contrast=\"auto\"> de la Salud, Artes y Econ\u00f3mico-<\/span><span data-contrast=\"auto\">Administrativa<\/span><span data-contrast=\"auto\">:<\/span><span data-contrast=\"auto\"> \u00c1ngel Eduardo Gasca Herrera, Pedro Guti\u00e9rrez Aguilar, Miguel Flores Covarrubias y Arturo Bocardo Valle.<\/span><span data-ccp-props=\"{&quot;201341983&quot;:0,&quot;335559731&quot;:708,&quot;335559739&quot;:160,&quot;335559740&quot;:240}\">\u00a0<\/span><\/p>\n<p><span data-contrast=\"auto\">Adem\u00e1s, los directores de Investigaciones, <\/span><span data-contrast=\"auto\">de <\/span><span data-contrast=\"auto\">Desarrollo Acad\u00e9mico e Innovaci\u00f3n Educativa<\/span><span data-contrast=\"auto\">,<\/span><span data-contrast=\"auto\"> y Comunicaci\u00f3n Universitaria<\/span><span data-contrast=\"auto\">:<\/span><span data-contrast=\"auto\"> \u00c1ngel Rafael Trigos Landa, Liliana Betancour<\/span><span data-contrast=\"auto\">t<\/span> <span data-contrast=\"auto\">Trevedhan<\/span><span data-contrast=\"auto\"> y Raciel <\/span><span data-contrast=\"auto\">Dam\u00f3n<\/span><span data-contrast=\"auto\"> Mart\u00ednez G\u00f3mez, respectivamente.<\/span><span data-ccp-props=\"{&quot;201341983&quot;:0,&quot;335559731&quot;:708,&quot;335559739&quot;:160,&quot;335559740&quot;:240}\">\u00a0<\/span><\/p>\n<p>&nbsp;<\/p>\n<div id=\"attachment_70296\" style=\"width: 732px\" class=\"wp-caption aligncenter\"><a href=\"https:\/\/www.uv.mx\/prensa\/files\/2019\/06\/270619-CERTIFICACIoN-COMPETENCIAS-DIGITALES-3.jpg\"><img loading=\"lazy\" decoding=\"async\" aria-describedby=\"caption-attachment-70296\" class=\"size-full wp-image-70296\" src=\"https:\/\/www.uv.mx\/prensa\/files\/2019\/06\/270619-CERTIFICACIoN-COMPETENCIAS-DIGITALES-3.jpg\" alt=\"\" width=\"722\" height=\"482\" srcset=\"https:\/\/www.uv.mx\/prensa\/files\/2019\/06\/270619-CERTIFICACIoN-COMPETENCIAS-DIGITALES-3.jpg 722w, https:\/\/www.uv.mx\/prensa\/files\/2019\/06\/270619-CERTIFICACIoN-COMPETENCIAS-DIGITALES-3-300x200.jpg 300w\" sizes=\"auto, (max-width: 722px) 100vw, 722px\" \/><\/a><p id=\"caption-attachment-70296\" class=\"wp-caption-text\">Autoridades universitarias, encabezadas por la rectora Sara Ladr\u00f3n de Guevara, celebraron este logro<\/p><\/div>\n","protected":false},"excerpt":{"rendered":"<p>La rectora Sara Ladr\u00f3n de Guevara destac\u00f3 el logro de la UV al aprobar el protocolo para constituirse como Centro Autorizado de Ex\u00e1menes, as\u00ed como la firma del convenio correspondiente con la International Computer Digital Literacy M\u00e9xico-Am\u00e9ricas<\/p>\n","protected":false},"author":1508,"featured_media":70293,"comment_status":"closed","ping_status":"closed","sticky":false,"template":"","format":"standard","meta":{"footnotes":""},"categories":[61],"tags":[],"class_list":["post-70302","post","type-post","status-publish","format-standard","has-post-thumbnail","hentry","category-banner"],"_links":{"self":[{"href":"https:\/\/www.uv.mx\/prensa\/wp-json\/wp\/v2\/posts\/70302","targetHints":{"allow":["GET"]}}],"collection":[{"href":"https:\/\/www.uv.mx\/prensa\/wp-json\/wp\/v2\/posts"}],"about":[{"href":"https:\/\/www.uv.mx\/prensa\/wp-json\/wp\/v2\/types\/post"}],"author":[{"embeddable":true,"href":"https:\/\/www.uv.mx\/prensa\/wp-json\/wp\/v2\/users\/1508"}],"replies":[{"embeddable":true,"href":"https:\/\/www.uv.mx\/prensa\/wp-json\/wp\/v2\/comments?post=70302"}],"version-history":[{"count":0,"href":"https:\/\/www.uv.mx\/prensa\/wp-json\/wp\/v2\/posts\/70302\/revisions"}],"wp:featuredmedia":[{"embeddable":true,"href":"https:\/\/www.uv.mx\/prensa\/wp-json\/wp\/v2\/media\/70293"}],"wp:attachment":[{"href":"https:\/\/www.uv.mx\/prensa\/wp-json\/wp\/v2\/media?parent=70302"}],"wp:term":[{"taxonomy":"category","embeddable":true,"href":"https:\/\/www.uv.mx\/prensa\/wp-json\/wp\/v2\/categories?post=70302"},{"taxonomy":"post_tag","embeddable":true,"href":"https:\/\/www.uv.mx\/prensa\/wp-json\/wp\/v2\/tags?post=70302"}],"curies":[{"name":"wp","href":"https:\/\/api.w.org\/{rel}","templated":true}]}}