{"id":70164,"date":"2019-06-26T08:01:03","date_gmt":"2019-06-26T13:01:03","guid":{"rendered":"https:\/\/www.uv.mx\/prensa\/?p=70164"},"modified":"2019-06-25T20:29:22","modified_gmt":"2019-06-26T01:29:22","slug":"tres-futbolistas-de-la-uv-al-mundial-universitario-de-napoles-italia","status":"publish","type":"post","link":"https:\/\/www.uv.mx\/prensa\/deportes\/tres-futbolistas-de-la-uv-al-mundial-universitario-de-napoles-italia\/","title":{"rendered":"Tres futbolistas de la UV, al Mundial Universitario de N\u00e1poles, Italia\u00a0"},"content":{"rendered":"<ul>\n<li data-leveltext=\"\uf0b7\" data-font=\"Symbol\" data-listid=\"1\" data-aria-posinset=\"1\" data-aria-level=\"1\"><i><span data-contrast=\"auto\">Son integrantes de la Selecci\u00f3n Femenil de <\/span><\/i><span data-contrast=\"auto\">Halcones<\/span><i><span data-contrast=\"auto\">, medallista de oro en la <\/span><\/i><i><span data-contrast=\"auto\">Universiada<\/span><\/i><i><span data-contrast=\"auto\"> Nacional <\/span><\/i><i><span data-contrast=\"auto\">Yucat\u00e1n <\/span><\/i><i><span data-contrast=\"auto\">2019<\/span><\/i><span data-ccp-props=\"{&quot;201341983&quot;:0,&quot;335559739&quot;:0,&quot;335559740&quot;:240}\">\u00a0<\/span><\/li>\n<\/ul>\n<p>&nbsp;<\/p>\n<div id=\"attachment_70166\" style=\"width: 552px\" class=\"wp-caption aligncenter\"><a href=\"https:\/\/www.uv.mx\/prensa\/files\/2019\/06\/260619-Seleccionadas.jpg\"><img loading=\"lazy\" decoding=\"async\" aria-describedby=\"caption-attachment-70166\" class=\"size-full wp-image-70166\" src=\"https:\/\/www.uv.mx\/prensa\/files\/2019\/06\/260619-Seleccionadas.jpg\" alt=\"\" width=\"542\" height=\"723\" srcset=\"https:\/\/www.uv.mx\/prensa\/files\/2019\/06\/260619-Seleccionadas.jpg 542w, https:\/\/www.uv.mx\/prensa\/files\/2019\/06\/260619-Seleccionadas-225x300.jpg 225w\" sizes=\"auto, (max-width: 542px) 100vw, 542px\" \/><\/a><p id=\"caption-attachment-70166\" class=\"wp-caption-text\">Kenia Garc\u00eda, Kelly Herrera y Dania Rivera<\/p><\/div>\n<p>&nbsp;<\/p>\n<p><b><i><span data-contrast=\"auto\">Santiago Morales Ortiz<\/span><\/i><\/b><span data-ccp-props=\"{&quot;201341983&quot;:0,&quot;335559739&quot;:0,&quot;335559740&quot;:240}\">\u00a0<\/span><\/p>\n<p><b><i><span data-contrast=\"auto\">2<\/span><\/i><\/b><b><i><span data-contrast=\"auto\">6<\/span><\/i><\/b><b><i><span data-contrast=\"auto\">\/06\/19, Xalapa, Ver.-<\/span><\/i><\/b> <span data-contrast=\"auto\">Tras aprobar la <\/span><span data-contrast=\"auto\">visor\u00eda<\/span><span data-contrast=\"auto\"> celebrada en Guadalajara, tres alumnas de la Universidad Veracruzana (UV) fueron seleccionadas para integrar el equipo representativo de futbol asociaci\u00f3n femenil de M\u00e9xico que competir\u00e1 en la Universiada Mundial 2019, a realizarse en julio en N\u00e1poles, Italia.<\/span><span data-ccp-props=\"{&quot;201341983&quot;:0,&quot;335559739&quot;:0,&quot;335559740&quot;:240}\">\u00a0<\/span><\/p>\n<p><span data-contrast=\"auto\">Se trata de la<\/span><span data-contrast=\"auto\">s <\/span><span data-contrast=\"auto\">medallistas de oro<\/span><span data-contrast=\"auto\"> en la pasada <\/span><span data-contrast=\"auto\">Universiada<\/span><span data-contrast=\"auto\"> Nacional <\/span><span data-contrast=\"auto\">Yucat\u00e1n 2019:<\/span><span data-contrast=\"auto\"> Kenia Garc\u00eda Camacho, Kelly Herrera Alarc\u00f3n y Dania Itzel Rivera <\/span><span data-contrast=\"auto\">Bigman<\/span><span data-contrast=\"auto\">.<\/span><span data-ccp-props=\"{&quot;201341983&quot;:0,&quot;335559731&quot;:708,&quot;335559739&quot;:0,&quot;335559740&quot;:240}\">\u00a0<\/span><\/p>\n<p><span data-contrast=\"auto\">Las tres integrantes de la UV<\/span><span data-contrast=\"auto\"> estuvieron concentradas desde los primeros d\u00edas de este mes en Guadalajara con la pre-selecci\u00f3n nacional, y<\/span> <span data-contrast=\"auto\">fueron elegidas por el entrenador<\/span><span data-contrast=\"auto\"> Carlos Marcos <\/span><span data-contrast=\"auto\">Zablah<\/span><span data-contrast=\"auto\">, del Instituto Tecnol\u00f3gico <\/span><span data-contrast=\"auto\">y <\/span><span data-contrast=\"auto\">de Estud<\/span><span data-contrast=\"auto\">ios Superiores de Monterrey (ITESM)<\/span><span data-contrast=\"auto\">,<\/span> <span data-contrast=\"auto\">para integrar <\/span><span data-contrast=\"auto\">al conjunto<\/span> <span data-contrast=\"auto\">tricolor<\/span><span data-contrast=\"auto\">.<\/span><span data-ccp-props=\"{&quot;201341983&quot;:0,&quot;335559731&quot;:708,&quot;335559739&quot;:0,&quot;335559740&quot;:240}\">\u00a0<\/span><\/p>\n<p><span data-contrast=\"auto\">Al respecto, el entrenador de <\/span><span data-contrast=\"auto\">la <\/span><span data-contrast=\"auto\">UV, Ra\u00fal Humberto<\/span> <span data-contrast=\"auto\">Fern\u00e1ndez Hern\u00e1ndez, <\/span><span data-contrast=\"auto\">se\u00f1al\u00f3 que se trata de un premio muy merecido \u201cpues luego de ser titulares de la <\/span><span data-contrast=\"auto\">S<\/span><span data-contrast=\"auto\">elecci\u00f3n<\/span> <span data-contrast=\"auto\">de <\/span><i><span data-contrast=\"auto\">Halcones<\/span><\/i> <span data-contrast=\"auto\">se esperaba su convocatoria\u201d.<\/span><span data-ccp-props=\"{&quot;201341983&quot;:0,&quot;335559731&quot;:708,&quot;335559739&quot;:0,&quot;335559740&quot;:240}\">\u00a0<\/span><\/p>\n<p><span data-contrast=\"auto\">Inform\u00f3 que las seleccionadas viajar\u00e1n de Guadalajara r<\/span><span data-contrast=\"auto\">umbo a Italia, pues el m<\/span><span data-contrast=\"auto\">undial inicia los primeros d\u00edas de julio<\/span><span data-contrast=\"auto\">, por lo que su regreso a Veracruz ser\u00e1 despu\u00e9s de la justa deportiva<\/span><span data-contrast=\"auto\">.<\/span><span data-ccp-props=\"{&quot;201341983&quot;:0,&quot;335559731&quot;:708,&quot;335559739&quot;:0,&quot;335559740&quot;:240}\">\u00a0<\/span><\/p>\n<p><span data-contrast=\"auto\">El entrenador<\/span> <span data-contrast=\"auto\">detall\u00f3 que Kenia Garc\u00eda<\/span><span data-contrast=\"auto\"> es alumna de la <\/span><span data-contrast=\"auto\">Licenciatura en<\/span><span data-contrast=\"auto\"> Agronom\u00eda de<\/span> <span data-contrast=\"auto\">l<\/span><span data-contrast=\"auto\">a<\/span> <span data-contrast=\"auto\">regi\u00f3n <\/span><span data-contrast=\"auto\">Orizaba<\/span><span data-contrast=\"auto\">&#8211;<\/span><span data-contrast=\"auto\">C\u00f3rdoba, y se desempe\u00f1a como defensa<\/span><span data-contrast=\"auto\">; Kelly Herrera (mediocampista) cursa la M<\/span><span data-contrast=\"auto\">aestr\u00eda en Gesti\u00f3n de <\/span><span data-contrast=\"auto\">la <\/span><span data-contrast=\"auto\">Calidad, en Xalapa, en tanto q<\/span><span data-contrast=\"auto\">ue Dania Rivera (mediocampista)<\/span><span data-contrast=\"auto\"> estudia Ingenier\u00eda, en Veracruz.<\/span><span data-ccp-props=\"{&quot;201341983&quot;:0,&quot;335559731&quot;:708,&quot;335559739&quot;:0,&quot;335559740&quot;:240}\">\u00a0<\/span><\/p>\n<p><span data-contrast=\"auto\">Otro de los pre<\/span><span data-contrast=\"auto\">seleccionados de la UV, fue <\/span><span data-contrast=\"auto\">Itzamna<\/span><span data-contrast=\"auto\"> Mart\u00ednez Castro, del equipo varonil<\/span><span data-contrast=\"auto\"> de futbol, pero debido a una lesi\u00f3n no pudo avanzar al siguiente filtro.<\/span><span data-ccp-props=\"{&quot;201341983&quot;:0,&quot;335559731&quot;:708,&quot;335559739&quot;:0,&quot;335559740&quot;:240}\">\u00a0<\/span><\/p>\n","protected":false},"excerpt":{"rendered":"<p>Se trata de Kenia Garc\u00eda, de Agronom\u00eda regi\u00f3n Orizaba-C\u00f3rdoba; Kelly Herrera, de la Maestr\u00eda en Gesti\u00f3n de la Calidad-Xalapa, y Dania Rivera, de Ingenier\u00eda-Veracruz<\/p>\n","protected":false},"author":1508,"featured_media":70165,"comment_status":"closed","ping_status":"closed","sticky":false,"template":"","format":"standard","meta":{"footnotes":""},"categories":[12,61],"tags":[],"class_list":["post-70164","post","type-post","status-publish","format-standard","has-post-thumbnail","hentry","category-deportes","category-banner"],"_links":{"self":[{"href":"https:\/\/www.uv.mx\/prensa\/wp-json\/wp\/v2\/posts\/70164","targetHints":{"allow":["GET"]}}],"collection":[{"href":"https:\/\/www.uv.mx\/prensa\/wp-json\/wp\/v2\/posts"}],"about":[{"href":"https:\/\/www.uv.mx\/prensa\/wp-json\/wp\/v2\/types\/post"}],"author":[{"embeddable":true,"href":"https:\/\/www.uv.mx\/prensa\/wp-json\/wp\/v2\/users\/1508"}],"replies":[{"embeddable":true,"href":"https:\/\/www.uv.mx\/prensa\/wp-json\/wp\/v2\/comments?post=70164"}],"version-history":[{"count":0,"href":"https:\/\/www.uv.mx\/prensa\/wp-json\/wp\/v2\/posts\/70164\/revisions"}],"wp:featuredmedia":[{"embeddable":true,"href":"https:\/\/www.uv.mx\/prensa\/wp-json\/wp\/v2\/media\/70165"}],"wp:attachment":[{"href":"https:\/\/www.uv.mx\/prensa\/wp-json\/wp\/v2\/media?parent=70164"}],"wp:term":[{"taxonomy":"category","embeddable":true,"href":"https:\/\/www.uv.mx\/prensa\/wp-json\/wp\/v2\/categories?post=70164"},{"taxonomy":"post_tag","embeddable":true,"href":"https:\/\/www.uv.mx\/prensa\/wp-json\/wp\/v2\/tags?post=70164"}],"curies":[{"name":"wp","href":"https:\/\/api.w.org\/{rel}","templated":true}]}}