{"id":70132,"date":"2019-06-25T08:00:58","date_gmt":"2019-06-25T13:00:58","guid":{"rendered":"https:\/\/www.uv.mx\/prensa\/?p=70132"},"modified":"2019-06-24T20:41:39","modified_gmt":"2019-06-25T01:41:39","slug":"estudiantes-de-historia-organizan-jornada-cultural","status":"publish","type":"post","link":"https:\/\/www.uv.mx\/prensa\/cultura\/estudiantes-de-historia-organizan-jornada-cultural\/","title":{"rendered":"Estudiantes de Historia organizan jornada cultural"},"content":{"rendered":"<ul>\n<li data-leveltext=\"\uf0b7\" data-font=\"Symbol\" data-listid=\"1\" data-aria-posinset=\"1\" data-aria-level=\"1\"><i><span data-contrast=\"auto\">El\u00a0 evento \u201cExpresiones art\u00edsticas en las humanidades\u201d se realizar\u00e1 el 27 de junio<br \/>\n<\/span><\/i><\/li>\n<\/ul>\n<p>&nbsp;<\/p>\n<div id=\"attachment_70074\" style=\"width: 732px\" class=\"wp-caption aligncenter\"><a href=\"https:\/\/www.uv.mx\/prensa\/files\/2019\/06\/210619-Estudiantes-de-Historia-1.jpg\"><img loading=\"lazy\" decoding=\"async\" aria-describedby=\"caption-attachment-70074\" class=\"size-full wp-image-70074\" src=\"https:\/\/www.uv.mx\/prensa\/files\/2019\/06\/210619-Estudiantes-de-Historia-1.jpg\" alt=\"\" width=\"722\" height=\"482\" srcset=\"https:\/\/www.uv.mx\/prensa\/files\/2019\/06\/210619-Estudiantes-de-Historia-1.jpg 722w, https:\/\/www.uv.mx\/prensa\/files\/2019\/06\/210619-Estudiantes-de-Historia-1-300x200.jpg 300w\" sizes=\"auto, (max-width: 722px) 100vw, 722px\" \/><\/a><p id=\"caption-attachment-70074\" class=\"wp-caption-text\">Integrantes del Taller de Gesti\u00f3n de la Facultad de Historia<\/p><\/div>\n<p>&nbsp;<\/p>\n<p><b><i><span data-contrast=\"auto\">Karina de la Paz Reyes D\u00edaz<\/span><\/i><\/b><span data-ccp-props=\"{&quot;134233279&quot;:true,&quot;201341983&quot;:0,&quot;335559739&quot;:160,&quot;335559740&quot;:240}\">\u00a0<\/span><\/p>\n<p><b><i><span data-contrast=\"auto\">2<\/span><\/i><\/b><b><i><span data-contrast=\"auto\">5<\/span><\/i><\/b><b><i><span data-contrast=\"auto\">\/06\/19, Xalapa, Ver.-<\/span><\/i><\/b> <span data-contrast=\"auto\">Estudiantes del Taller de Gesti\u00f3n que imparte la Facultad de Historia de la Universidad Veracruzana (UV), invitan al evento \u201cExpresiones art\u00edsticas en las <\/span><span data-contrast=\"auto\">h<\/span><span data-contrast=\"auto\">umanidades\u201d, el 27 de junio a partir de las 9:00 horas. El programa contempla danza, m\u00fasica, fotograf\u00eda<\/span><span data-contrast=\"auto\"> y poes\u00eda. La entrada es libre.<\/span><span data-ccp-props=\"{&quot;134233279&quot;:true,&quot;201341983&quot;:0,&quot;335559739&quot;:160,&quot;335559740&quot;:240}\">\u00a0<\/span><\/p>\n<p><span data-contrast=\"auto\">El Taller de Gesti\u00f3n es impartido por Guadalupe S\u00e1nchez \u00c1lvarez, investigadora del Instituto de Antropolog\u00eda<\/span><span data-contrast=\"auto\"> de la UV<\/span><span data-contrast=\"auto\">,\u00a0 quien explic\u00f3 que el evento formar\u00e1 parte de<\/span><span data-contrast=\"auto\">l exame<\/span><span data-contrast=\"auto\">n final para acreditar el curso<\/span><span data-contrast=\"auto\">.<\/span><span data-ccp-props=\"{&quot;134233279&quot;:true,&quot;201341983&quot;:0,&quot;335559739&quot;:160,&quot;335559740&quot;:240}\">\u00a0<\/span><\/p>\n<p><span data-contrast=\"auto\">El programa contempla la exposici\u00f3n fotogr\u00e1fica <\/span><i><span data-contrast=\"auto\">El otro retrato de Xalapa<\/span><\/i><span data-contrast=\"auto\">, la participaci\u00f3n de la Orquesta Sinf\u00f3nica <\/span><span data-contrast=\"auto\">Xilotepec<\/span><span data-contrast=\"auto\">, el Grupo de M\u00fasica Regional Veracruzana, el <\/span><span data-contrast=\"auto\">c<\/span><span data-contrast=\"auto\">olectivo de poetas <\/span><span data-contrast=\"auto\">\u201c<\/span><span data-contrast=\"auto\">Tinta tu madre<\/span><span data-contrast=\"auto\">\u201d<\/span><span data-contrast=\"auto\">, la solista Perla <\/span><span data-contrast=\"auto\">Andonegui<\/span><span data-contrast=\"auto\">, el<\/span><span data-contrast=\"auto\"> trovador Arturo Barros Guzm\u00e1n y <\/span><span data-contrast=\"auto\">el flautista Iv\u00e1n Wong.<\/span><span data-ccp-props=\"{&quot;134233279&quot;:true,&quot;201341983&quot;:0,&quot;335559739&quot;:160,&quot;335559740&quot;:240}\">\u00a0<\/span><\/p>\n<p><span data-contrast=\"auto\">Adem\u00e1s, los bailarines de son jaroch<\/span><span data-contrast=\"auto\">o Rub\u00e9n Flores y Jennifer L\u00f3pez,<\/span><span data-contrast=\"auto\"> un ensamble de percusiones <\/span><span data-contrast=\"auto\">y danza africana, el grupo <\/span><span data-contrast=\"auto\">The<\/span> <span data-contrast=\"auto\">P<\/span><span data-contrast=\"auto\">enguin<\/span> <span data-contrast=\"auto\">B<\/span><span data-contrast=\"auto\">allet, los raperos <\/span><span data-contrast=\"auto\">Crova<\/span><span data-contrast=\"auto\"> y Alejandro Casta\u00f1eda y el arti<\/span><span data-contrast=\"auto\">sta urbano Ramiro.<\/span><span data-ccp-props=\"{&quot;134233279&quot;:true,&quot;201341983&quot;:0,&quot;335559739&quot;:160,&quot;335559740&quot;:240}\">\u00a0<\/span><\/p>\n<p><span data-contrast=\"auto\">E<\/span><span data-contrast=\"auto\">s im<\/span><span data-contrast=\"auto\">portante mencionar que este curso <\/span><span data-contrast=\"auto\">intersemestral<\/span><span data-contrast=\"auto\"> se llama s\u00f3lo Taller de Gesti\u00f3n, lo cual da la opci\u00f3n <\/span><span data-contrast=\"auto\">y libertad de completar el nombre. En su caso<\/span><span data-contrast=\"auto\">,<\/span><span data-contrast=\"auto\"> y en acuerdo con los estudiantes, lo llamaron Taller de Gesti\u00f3n de la <\/span><span data-contrast=\"auto\">Cultura.<\/span><span data-ccp-props=\"{&quot;134233279&quot;:true,&quot;201341983&quot;:0,&quot;335559739&quot;:160,&quot;335559740&quot;:240}\">\u00a0<\/span><\/p>\n<p><span data-contrast=\"auto\">\u201cAcordamos que cultura es todo el quehacer y <\/span><span data-contrast=\"auto\">los<\/span><span data-contrast=\"auto\"> alumnos se relacionan con c<\/span><span data-contrast=\"auto\">ompa\u00f1eros <\/span><span data-contrast=\"auto\">de otras facultades y todos tienen una inclinaci\u00f3n importante por el arte<\/span><span data-contrast=\"auto\">.<\/span> <span data-contrast=\"auto\">S<\/span><span data-contrast=\"auto\">e quejan <\/span><span data-contrast=\"auto\">de dos cosas:<\/span><span data-contrast=\"auto\"> de que no haya artes aqu\u00ed, en Humanidades<\/span><span data-contrast=\"auto\">,<\/span><span data-contrast=\"auto\"> y de una falta de comunicaci\u00f3n en<\/span><span data-contrast=\"auto\">tre<\/span><span data-contrast=\"auto\"> facultades.\u201d<\/span><span data-ccp-props=\"{&quot;134233279&quot;:true,&quot;201341983&quot;:0,&quot;335559739&quot;:160,&quot;335559740&quot;:240}\">\u00a0<\/span><\/p>\n<p><span data-contrast=\"auto\">Ambas ideas se maduraron en clase<\/span><span data-contrast=\"auto\"> por los 15 estudiantes que toman <\/span><span data-contrast=\"auto\">el curso <\/span><span data-contrast=\"auto\">(algunos adscritos a la Facultad de Historia y a otras, como <\/span><span data-contrast=\"auto\">la de <\/span><span data-contrast=\"auto\">Derecho) y la propia acad\u00e9mica. El resultado de esa lluvia de ideas fue<\/span><span data-contrast=\"auto\"> el evento ya citado, que entre sus intenciones tiene el que <\/span><span data-contrast=\"auto\">los estudiantes de toda la Unidad de Humanidades <\/span><span data-contrast=\"auto\">asistan<\/span><span data-contrast=\"auto\"> y <\/span><span data-contrast=\"auto\">lo <\/span><span data-contrast=\"auto\">hagan suyo.<\/span><span data-ccp-props=\"{&quot;134233279&quot;:true,&quot;201341983&quot;:0,&quot;335559739&quot;:160,&quot;335559740&quot;:240}\">\u00a0<\/span><\/p>\n<p><span data-contrast=\"auto\">El <\/span><span data-contrast=\"auto\">t<\/span><span data-contrast=\"auto\">aller inici\u00f3 el 11 de junio y usualmente se desarrolla en cuatro semanas<\/span><span data-contrast=\"auto\">;<\/span><span data-contrast=\"auto\"> no obstante, e<\/span><span data-contrast=\"auto\">sta edici\u00f3n ser\u00e1 de tres, pue<\/span><span data-contrast=\"auto\">s dado el calendario escolar que est\u00e1 a punto de concluir, estab<\/span><span data-contrast=\"auto\">a el riesgo<\/span><span data-contrast=\"auto\"> de<\/span><span data-contrast=\"auto\"> que al evento no asistiera <\/span><span data-contrast=\"auto\">p\u00fablico <\/span><span data-contrast=\"auto\">universitario, \u201c<\/span><span data-contrast=\"auto\">y la idea es que asistan estudiantes\u201d.<\/span><span data-ccp-props=\"{&quot;134233279&quot;:true,&quot;201341983&quot;:0,&quot;335559739&quot;:160,&quot;335559740&quot;:240}\">\u00a0<\/span><\/p>\n<p><span data-contrast=\"auto\">Guadalupe S\u00e1nchez<\/span> <span data-contrast=\"auto\">subray\u00f3 tambi\u00e9n que <\/span><span data-contrast=\"auto\">hubo una notoria convocatoria de artistas y una satisfactoria lista de patrocinadores, lo cual puso en evidencia <\/span><span data-contrast=\"auto\">el buen entendimiento de lo que implica la <\/span><span data-contrast=\"auto\">gesti\u00f3n.<\/span><span data-contrast=\"auto\"> \u201cEntendieron bien el mensaje del que yo les hablaba<\/span><span data-contrast=\"auto\">,<\/span><span data-contrast=\"auto\"> sobre <\/span><span data-contrast=\"auto\">todo, el de<\/span><span data-contrast=\"auto\"> colaborar con el mismo fin\u201d.<\/span><span data-ccp-props=\"{&quot;134233279&quot;:true,&quot;201341983&quot;:0,&quot;335559739&quot;:160,&quot;335559740&quot;:240}\">\u00a0<\/span><\/p>\n<p><span data-contrast=\"auto\">Los estudiantes <\/span><span data-contrast=\"auto\">entrevistados coincidieron en que el taller super\u00f3 sus expectativas, incluso les sirvi\u00f3 para vencer el miedo de relacionarse con personas desconocidas, pues de eso dependi\u00f3 el logro de una gesti\u00f3n con responsables de espacios universitarios, incluso con representantes del Ayuntamiento de Xa<\/span><span data-contrast=\"auto\">lapa y medios de comunicaci\u00f3n a<\/span><span data-contrast=\"auto\"> quienes <\/span><span data-contrast=\"auto\">han acudido con la intenci\u00f3n de promover el evento.<\/span><span data-ccp-props=\"{&quot;134233279&quot;:true,&quot;201341983&quot;:0,&quot;335559739&quot;:160,&quot;335559740&quot;:240}\">\u00a0<\/span><\/p>\n<p>&nbsp;<\/p>\n<div id=\"attachment_70076\" style=\"width: 732px\" class=\"wp-caption aligncenter\"><a href=\"https:\/\/www.uv.mx\/prensa\/files\/2019\/06\/210619-Estudiantes-de-Historia-3.jpg\"><img loading=\"lazy\" decoding=\"async\" aria-describedby=\"caption-attachment-70076\" class=\"size-full wp-image-70076\" src=\"https:\/\/www.uv.mx\/prensa\/files\/2019\/06\/210619-Estudiantes-de-Historia-3.jpg\" alt=\"\" width=\"722\" height=\"482\" srcset=\"https:\/\/www.uv.mx\/prensa\/files\/2019\/06\/210619-Estudiantes-de-Historia-3.jpg 722w, https:\/\/www.uv.mx\/prensa\/files\/2019\/06\/210619-Estudiantes-de-Historia-3-300x200.jpg 300w\" sizes=\"auto, (max-width: 722px) 100vw, 722px\" \/><\/a><p id=\"caption-attachment-70076\" class=\"wp-caption-text\">Guadalupe S\u00e1nchez \u00c1lvarez<\/p><\/div>\n<p>&nbsp;<\/p>\n<p><span data-contrast=\"auto\">De esto dieron cuenta las estudiantes<\/span><span data-contrast=\"auto\"> de la Facultad de Historia<\/span><span data-contrast=\"auto\">,<\/span><span data-contrast=\"auto\"> Cristina Esmeralda V\u00e1zquez Fern\u00e1ndez,<\/span> <span data-contrast=\"auto\">Alma Iris S\u00e1nchez Cruz <\/span><span data-contrast=\"auto\">y Edith <\/span><span data-contrast=\"auto\">Hugueth<\/span><span data-contrast=\"auto\">.<\/span><span data-ccp-props=\"{&quot;134233279&quot;:true,&quot;201341983&quot;:0,&quot;335559739&quot;:160,&quot;335559740&quot;:240}\">\u00a0<\/span><\/p>\n<p><span data-contrast=\"auto\">Tambi\u00e9n se familiarizaron con la redacci\u00f3n d<\/span><span data-contrast=\"auto\">e<\/span><span data-contrast=\"auto\"> oficios para concretar apoyos, el dise\u00f1o de los carteles publicitarios, el manejo del evento en redes sociales, por citar algunos aspectos.<\/span><span data-ccp-props=\"{&quot;134233279&quot;:true,&quot;201341983&quot;:0,&quot;335559739&quot;:160,&quot;335559740&quot;:240}\">\u00a0<\/span><\/p>\n<p><span data-contrast=\"auto\">\u201c<\/span><span data-contrast=\"auto\">P<\/span><span data-contrast=\"auto\">ens\u00e9 que el evento iba a ser muy peque\u00f1o, s\u00f3lo para la Facultad, pero realmente me sorprend\u00ed porque ser\u00e1 muy grande. Lo estamos anuncia<\/span><span data-contrast=\"auto\">n<\/span><span data-contrast=\"auto\">do por las redes, la radio, la televisi\u00f3n y conocidos. <\/span><span data-contrast=\"auto\">E<\/span><span data-contrast=\"auto\">spero que sea un \u00e9xito\u201d<\/span><span data-contrast=\"auto\">, dijo otra<\/span><span data-contrast=\"auto\"> de l<\/span><span data-contrast=\"auto\">as estudiantes, Adriana Lesbia.<\/span><span data-ccp-props=\"{&quot;134233279&quot;:true,&quot;201341983&quot;:0,&quot;335559739&quot;:160,&quot;335559740&quot;:240}\">\u00a0<\/span><\/p>\n<p><span data-contrast=\"auto\">Por su parte, <\/span><span data-contrast=\"auto\">Erick David <\/span><span data-contrast=\"auto\">Teobal<\/span><span data-contrast=\"auto\"> Crisanto<\/span><span data-contrast=\"auto\">, <\/span><span data-contrast=\"auto\">uno de los encargados de la gesti\u00f3n de los gru<\/span><span data-contrast=\"auto\">pos musicales que participar\u00e1n, expuso lo enriquecedo<\/span><span data-contrast=\"auto\">r que le result\u00f3 tomar este t<\/span><span data-contrast=\"auto\">aller: \u201c<\/span><span data-contrast=\"auto\">Regularmente, <\/span><span data-contrast=\"auto\">en una materia <\/span><span data-contrast=\"auto\">siempre nos dedicamos a ir a la biblioteca o hacer cuestiones de investigaci\u00f3n acad\u00e9mica, no tanto intervenciones, entonces s\u00ed es un poco complicado, sobre todo porque estamos en <\/span><span data-contrast=\"auto\">intersemestral<\/span><span data-contrast=\"auto\">. Ha sido complicado encontrar gente que acepte y que se encuentre ahora en Xalapa. Ha sido movido y fuera de la rutina\u201d.<\/span><span data-ccp-props=\"{&quot;134233279&quot;:true,&quot;201341983&quot;:0,&quot;335559731&quot;:708,&quot;335559739&quot;:160,&quot;335559740&quot;:240}\">\u00a0<\/span><\/p>\n<p><span data-contrast=\"auto\">Jos\u00e9 <\/span><span data-contrast=\"auto\">\u00c1ngel Aguilar <\/span><span data-contrast=\"auto\">B<\/span><span data-contrast=\"auto\">andala<\/span> <span data-contrast=\"auto\">tiene entre sus encomiendas <\/span><span data-contrast=\"auto\">realizar el documental que re\u00fana las evidenc<\/span><span data-contrast=\"auto\">ias de esta edici\u00f3n del <\/span><span data-contrast=\"auto\">t<\/span><span data-contrast=\"auto\">aller, <\/span><span data-contrast=\"auto\">sobre todo el proceso que implica concretar un evento como <\/span><span data-contrast=\"auto\">\u201cExpresiones art\u00edsticas en las h<\/span><span data-contrast=\"auto\">umanidades\u201d<\/span><span data-contrast=\"auto\">.<\/span><span data-ccp-props=\"{&quot;134233279&quot;:true,&quot;201341983&quot;:0,&quot;335559731&quot;:708,&quot;335559739&quot;:160,&quot;335559740&quot;:240}\">\u00a0<\/span><\/p>\n<p><span data-contrast=\"auto\">\u201cAl principio entr\u00e9 porque me faltaban cr\u00e9ditos, pero al ver la din\u00e1mica y que es un taller en el que no est\u00e1s est\u00e1tico <\/span><span data-contrast=\"auto\">(<\/span><span data-contrast=\"auto\">s\u00f3lo leyendo<\/span><span data-contrast=\"auto\">)<\/span><span data-contrast=\"auto\"> me llam\u00f3 mucho la atenci\u00f3n, porque yo sufro de hiperactividad.\u201d<\/span><span data-ccp-props=\"{&quot;134233279&quot;:true,&quot;201341983&quot;:0,&quot;335559731&quot;:708,&quot;335559739&quot;:160,&quot;335559740&quot;:240}\">\u00a0<\/span><\/p>\n<p><span data-contrast=\"auto\">Fernando Heriberto Amador Gabriel, como parte de sus actividades, maquet\u00f3 el espacio para una buena administraci\u00f3n<\/span><span data-contrast=\"auto\">,<\/span><span data-contrast=\"auto\"> y dise\u00f1\u00f3 las pulseras para el registro de los asistentes. En sus palabras, \u201ceste taller me est\u00e1 ayudando mucho porque s\u00ed hab\u00edamos hecho evento<\/span><span data-contrast=\"auto\">s<\/span><span data-contrast=\"auto\">, pero no a tal magnitud, y nos sirve para conocer formas de comunicaci\u00f3n y <\/span><span data-contrast=\"auto\">relacionarnos con <\/span><span data-contrast=\"auto\">personas\u201d.<\/span><span data-ccp-props=\"{&quot;134233279&quot;:true,&quot;201341983&quot;:0,&quot;335559731&quot;:708,&quot;335559739&quot;:160,&quot;335559740&quot;:240}\">\u00a0<\/span><\/p>\n<p><span data-contrast=\"auto\">En eso tambi\u00e9n coincidieron Juan Carlos Garc\u00eda Cuevas, uno de los encargados de un concurso de fotograf\u00eda, lo cual implic\u00f3 una convocatoria, la exhibici\u00f3n de la obra y los jueces que dictaminaran la misma.<\/span><span data-ccp-props=\"{&quot;134233279&quot;:true,&quot;201341983&quot;:0,&quot;335559731&quot;:708,&quot;335559739&quot;:160,&quot;335559740&quot;:240}\">\u00a0<\/span><\/p>\n<p><span data-contrast=\"auto\">Eugenio S\u00e1nchez Aguilera celebr\u00f3 que se desarrollen este tipo de propuestas acad\u00e9micas. <\/span><span data-contrast=\"auto\">Justific\u00f3 que el perfil que se tiene en esta licenciatura es de investigaci\u00f3n y acad\u00e9mico \u201c<\/span><span data-contrast=\"auto\">y aqu\u00ed estamos tratando <\/span><span data-contrast=\"auto\">d<\/span><span data-contrast=\"auto\">e que sea un aprendizaje transformador, porque el historiador puede ser gestor de la cultura, vinculante entre la comunidad y las instituciones, apoy\u00e1ndose precisamente en sus conocimientos de historia, su capacidad de an\u00e1lisis\u201d.<\/span><span data-ccp-props=\"{&quot;134233279&quot;:true,&quot;201341983&quot;:0,&quot;335559731&quot;:708,&quot;335559739&quot;:160,&quot;335559740&quot;:240}\">\u00a0<\/span><\/p>\n<p>&nbsp;<\/p>\n<div id=\"attachment_70075\" style=\"width: 552px\" class=\"wp-caption aligncenter\"><a href=\"https:\/\/www.uv.mx\/prensa\/files\/2019\/06\/210619-Estudiantes-de-Historia-2.jpg\"><img loading=\"lazy\" decoding=\"async\" aria-describedby=\"caption-attachment-70075\" class=\"size-full wp-image-70075\" src=\"https:\/\/www.uv.mx\/prensa\/files\/2019\/06\/210619-Estudiantes-de-Historia-2.jpg\" alt=\"\" width=\"542\" height=\"723\" srcset=\"https:\/\/www.uv.mx\/prensa\/files\/2019\/06\/210619-Estudiantes-de-Historia-2.jpg 542w, https:\/\/www.uv.mx\/prensa\/files\/2019\/06\/210619-Estudiantes-de-Historia-2-225x300.jpg 225w\" sizes=\"auto, (max-width: 542px) 100vw, 542px\" \/><\/a><p id=\"caption-attachment-70075\" class=\"wp-caption-text\">Programa del evento<\/p><\/div>\n","protected":false},"excerpt":{"rendered":"<p>Integrantes del Taller de Gesti\u00f3n invitan al evento \u201cExpresiones art\u00edsticas en las humanidades\u201d, el 27 de junio a partir de las 9:00 horas<\/p>\n","protected":false},"author":1508,"featured_media":70074,"comment_status":"closed","ping_status":"closed","sticky":false,"template":"","format":"standard","meta":{"footnotes":""},"categories":[11,47],"tags":[],"class_list":["post-70132","post","type-post","status-publish","format-standard","has-post-thumbnail","hentry","category-cultura","category-eventos"],"_links":{"self":[{"href":"https:\/\/www.uv.mx\/prensa\/wp-json\/wp\/v2\/posts\/70132","targetHints":{"allow":["GET"]}}],"collection":[{"href":"https:\/\/www.uv.mx\/prensa\/wp-json\/wp\/v2\/posts"}],"about":[{"href":"https:\/\/www.uv.mx\/prensa\/wp-json\/wp\/v2\/types\/post"}],"author":[{"embeddable":true,"href":"https:\/\/www.uv.mx\/prensa\/wp-json\/wp\/v2\/users\/1508"}],"replies":[{"embeddable":true,"href":"https:\/\/www.uv.mx\/prensa\/wp-json\/wp\/v2\/comments?post=70132"}],"version-history":[{"count":0,"href":"https:\/\/www.uv.mx\/prensa\/wp-json\/wp\/v2\/posts\/70132\/revisions"}],"wp:featuredmedia":[{"embeddable":true,"href":"https:\/\/www.uv.mx\/prensa\/wp-json\/wp\/v2\/media\/70074"}],"wp:attachment":[{"href":"https:\/\/www.uv.mx\/prensa\/wp-json\/wp\/v2\/media?parent=70132"}],"wp:term":[{"taxonomy":"category","embeddable":true,"href":"https:\/\/www.uv.mx\/prensa\/wp-json\/wp\/v2\/categories?post=70132"},{"taxonomy":"post_tag","embeddable":true,"href":"https:\/\/www.uv.mx\/prensa\/wp-json\/wp\/v2\/tags?post=70132"}],"curies":[{"name":"wp","href":"https:\/\/api.w.org\/{rel}","templated":true}]}}