{"id":70024,"date":"2019-06-24T08:00:36","date_gmt":"2019-06-24T13:00:36","guid":{"rendered":"https:\/\/www.uv.mx\/prensa\/?p=70024"},"modified":"2019-06-21T19:39:42","modified_gmt":"2019-06-22T00:39:42","slug":"editorial-uv-promueve-su-acervo-en-cdmx-y-puebla","status":"publish","type":"post","link":"https:\/\/www.uv.mx\/prensa\/cultura\/editorial-uv-promueve-su-acervo-en-cdmx-y-puebla\/","title":{"rendered":"Editorial UV promueve su acervo en CDMX y Puebla"},"content":{"rendered":"<ul>\n<li data-leveltext=\"\uf0b7\" data-font=\"Symbol\" data-listid=\"7\" data-aria-posinset=\"1\" data-aria-level=\"1\"><i><span data-contrast=\"auto\">B<\/span><\/i><i><span data-contrast=\"auto\">ibliotecarios de la UNAM y de la BUAP<\/span><\/i><i><span data-contrast=\"auto\"> pudieron conocer<\/span><\/i><i><span data-contrast=\"auto\"> los libros de la Editorial de la UV<\/span><\/i><span data-ccp-props=\"{&quot;134233279&quot;:true,&quot;201341983&quot;:0,&quot;335559739&quot;:200,&quot;335559740&quot;:240}\">\u00a0<\/span><\/li>\n<\/ul>\n<div id=\"attachment_69986\" style=\"width: 732px\" class=\"wp-caption aligncenter\"><a href=\"https:\/\/www.uv.mx\/prensa\/files\/2019\/06\/200619-Promueve-Editorial1.jpg\"><img loading=\"lazy\" decoding=\"async\" aria-describedby=\"caption-attachment-69986\" class=\"size-full wp-image-69986\" src=\"https:\/\/www.uv.mx\/prensa\/files\/2019\/06\/200619-Promueve-Editorial1.jpg\" alt=\"\u00c9dgar Garc\u00eda Valencia dijo que los libros de Acceso Abierto suman 164 t\u00edtulos \" width=\"722\" height=\"274\" srcset=\"https:\/\/www.uv.mx\/prensa\/files\/2019\/06\/200619-Promueve-Editorial1.jpg 722w, https:\/\/www.uv.mx\/prensa\/files\/2019\/06\/200619-Promueve-Editorial1-300x114.jpg 300w\" sizes=\"auto, (max-width: 722px) 100vw, 722px\" \/><\/a><p id=\"caption-attachment-69986\" class=\"wp-caption-text\">\u00c9dgar Garc\u00eda Valencia dijo que los libros de Acceso Abierto suman 164 t\u00edtulos<\/p><\/div>\n<p><b><i><span data-contrast=\"auto\">2<\/span><\/i><\/b><b><i><span data-contrast=\"auto\">4<\/span><\/i><\/b><b><i><span data-contrast=\"auto\">\/06\/19, Xalapa, Ver.- <\/span><\/i><\/b><span data-contrast=\"auto\">En reuniones con bibliotecarios de la Universidad Nacional Aut\u00f3noma de M\u00e9xico (UNAM) y de la Benem\u00e9rita Universidad Aut\u00f3noma de Puebla (BUAP), se dieron a conocer las publicaciones recientes de la Editorial de la Universidad Veracruzana (UV) y los avances en la edici\u00f3n, difusi\u00f3n y venta de libros electr\u00f3nicos.<\/span><span data-ccp-props=\"{&quot;201341983&quot;:0,&quot;335559739&quot;:200,&quot;335559740&quot;:240}\">\u00a0<\/span><\/p>\n<p><span data-contrast=\"auto\">Ante m\u00e1s de 80 bibliotecarios de la UNAM convocados por la Feria Internacional del Libro de los Universitarios (<\/span><span data-contrast=\"auto\">FILUni<\/span><span data-contrast=\"auto\">), la Editorial de la UV, en voz de su coordinadora de Difusi\u00f3n, Alma Espinosa Arroyo, dio a conocer las novedades que estar\u00e1n disponibles para su venta en la <\/span><span data-contrast=\"auto\">tercera edici\u00f3n<\/span> <span data-contrast=\"auto\">de la f<\/span><span data-contrast=\"auto\">eria mencionada, que ser\u00e1 del 27 de agosto al 1 de septiembre, en el Centro de Exposiciones y Convenciones de Ciudad Universitaria, en<\/span><span data-contrast=\"auto\"> la<\/span><span data-contrast=\"auto\"> Ciudad de M\u00e9<\/span><span data-contrast=\"auto\">xico.<\/span><span data-ccp-props=\"{&quot;201341983&quot;:0,&quot;335559739&quot;:200,&quot;335559740&quot;:240}\">\u00a0<\/span><\/p>\n<p><span data-contrast=\"auto\">Adem\u00e1s de las novedades editoriales, la UV ofrecer\u00e1 a los bibliotecarios interesados la oportunidad de obtener precios especiales en la compra del acervo, el cual podr\u00e1n elegir previamente en el Cat\u00e1logo General (ubicado en la p\u00e1gina <\/span><a href=\"http:\/\/libros.uv.mx\/index.php\/UV\"><span data-contrast=\"none\">http:\/\/libros.uv.mx\/index<\/span><span data-contrast=\"none\">.<\/span><span data-contrast=\"none\">php\/UV<\/span><\/a><span data-contrast=\"auto\">).<\/span><span data-contrast=\"auto\"> De igual forma, <\/span><span data-contrast=\"auto\">habr\u00e1 comunicaci\u00f3n constante con los bibliotecarios para temas de distribuci\u00f3n y administraci\u00f3n.<\/span><span data-ccp-props=\"{&quot;201341983&quot;:0,&quot;335559739&quot;:200,&quot;335559740&quot;:240}\">\u00a0<\/span><\/p>\n<p><span data-contrast=\"auto\">Los avances que ha tenido la<\/span><span data-contrast=\"auto\"> Editorial <\/span><span data-contrast=\"auto\">de la UV en materia de libros electr\u00f3nicos y acceso abierto, fueron temas a tratar en la BUAP, en el marco del encuentro \u201cDel Open Access al Big Data\u201d, organizado con motivo del reci\u00e9n creado Repositorio Institucional de Acceso Abierto de la Benem\u00e9rita.<\/span><\/p>\n<div id=\"attachment_69990\" style=\"width: 732px\" class=\"wp-caption aligncenter\"><a href=\"https:\/\/www.uv.mx\/prensa\/files\/2019\/06\/200619-Promueve-Editorial2.jpg\"><img loading=\"lazy\" decoding=\"async\" aria-describedby=\"caption-attachment-69990\" class=\"size-full wp-image-69990\" src=\"https:\/\/www.uv.mx\/prensa\/files\/2019\/06\/200619-Promueve-Editorial2.jpg\" alt=\"M\u00e1s de 80 bibliotecarios de la UNAM obtendr\u00e1n precios especiales en la compra del acervo de la Editorial UV \" width=\"722\" height=\"338\" srcset=\"https:\/\/www.uv.mx\/prensa\/files\/2019\/06\/200619-Promueve-Editorial2.jpg 722w, https:\/\/www.uv.mx\/prensa\/files\/2019\/06\/200619-Promueve-Editorial2-300x140.jpg 300w\" sizes=\"auto, (max-width: 722px) 100vw, 722px\" \/><\/a><p id=\"caption-attachment-69990\" class=\"wp-caption-text\">M\u00e1s de 80 bibliotecarios de la UNAM obtendr\u00e1n precios especiales en la compra del acervo de la Editorial UV<\/p><\/div>\n<p><span data-contrast=\"auto\">El director de la Editorial de la UV, \u00c9dgar Garc\u00eda Valencia, ofreci\u00f3 la conferencia \u201cLa edici\u00f3n digital en la era del Acceso Abierto, experiencias y desaf\u00edos\u201d, en la que abord\u00f3 los inicios de esta casa editorial en el libro electr\u00f3nico, con<\/span><span data-contrast=\"auto\"> la plataforma de <\/span><a href=\"http:\/\/ebooks.uv.mx\/\"><span data-contrast=\"none\">http:\/\/ebooks<\/span><span data-contrast=\"none\">.<\/span><span data-contrast=\"none\">uv.mx\/<\/span><\/a><span data-ccp-props=\"{&quot;201341983&quot;:0,&quot;335559739&quot;:200,&quot;335559740&quot;:240}\">\u00a0<\/span><\/p>\n<p><span data-contrast=\"auto\">Detall<\/span><span data-contrast=\"auto\">\u00f3 los pasos que se han dado para ser una editorial universitaria de vanguardia. E<\/span><span data-contrast=\"auto\">xplic\u00f3 <\/span><span data-contrast=\"auto\">que la edici\u00f3n digital est\u00e1 presente desde que el autor escribe su obra, la cual<\/span><span data-contrast=\"auto\">, despu\u00e9s de dictaminada y <\/span><span data-contrast=\"auto\">editada,<\/span><span data-contrast=\"auto\"> puede <\/span><span data-contrast=\"auto\">tener diversas salidas como un documento listo para la imprenta, para su lectura en PDF, en formato <\/span><span data-contrast=\"auto\">eP<\/span><span data-contrast=\"auto\">u<\/span><span data-contrast=\"auto\">b<\/span><span data-contrast=\"auto\"> y para impresi\u00f3n bajo demanda<\/span><span data-contrast=\"auto\">.<\/span><span data-ccp-props=\"{&quot;201341983&quot;:0,&quot;335559739&quot;:200,&quot;335559740&quot;:240}\">\u00a0<\/span><\/p>\n<p><span data-contrast=\"auto\">En la Editorial de la UV, dijo, se trabaja en la d<\/span><span data-contrast=\"auto\">istribuci\u00f3n de contenido y no s\u00f3<\/span><span data-contrast=\"auto\">lo en la distribuci\u00f3n de libros, por lo que se ha puesto especial atenci\u00f3n en los metadatos, que son la clave en la edici\u00f3n digital. <\/span><span data-contrast=\"auto\">Adem\u00e1s, coment\u00f3<\/span><span data-contrast=\"auto\">,<\/span><span data-contrast=\"auto\"> se han incrementado los libros de Acceso Abierto, a la fecha suman 164 t\u00edtulos.<\/span><span data-ccp-props=\"{&quot;201341983&quot;:0,&quot;335559739&quot;:200,&quot;335559740&quot;:240}\">\u00a0<\/span><\/p>\n","protected":false},"excerpt":{"rendered":"<p>El Cat\u00e1logo General est\u00e1 disponible en la p\u00e1gina http:\/\/libros.uv.mx\/index.php\/UV <\/p>\n","protected":false},"author":1775,"featured_media":69990,"comment_status":"closed","ping_status":"closed","sticky":false,"template":"","format":"standard","meta":{"footnotes":""},"categories":[50,11],"tags":[],"class_list":["post-70024","post","type-post","status-publish","format-standard","has-post-thumbnail","hentry","category-opinion","category-cultura"],"_links":{"self":[{"href":"https:\/\/www.uv.mx\/prensa\/wp-json\/wp\/v2\/posts\/70024","targetHints":{"allow":["GET"]}}],"collection":[{"href":"https:\/\/www.uv.mx\/prensa\/wp-json\/wp\/v2\/posts"}],"about":[{"href":"https:\/\/www.uv.mx\/prensa\/wp-json\/wp\/v2\/types\/post"}],"author":[{"embeddable":true,"href":"https:\/\/www.uv.mx\/prensa\/wp-json\/wp\/v2\/users\/1775"}],"replies":[{"embeddable":true,"href":"https:\/\/www.uv.mx\/prensa\/wp-json\/wp\/v2\/comments?post=70024"}],"version-history":[{"count":0,"href":"https:\/\/www.uv.mx\/prensa\/wp-json\/wp\/v2\/posts\/70024\/revisions"}],"wp:featuredmedia":[{"embeddable":true,"href":"https:\/\/www.uv.mx\/prensa\/wp-json\/wp\/v2\/media\/69990"}],"wp:attachment":[{"href":"https:\/\/www.uv.mx\/prensa\/wp-json\/wp\/v2\/media?parent=70024"}],"wp:term":[{"taxonomy":"category","embeddable":true,"href":"https:\/\/www.uv.mx\/prensa\/wp-json\/wp\/v2\/categories?post=70024"},{"taxonomy":"post_tag","embeddable":true,"href":"https:\/\/www.uv.mx\/prensa\/wp-json\/wp\/v2\/tags?post=70024"}],"curies":[{"name":"wp","href":"https:\/\/api.w.org\/{rel}","templated":true}]}}