{"id":70023,"date":"2019-06-22T08:00:53","date_gmt":"2019-06-22T13:00:53","guid":{"rendered":"https:\/\/www.uv.mx\/prensa\/?p=70023"},"modified":"2019-06-21T18:43:29","modified_gmt":"2019-06-21T23:43:29","slug":"finaliza-el-ciclo-de-cine-hirokazu-koreeda","status":"publish","type":"post","link":"https:\/\/www.uv.mx\/prensa\/cultura\/finaliza-el-ciclo-de-cine-hirokazu-koreeda\/","title":{"rendered":"Finaliza el ciclo de cine <em>Hirokazu Koreeda<\/em>"},"content":{"rendered":"<ul>\n<li data-leveltext=\"\uf0b7\" data-font=\"Symbol\" data-listid=\"1\" data-aria-posinset=\"1\" data-aria-level=\"1\"><span data-contrast=\"auto\">De tal padre, tal hijo <\/span><i><span data-contrast=\"auto\">y<\/span><\/i><span data-contrast=\"auto\"> Nuestra peque\u00f1a hermana<\/span> <i><span data-contrast=\"auto\">cierran las proyecciones<\/span><\/i><span data-ccp-props=\"{&quot;134233279&quot;:true,&quot;201341983&quot;:0,&quot;335559739&quot;:160,&quot;335559740&quot;:240}\">\u00a0<\/span><\/li>\n<li data-leveltext=\"\uf0b7\" data-font=\"Symbol\" data-listid=\"1\" data-aria-posinset=\"2\" data-aria-level=\"1\"><i><span data-contrast=\"auto\">Se exhibir\u00e1n e<\/span><\/i><i><span data-contrast=\"auto\">l lunes 24 y mi\u00e9rcoles 26 de junio, respectivamente, a las 18:00<\/span><\/i><i><span data-contrast=\"auto\"> horas, en el Aula Clavijero<\/span><\/i><\/li>\n<\/ul>\n<p>&nbsp;<\/p>\n<div id=\"attachment_68923\" style=\"width: 732px\" class=\"wp-caption aligncenter\"><a href=\"https:\/\/www.uv.mx\/prensa\/files\/2019\/05\/300519-Aula-Clavijero.jpg\"><img loading=\"lazy\" decoding=\"async\" aria-describedby=\"caption-attachment-68923\" class=\"size-full wp-image-68923\" src=\"https:\/\/www.uv.mx\/prensa\/files\/2019\/05\/300519-Aula-Clavijero.jpg\" alt=\"\" width=\"722\" height=\"286\" srcset=\"https:\/\/www.uv.mx\/prensa\/files\/2019\/05\/300519-Aula-Clavijero.jpg 722w, https:\/\/www.uv.mx\/prensa\/files\/2019\/05\/300519-Aula-Clavijero-300x119.jpg 300w\" sizes=\"auto, (max-width: 722px) 100vw, 722px\" \/><\/a><p id=\"caption-attachment-68923\" class=\"wp-caption-text\">Cartel del ciclo <em>Hirokazu Koreeda<\/em><\/p><\/div>\n<p>&nbsp;<\/p>\n<p><b><i><span data-contrast=\"auto\">Roberto Ortiz Escobar<\/span><\/i><\/b><span data-ccp-props=\"{&quot;201341983&quot;:0,&quot;335559739&quot;:160,&quot;335559740&quot;:240}\">\u00a0<\/span><\/p>\n<p><b><i><span data-contrast=\"auto\">22\/06\/19, Xalapa, Ver.- <\/span><\/i><\/b><span data-contrast=\"auto\">Con dos de sus mejores obras termina el ciclo <\/span><i><span data-contrast=\"auto\">Hirokazu<\/span><\/i> <i><span data-contrast=\"auto\">Koreeda<\/span><\/i><span data-contrast=\"auto\">, programado en junio por <\/span><span data-contrast=\"auto\">el Departamento <\/span><span data-contrast=\"auto\">de Cinematograf\u00eda de la Universidad Veracruzana. Se trata de <\/span><i><span data-contrast=\"auto\">De tal padre<\/span><\/i><span data-contrast=\"auto\">,<\/span><i><span data-contrast=\"auto\"> tal hijo<\/span><\/i><span data-contrast=\"auto\"> (<\/span><i><span data-contrast=\"auto\">Soshite chichi ni Naru<\/span><\/i><span data-contrast=\"auto\">, Jap\u00f3n, 2013) y <\/span><i><span data-contrast=\"auto\">Nuestra peque\u00f1a hermana<\/span><\/i><span data-contrast=\"auto\"> (<\/span><i><span data-contrast=\"auto\">Umimachi Diary<\/span><\/i><span data-contrast=\"auto\">, Jap\u00f3n, 2015), cintas que abordan el tema de la familia con problem\u00e1ticas diferentes.<\/span><span data-ccp-props=\"{&quot;201341983&quot;:0,&quot;335559739&quot;:160,&quot;335559740&quot;:240}\">\u00a0<\/span><\/p>\n<p><span data-contrast=\"auto\">Mientras <\/span><i><span data-contrast=\"auto\">De tal padre<\/span><\/i><span data-contrast=\"auto\">,<\/span><i><span data-contrast=\"auto\"> tal hijo<\/span><\/i><span data-contrast=\"auto\"> nos remite a la posibilidad<\/span> <span data-contrast=\"auto\">paterna<\/span> <span data-contrast=\"auto\">de desprendimiento<\/span><span data-contrast=\"auto\"> del <\/span><span data-contrast=\"auto\">lazo consangu\u00edneo, <\/span><i><span data-contrast=\"auto\">Nuestra peque\u00f1a hermana<\/span><\/i><span data-contrast=\"auto\"> apela a la conciliaci\u00f3n de varias hermanas<\/span><span data-contrast=\"auto\">, no obstante el <\/span><span data-contrast=\"auto\">alejamiento de<\/span><span data-contrast=\"auto\"> los padres. <\/span><span data-contrast=\"auto\">Con poca distancia de tiempo en <\/span><span data-contrast=\"auto\">cuanto a producci\u00f3n, ambas <\/span><span data-contrast=\"auto\">son parte de una filmograf\u00eda <\/span><span data-contrast=\"auto\">de primera l\u00ednea sobre el comportamient<\/span><span data-contrast=\"auto\">o familiar en el \u00e1mbito actual, sostenida<\/span><span data-contrast=\"auto\">s<\/span><span data-contrast=\"auto\"> con <\/span><span data-contrast=\"auto\">el <\/span><span data-contrast=\"auto\">rigor y sensibilidad <\/span><span data-contrast=\"auto\">habituales del <\/span><span data-contrast=\"auto\">japon\u00e9s <\/span><span data-contrast=\"auto\">Hirokazu<\/span> <span data-contrast=\"auto\">Koreeda<\/span><span data-contrast=\"auto\">.<\/span><span data-ccp-props=\"{&quot;201341983&quot;:0,&quot;335559731&quot;:708,&quot;335559739&quot;:160,&quot;335559740&quot;:240}\">\u00a0<\/span><\/p>\n<p><span data-contrast=\"auto\">En <\/span><i><span data-contrast=\"auto\">De tal padre, tal hijo<\/span><\/i><span data-contrast=\"auto\">, detr\u00e1s de su<\/span><span data-contrast=\"auto\"> hermetismo y formalidad<\/span><span data-contrast=\"auto\">, <\/span><span data-contrast=\"auto\">Ryota (Masaharu Fukuyama)<\/span> <span data-contrast=\"auto\">descubre <\/span><span data-contrast=\"auto\">que su verdadero hijo fue cam<\/span><span data-contrast=\"auto\">biado por otro en el<\/span><span data-contrast=\"auto\"> hospital donde naci\u00f3, viviendo <\/span><span data-contrast=\"auto\">su hijo de sangre <\/span><span data-contrast=\"auto\">con otras personas<\/span><span data-contrast=\"auto\">. Su severidad lo enfrenta<\/span> <span data-contrast=\"auto\">al padre de su <\/span><span data-contrast=\"auto\">hijo, quien despliega un comportamiento <\/span><span data-contrast=\"auto\">de mayor relajamiento. <\/span><span data-contrast=\"auto\">Aunque <\/span><span data-contrast=\"auto\">el sacudimiento es <\/span><span data-contrast=\"auto\">mayor, <\/span><span data-contrast=\"auto\">Ryota deber\u00e1 <\/span><span data-contrast=\"auto\">reformular el <\/span><span data-contrast=\"auto\">camino andado para evaluar <\/span><span data-contrast=\"auto\">de otra manera las nuevas circunstancias <\/span><span data-contrast=\"auto\">que rebasan su voluntad<\/span><span data-contrast=\"auto\">.<\/span><span data-ccp-props=\"{&quot;201341983&quot;:0,&quot;335559731&quot;:708,&quot;335559739&quot;:160,&quot;335559740&quot;:240}\">\u00a0<\/span><\/p>\n<p><span data-contrast=\"auto\">E<\/span><span data-contrast=\"auto\">l <\/span><span data-contrast=\"auto\">guion<\/span><span data-contrast=\"auto\"> del director interroga sobre <\/span><span data-contrast=\"auto\">el papel actual de la paternidad, la forma de educar <\/span><span data-contrast=\"auto\">a <\/span><span data-contrast=\"auto\">los hijos, las relaciones de afecto y <\/span><span data-contrast=\"auto\">la posible relatividad<\/span><span data-contrast=\"auto\"> del lazo sangu\u00edneo como impronta definitiva de la relaci\u00f3n filial. <\/span><span data-contrast=\"auto\">En su momento, <\/span><i><span data-contrast=\"auto\">De tal padre, tal hijo<\/span><\/i><span data-contrast=\"auto\"> recibi\u00f3 el premio del jurado en el Festival de Cannes y el premio del p\u00fablico en el Festiv<\/span><span data-contrast=\"auto\">al de San Sebasti\u00e1n.<\/span><span data-ccp-props=\"{&quot;201341983&quot;:0,&quot;335559731&quot;:708,&quot;335559739&quot;:160,&quot;335559740&quot;:240}\">\u00a0<\/span><\/p>\n<p><span data-contrast=\"auto\">Sobre una<\/span><span data-contrast=\"auto\"> familia <\/span><span data-contrast=\"auto\">r<\/span><span data-contrast=\"auto\">econfigurada <\/span><span data-contrast=\"auto\">trata <\/span><i><span data-contrast=\"auto\">Nuestra peque\u00f1a hermana<\/span><\/i><span data-contrast=\"auto\">, conmovedora historia sobre tres hermanas que despu\u00e9s de asistir <\/span><span data-contrast=\"auto\">al funeral del padr<\/span><span data-contrast=\"auto\">e que las abandon\u00f3 cuando ni\u00f1as, <\/span><span data-contrast=\"auto\">conocen y rescatan a una<\/span><span data-contrast=\"auto\"> hermanastra <\/span><span data-contrast=\"auto\">peque\u00f1a <\/span><span data-contrast=\"auto\">(<\/span><span data-contrast=\"auto\">hija del padre con otra mujer<\/span><span data-contrast=\"auto\">)<\/span><span data-contrast=\"auto\">, <\/span><span data-contrast=\"auto\">integr\u00e1ndola<\/span><span data-contrast=\"auto\"> al espacio cotidiano <\/span><span data-contrast=\"auto\">donde vive<\/span><span data-contrast=\"auto\">n<\/span><span data-contrast=\"auto\">. De nueva cuenta Koreeda aborda los pormenores de la familia, en este caso de varias h<\/span><span data-contrast=\"auto\">ijas luchando por salir airosas<\/span><span data-contrast=\"auto\"> por s\u00ed<\/span> <span data-contrast=\"auto\">mismas, a pesar de<\/span><span data-contrast=\"auto\"> la separaci\u00f3n y la ausencia de los <\/span><span data-contrast=\"auto\">p<\/span><span data-contrast=\"auto\">adres<\/span><span data-contrast=\"auto\">.<\/span><span data-ccp-props=\"{&quot;201341983&quot;:0,&quot;335559731&quot;:708,&quot;335559739&quot;:160,&quot;335559740&quot;:240}\">\u00a0<\/span><\/p>\n<p><span data-contrast=\"auto\">M<\/span><span data-contrast=\"auto\">ediante una an\u00e9cdota sencilla <\/span><span data-contrast=\"auto\">en la que se <\/span><span data-contrast=\"auto\">descubre el devenir de la vida a trav\u00e9s de la cotidi<\/span><span data-contrast=\"auto\">anidad en espacios del presente<\/span><span data-contrast=\"auto\"> asaltado<\/span><span data-contrast=\"auto\">s frecue<\/span><span data-contrast=\"auto\">ntemente<\/span><span data-contrast=\"auto\"> por el<\/span><span data-contrast=\"auto\"> pasado nost\u00e1lgico o hiriente, <\/span><span data-contrast=\"auto\">se abre un mundo vital de la existencia humana en una familia que aprende en la intimidad a entablar rel<\/span><span data-contrast=\"auto\">aciones, convivir y procurar <\/span><span data-contrast=\"auto\">amor. <\/span><span data-contrast=\"auto\">Entra\u00f1able cinta de Koreeda que, al igual que <\/span><i><span data-contrast=\"auto\">De tal padre, tal hijo<\/span><\/i><span data-contrast=\"auto\">, recibi\u00f3 el Premio del P<\/span><span data-contrast=\"auto\">\u00fablico en el Festival de San Sebasti\u00e1n.<\/span><span data-ccp-props=\"{&quot;201341983&quot;:0,&quot;335559731&quot;:708,&quot;335559739&quot;:160,&quot;335559740&quot;:240}\">\u00a0<\/span><\/p>\n<p><i><span data-contrast=\"auto\">De tal padre, tal hijo<\/span><\/i><span data-contrast=\"auto\"> y <\/span><i><span data-contrast=\"auto\">Nuestra peque\u00f1a hermana<\/span><\/i><span data-contrast=\"auto\"> se exhiben en el Aula Clavijero ubicada en la calle Ju\u00e1rez 55, en el centro de Xalapa, el lunes 24 y mi\u00e9rcoles 26 de junio, respectivamente, a las 18:00 horas.<\/span><\/p>\n","protected":false},"excerpt":{"rendered":"<p>Las pel\u00edculas del director japon\u00e9s son parte de una filmograf\u00eda de primera l\u00ednea sobre el comportamiento familiar en el \u00e1mbito actual, abordado con rigor y sensibilidad<\/p>\n","protected":false},"author":1508,"featured_media":70028,"comment_status":"closed","ping_status":"closed","sticky":false,"template":"","format":"standard","meta":{"footnotes":""},"categories":[11,61],"tags":[],"class_list":["post-70023","post","type-post","status-publish","format-standard","has-post-thumbnail","hentry","category-cultura","category-banner"],"_links":{"self":[{"href":"https:\/\/www.uv.mx\/prensa\/wp-json\/wp\/v2\/posts\/70023","targetHints":{"allow":["GET"]}}],"collection":[{"href":"https:\/\/www.uv.mx\/prensa\/wp-json\/wp\/v2\/posts"}],"about":[{"href":"https:\/\/www.uv.mx\/prensa\/wp-json\/wp\/v2\/types\/post"}],"author":[{"embeddable":true,"href":"https:\/\/www.uv.mx\/prensa\/wp-json\/wp\/v2\/users\/1508"}],"replies":[{"embeddable":true,"href":"https:\/\/www.uv.mx\/prensa\/wp-json\/wp\/v2\/comments?post=70023"}],"version-history":[{"count":0,"href":"https:\/\/www.uv.mx\/prensa\/wp-json\/wp\/v2\/posts\/70023\/revisions"}],"wp:featuredmedia":[{"embeddable":true,"href":"https:\/\/www.uv.mx\/prensa\/wp-json\/wp\/v2\/media\/70028"}],"wp:attachment":[{"href":"https:\/\/www.uv.mx\/prensa\/wp-json\/wp\/v2\/media?parent=70023"}],"wp:term":[{"taxonomy":"category","embeddable":true,"href":"https:\/\/www.uv.mx\/prensa\/wp-json\/wp\/v2\/categories?post=70023"},{"taxonomy":"post_tag","embeddable":true,"href":"https:\/\/www.uv.mx\/prensa\/wp-json\/wp\/v2\/tags?post=70023"}],"curies":[{"name":"wp","href":"https:\/\/api.w.org\/{rel}","templated":true}]}}