{"id":70016,"date":"2019-06-23T08:00:04","date_gmt":"2019-06-23T13:00:04","guid":{"rendered":"https:\/\/www.uv.mx\/prensa\/?p=70016"},"modified":"2019-06-21T17:58:36","modified_gmt":"2019-06-21T22:58:36","slug":"estudiantes-de-artes-plasticas-exponen-en-el-jardin-de-las-esculturas","status":"publish","type":"post","link":"https:\/\/www.uv.mx\/prensa\/cultura\/estudiantes-de-artes-plasticas-exponen-en-el-jardin-de-las-esculturas\/","title":{"rendered":"Estudiantes de Artes Pl\u00e1sticas exponen en el Jard\u00edn de las Esculturas\u00a0"},"content":{"rendered":"<ul>\n<li data-leveltext=\"\uf0b7\" data-font=\"Symbol\" data-listid=\"1\" data-aria-posinset=\"1\" data-aria-level=\"1\"><i><span data-contrast=\"auto\">L<\/span><\/i><i><span data-contrast=\"auto\">a muestra <\/span><\/i><span data-contrast=\"auto\">INTERNACIONaLIZARTE<\/span><i><span data-contrast=\"auto\"> estar\u00e1 abierta al p\u00fablico<\/span><\/i><i><span data-contrast=\"auto\"> hasta el 28 de junio<\/span><\/i><span data-ccp-props=\"{&quot;134233279&quot;:true}\">\u00a0<\/span><\/li>\n<li data-leveltext=\"\uf0b7\" data-font=\"Symbol\" data-listid=\"1\" data-aria-posinset=\"2\" data-aria-level=\"1\"><i><span data-contrast=\"auto\">Son <\/span><\/i><i><span data-contrast=\"auto\">materiales did\u00e1cticos elaborados por los j\u00f3venes a partir de la visita de campo que realizaron a la comunidad El Conejo, en el municipio de Perote<\/span><\/i><span data-ccp-props=\"{&quot;134233279&quot;:true}\">\u00a0<\/span><\/li>\n<\/ul>\n<p><span data-ccp-props=\"{}\">\u00a0<\/span><\/p>\n<div id=\"attachment_69901\" style=\"width: 732px\" class=\"wp-caption aligncenter\"><a href=\"https:\/\/www.uv.mx\/prensa\/files\/2019\/06\/190619-Internacionalizarte-1.jpg\"><img loading=\"lazy\" decoding=\"async\" aria-describedby=\"caption-attachment-69901\" class=\"size-full wp-image-69901\" src=\"https:\/\/www.uv.mx\/prensa\/files\/2019\/06\/190619-Internacionalizarte-1.jpg\" alt=\"\" width=\"722\" height=\"481\" srcset=\"https:\/\/www.uv.mx\/prensa\/files\/2019\/06\/190619-Internacionalizarte-1.jpg 722w, https:\/\/www.uv.mx\/prensa\/files\/2019\/06\/190619-Internacionalizarte-1-300x200.jpg 300w\" sizes=\"auto, (max-width: 722px) 100vw, 722px\" \/><\/a><p id=\"caption-attachment-69901\" class=\"wp-caption-text\">Funcionarios universitarios inauguraron la exposici\u00f3n<\/p><\/div>\n<p>&nbsp;<\/p>\n<p><b><i><span data-contrast=\"auto\">Paola Cort\u00e9s P\u00e9rez<\/span><\/i><\/b><span data-ccp-props=\"{}\">\u00a0<\/span><\/p>\n<p><b><i><span data-contrast=\"auto\">2<\/span><\/i><\/b><b><i><span data-contrast=\"auto\">3<\/span><\/i><\/b><b><i><span data-contrast=\"auto\">\/06\/19, Xalapa, Ver.-<\/span><\/i><\/b><span data-contrast=\"auto\"> Estudiantes y profesores de la Facultad de Artes Pl\u00e1sticas (FAP) de la Universidad Veracruzana (UV) inauguraron la exposici\u00f3n <\/span><i><span data-contrast=\"auto\">INTERNACIONaLIZARTE<\/span><\/i><i><span data-contrast=\"auto\">. Explorando la cultura<\/span><\/i><span data-contrast=\"auto\">, la noche del martes 18 de junio, la cual estar\u00e1 abierta al p\u00fablico hasta el 28 del mismo mes en el Jard\u00edn de las Esculturas del Instituto Veracruzano de la Cultura (<\/span><i><span data-contrast=\"auto\">Ivec<\/span><\/i><span data-contrast=\"auto\">).<\/span><span data-ccp-props=\"{}\">\u00a0<\/span><\/p>\n<p><span data-contrast=\"auto\">La ceremonia fue pre<\/span><span data-contrast=\"auto\">si<\/span><span data-contrast=\"auto\">dida por el director general del \u00c1rea Acad\u00e9mica de Artes, Miguel Flores Covarrubias; la directora de la FAP, Ana Gabriela Ram\u00edrez Liz\u00e1rraga; integrantes del cuerpo acad\u00e9mico (CA) Arte y Transdisciplina; as\u00ed como funcionarios del Ayuntamiento de Perote, estudiantes y p\u00fablico en general.<\/span><span data-ccp-props=\"{&quot;335559731&quot;:708}\">\u00a0<\/span><\/p>\n<p><span data-contrast=\"auto\">La exposici\u00f3n forma parte del proyecto desarrollado por el mencionado CA en colaboraci\u00f3n con el Voluntariado UV y el Departamento de Internacionalizaci\u00f3n de la Direcci\u00f3n General de Relaciones Internacionales (DGRI) de esta casa de estudios. Consisti\u00f3 en una pr\u00e1ctica de campo en El Conejo, municipio de Perote, donde participaron 70 estudiantes\u00a0<\/span><span data-ccp-props=\"{&quot;335559731&quot;:708}\">\u00a0<\/span><\/p>\n<p><span data-contrast=\"auto\">Durante la visita a la comunidad, los universitarios interactuaron con los <\/span><span data-contrast=\"auto\">lugare\u00f1os <\/span><span data-contrast=\"auto\">y con los estudiantes que prestan su servicio social en la Casa UV El Conejo, as\u00ed como con los profesores y estudiantes de la Escuela Primaria \u201cCarlos A. Carrillo\u201d, con la finalidad de identificar los principales problemas pedag\u00f3gicos que enfrentan.<\/span><span data-ccp-props=\"{&quot;335559731&quot;:708}\">\u00a0<\/span><\/p>\n<p><span data-contrast=\"auto\">A partir de esta visita, los universitarios dise\u00f1aron 12 recursos did\u00e1cticos que fueron dados a conocer a la comunidad y est\u00e1n en exhibici\u00f3n en el Jard\u00edn de las Esculturas, <\/span><span data-contrast=\"auto\">cuyo<\/span><span data-contrast=\"auto\"> objetivo <\/span><span data-contrast=\"auto\">es <\/span><span data-contrast=\"auto\">impactar en la formaci\u00f3n de los ni\u00f1os, al mismo tiempo que destacan el entorno de su comunidad.<\/span><span data-ccp-props=\"{&quot;335559731&quot;:708}\">\u00a0<\/span><\/p>\n<p>&nbsp;<\/p>\n<div id=\"attachment_69900\" style=\"width: 732px\" class=\"wp-caption aligncenter\"><a href=\"https:\/\/www.uv.mx\/prensa\/files\/2019\/06\/190619-Internacionalizarte-2.jpg\"><img loading=\"lazy\" decoding=\"async\" aria-describedby=\"caption-attachment-69900\" class=\"size-full wp-image-69900\" src=\"https:\/\/www.uv.mx\/prensa\/files\/2019\/06\/190619-Internacionalizarte-2.jpg\" alt=\"\" width=\"722\" height=\"481\" srcset=\"https:\/\/www.uv.mx\/prensa\/files\/2019\/06\/190619-Internacionalizarte-2.jpg 722w, https:\/\/www.uv.mx\/prensa\/files\/2019\/06\/190619-Internacionalizarte-2-300x200.jpg 300w\" sizes=\"auto, (max-width: 722px) 100vw, 722px\" \/><\/a><p id=\"caption-attachment-69900\" class=\"wp-caption-text\">Estudiantes mexicanos y extranjeros elaboraron materiales did\u00e1cticos<\/p><\/div>\n<p>&nbsp;<\/p>\n<p><span data-contrast=\"auto\">La presentaci\u00f3n del material se dividi\u00f3 en dos etapas: la primera se hizo en el Foro Internacional de Estudiantes, y la segunda es la inauguraci\u00f3n de<\/span><span data-contrast=\"auto\"> la exposici\u00f3n de los proyectos, realizados por estudiantes de la FAP y ocho estudiantes extranjeros que hicieron movilidad en la UV.<\/span><span data-ccp-props=\"{&quot;335559731&quot;:708}\">\u00a0<\/span><\/p>\n<p><span data-contrast=\"auto\">Miguel Flores coment\u00f3 que esta exposici\u00f3n constata que el CA Arte y Transdisciplina ha desarrollado actividades significativas que aportan herramientas \u00fatiles a los universitarios <\/span><span data-contrast=\"auto\">y <\/span><span data-contrast=\"auto\">les ayud<\/span><span data-contrast=\"auto\">a<\/span><span data-contrast=\"auto\">n a enfrentar la realidad.<\/span><span data-ccp-props=\"{&quot;335559731&quot;:708}\">\u00a0<\/span><\/p>\n<p><span data-contrast=\"auto\">\u201cEn este proyecto, los estudiantes fueron acompa\u00f1ados por los profesores durante todo el proceso, obteniendo <\/span><span data-contrast=\"auto\">resultados de muy alta calidad.<\/span><span data-ccp-props=\"{&quot;335559731&quot;:708}\">\u00a0<\/span><\/p>\n<p><span data-contrast=\"auto\">\u201dAdem\u00e1s, con esto se benefici\u00f3 al municipio en cuanto a cuestiones de identidad; los alumnos adquirieron m\u00e1s conocimientos al tener nuevas interacciones, y los profesores obtienen m\u00e1s ideas para fortalecer la formaci\u00f3n de los alumnos.\u201d<\/span><span data-ccp-props=\"{&quot;335559731&quot;:708}\">\u00a0<\/span><\/p>\n<p><span data-contrast=\"auto\">Al respect<\/span><span data-contrast=\"auto\">o, Ana Gabriela Ram\u00edrez dijo: \u201cC<\/span><span data-contrast=\"auto\">on este proyecto han aprendido de una comunidad y est\u00e1n aportando a ella, en esto consiste la formaci\u00f3n integral de nuestros estudiantes, y la exposici\u00f3n es uno de los frutos que tenemos que festejar y felicitarlos por atreverse a hacer cosas arriesgadas\u201d.<\/span><span data-ccp-props=\"{&quot;335559731&quot;:708}\">\u00a0<\/span><\/p>\n<p><span data-contrast=\"auto\">Por \u00faltimo, <\/span><span data-contrast=\"auto\">Ang\u00e9lica Morales Galicia, <\/span><span data-contrast=\"auto\">s<\/span><span data-contrast=\"auto\">egunda <\/span><span data-contrast=\"auto\">r<\/span><span data-contrast=\"auto\">egidora del Ayuntamiento de Perote, mencion\u00f3 que <\/span><span data-contrast=\"auto\">el objetivo de la FAP con este proyecto fue empoderar a los alumnos de educaci\u00f3n b\u00e1sica para repensa<\/span><span data-contrast=\"auto\">r el mundo <\/span><span data-contrast=\"auto\">mediante un pensamiento cr\u00edtico, anal\u00edtico y reflexivo, al ense\u00f1arles a elegir conscientemente sus valores y concepciones del mundo y sus vidas.<\/span><span data-ccp-props=\"{&quot;335559731&quot;:708}\">\u00a0<\/span><\/p>\n<p><span data-contrast=\"auto\">\u201cPara nosotros es importante que la UV colabor<\/span><span data-contrast=\"auto\">e<\/span><span data-contrast=\"auto\"> con nuestro municipio, as\u00ed q<\/span><span data-contrast=\"auto\">ue no queda m\u00e1s que agradecerle<\/span><span data-contrast=\"auto\"> por el trabajo realizado por los universitarios\u201d, destac\u00f3.<\/span><span data-ccp-props=\"{&quot;335559731&quot;:708}\">\u00a0<\/span><\/p>\n<p><span data-contrast=\"auto\">Cabe mencionar que los estudiantes de la Facultad de Danza, Fernando Jorge Olmeda y H\u00e9ctor Peralta Barrios, con maquillaje <\/span><i><span data-contrast=\"auto\">bodypaint<\/span><\/i><span data-contrast=\"auto\"> dise\u00f1ado por Miriam Magali Acosta <\/span><span data-contrast=\"auto\">Colosial<\/span><span data-contrast=\"auto\">, estudiante de la Licenciatura en Artes Visuales, presentaron el <\/span><i><span data-contrast=\"auto\">performance<\/span><\/i> <i><span data-contrast=\"auto\">Ojos invisibles<\/span><\/i><span data-contrast=\"auto\">, con el que se dio paso a disfrutar de la exposici\u00f3n.<\/span><span data-ccp-props=\"{&quot;335559731&quot;:708}\">\u00a0<\/span><\/p>\n<div id=\"attachment_69899\" style=\"width: 732px\" class=\"wp-caption aligncenter\"><a href=\"https:\/\/www.uv.mx\/prensa\/files\/2019\/06\/190619-Internacionalizarte-3.jpg\"><img loading=\"lazy\" decoding=\"async\" aria-describedby=\"caption-attachment-69899\" class=\"size-full wp-image-69899\" src=\"https:\/\/www.uv.mx\/prensa\/files\/2019\/06\/190619-Internacionalizarte-3.jpg\" alt=\"\" width=\"722\" height=\"481\" srcset=\"https:\/\/www.uv.mx\/prensa\/files\/2019\/06\/190619-Internacionalizarte-3.jpg 722w, https:\/\/www.uv.mx\/prensa\/files\/2019\/06\/190619-Internacionalizarte-3-300x200.jpg 300w\" sizes=\"auto, (max-width: 722px) 100vw, 722px\" \/><\/a><p id=\"caption-attachment-69899\" class=\"wp-caption-text\">Alumnos de la Facultad de Danza presentaron el <em>performance Ojos invisibles<\/em><\/p><\/div>\n","protected":false},"excerpt":{"rendered":"<p><em>INTERNACIONaLIZARTE. Explorando la cultura<\/em> estar\u00e1 abierta al p\u00fablico hasta el 28 de junio\u00a0<\/p>\n","protected":false},"author":1869,"featured_media":69899,"comment_status":"closed","ping_status":"closed","sticky":false,"template":"","format":"standard","meta":{"footnotes":""},"categories":[11],"tags":[],"class_list":["post-70016","post","type-post","status-publish","format-standard","has-post-thumbnail","hentry","category-cultura"],"_links":{"self":[{"href":"https:\/\/www.uv.mx\/prensa\/wp-json\/wp\/v2\/posts\/70016","targetHints":{"allow":["GET"]}}],"collection":[{"href":"https:\/\/www.uv.mx\/prensa\/wp-json\/wp\/v2\/posts"}],"about":[{"href":"https:\/\/www.uv.mx\/prensa\/wp-json\/wp\/v2\/types\/post"}],"author":[{"embeddable":true,"href":"https:\/\/www.uv.mx\/prensa\/wp-json\/wp\/v2\/users\/1869"}],"replies":[{"embeddable":true,"href":"https:\/\/www.uv.mx\/prensa\/wp-json\/wp\/v2\/comments?post=70016"}],"version-history":[{"count":0,"href":"https:\/\/www.uv.mx\/prensa\/wp-json\/wp\/v2\/posts\/70016\/revisions"}],"wp:featuredmedia":[{"embeddable":true,"href":"https:\/\/www.uv.mx\/prensa\/wp-json\/wp\/v2\/media\/69899"}],"wp:attachment":[{"href":"https:\/\/www.uv.mx\/prensa\/wp-json\/wp\/v2\/media?parent=70016"}],"wp:term":[{"taxonomy":"category","embeddable":true,"href":"https:\/\/www.uv.mx\/prensa\/wp-json\/wp\/v2\/categories?post=70016"},{"taxonomy":"post_tag","embeddable":true,"href":"https:\/\/www.uv.mx\/prensa\/wp-json\/wp\/v2\/tags?post=70016"}],"curies":[{"name":"wp","href":"https:\/\/api.w.org\/{rel}","templated":true}]}}