{"id":70012,"date":"2019-06-23T08:00:14","date_gmt":"2019-06-23T13:00:14","guid":{"rendered":"https:\/\/www.uv.mx\/prensa\/?p=70012"},"modified":"2019-06-21T17:51:02","modified_gmt":"2019-06-21T22:51:02","slug":"temas-fundamentales-han-dejado-de-investigarse-ernesto-trevino","status":"publish","type":"post","link":"https:\/\/www.uv.mx\/prensa\/general\/temas-fundamentales-han-dejado-de-investigarse-ernesto-trevino\/","title":{"rendered":"Temas fundamentales han dejado de investigarse: Ernesto Trevi\u00f1o"},"content":{"rendered":"<ul>\n<li data-leveltext=\"\uf0b7\" data-font=\"Symbol\" data-listid=\"2\" data-aria-posinset=\"1\" data-aria-level=\"1\"><i><span data-contrast=\"none\">I<\/span><\/i><i><span data-contrast=\"none\">nvestigadores <\/span><\/i><i><span data-contrast=\"none\">latinoamericanos <\/span><\/i><i><span data-contrast=\"none\">se reunir\u00e1<\/span><\/i><i><span data-contrast=\"none\">n<\/span><\/i><i><span data-contrast=\"none\"> en el IIH-S de la UV para debatir <\/span><\/i><i><span data-contrast=\"none\">sobre la<\/span><\/i><i><span data-contrast=\"none\"> producci\u00f3n de conocimiento y el <\/span><\/i><i><span data-contrast=\"none\">neoliberalismo en Latinoam\u00e9rica<\/span><\/i><span data-ccp-props=\"{&quot;134233279&quot;:true,&quot;201341983&quot;:0,&quot;335559739&quot;:160,&quot;335559740&quot;:240}\">\u00a0<\/span><\/li>\n<\/ul>\n<p><span data-ccp-props=\"{&quot;201341983&quot;:0,&quot;335559739&quot;:160,&quot;335559740&quot;:240}\">\u00a0<\/span><\/p>\n<div id=\"attachment_69891\" style=\"width: 732px\" class=\"wp-caption aligncenter\"><a href=\"https:\/\/www.uv.mx\/prensa\/files\/2019\/06\/190619-Ernesto-TreviNo-1.jpg\"><img loading=\"lazy\" decoding=\"async\" aria-describedby=\"caption-attachment-69891\" class=\"size-full wp-image-69891\" src=\"https:\/\/www.uv.mx\/prensa\/files\/2019\/06\/190619-Ernesto-TreviNo-1.jpg\" alt=\"\" width=\"722\" height=\"481\" srcset=\"https:\/\/www.uv.mx\/prensa\/files\/2019\/06\/190619-Ernesto-TreviNo-1.jpg 722w, https:\/\/www.uv.mx\/prensa\/files\/2019\/06\/190619-Ernesto-TreviNo-1-300x200.jpg 300w\" sizes=\"auto, (max-width: 722px) 100vw, 722px\" \/><\/a><p id=\"caption-attachment-69891\" class=\"wp-caption-text\">Ernesto Trevi\u00f1o coordina la s\u00e9ptima edici\u00f3n de Giros Te\u00f3ricos<\/p><\/div>\n<p><i><\/i><span data-ccp-props=\"{&quot;201341983&quot;:0,&quot;335559739&quot;:160,&quot;335559740&quot;:240}\"><br \/>\n<\/span><\/p>\n<p><span data-ccp-props=\"{&quot;201341983&quot;:0,&quot;335559739&quot;:160,&quot;335559740&quot;:240}\">\u00a0<\/span><\/p>\n<p><b><i><span data-contrast=\"none\">Karina de la Paz Reyes D\u00edaz<\/span><\/i><\/b><span data-ccp-props=\"{&quot;134233279&quot;:true,&quot;201341983&quot;:0,&quot;335559739&quot;:160,&quot;335559740&quot;:240}\">\u00a0<\/span><\/p>\n<p><b><i><span data-contrast=\"none\">2<\/span><\/i><\/b><b><i><span data-contrast=\"none\">3<\/span><\/i><\/b><b><i><span data-contrast=\"none\">\/06\/19, Xalapa, Ver.- <\/span><\/i><\/b><span data-contrast=\"none\">Para Ernesto Trevi\u00f1o Ronz\u00f3n, acad\u00e9mico del Instituto de Investigaciones Hist\u00f3rico-Sociales (IIH-S) de la Universidad Veracruzana (UV), hay investigaciones que son incentivadas desde la perspectiva del mercado neoliberal, pero hay otras, igualmente importantes, que son relegadas, como la pobreza y la exclusi\u00f3n.<\/span><span data-ccp-props=\"{&quot;134233279&quot;:true,&quot;201341983&quot;:0,&quot;335559739&quot;:160,&quot;335559740&quot;:240}\">\u00a0<\/span><\/p>\n<p><span data-contrast=\"none\">El tambi\u00e9n C<\/span><span data-contrast=\"none\">oordinador de la Maestr\u00eda en Ciencias Sociales<\/span><span data-contrast=\"none\">, anunci\u00f3 que del 26 al 28 de junio una treintena de acad\u00e9micos latinoamericanos se reunir\u00e1n en el I<\/span><span data-contrast=\"none\">IH-S de la UV<\/span><span data-contrast=\"none\"> para desarrollar la <\/span><span data-contrast=\"none\">s\u00e9ptima <\/span><span data-contrast=\"none\">edici\u00f3n de Giros <\/span><span data-contrast=\"none\">T<\/span><span data-contrast=\"none\">e\u00f3ricos, cuya tem\u00e1tica ser\u00e1 \u201cLa producci\u00f3n de conocimiento y el espectro del neoliberalismo en Am\u00e9rica Latina<\/span><span data-contrast=\"none\">\u201d<\/span><span data-contrast=\"none\">.<\/span><span data-ccp-props=\"{&quot;134233279&quot;:true,&quot;201341983&quot;:0,&quot;335559739&quot;:160,&quot;335559740&quot;:240}\">\u00a0<\/span><\/p>\n<p><span data-contrast=\"none\">Giros Te\u00f3ricos ha tenido sedes itinerantes en universidades de Argentina, M\u00e9xico y Uruguay<\/span><span data-contrast=\"none\">; e<\/span><span data-contrast=\"none\">n esta<\/span><span data-contrast=\"none\"> ocasi\u00f3n<\/span><span data-contrast=\"none\">,<\/span><span data-contrast=\"none\"> toca el turno a la UV. <\/span><span data-contrast=\"none\">E<\/span><span data-contrast=\"none\">st\u00e1n programadas ocho mesas de trabajo y de todas ellas la sede ser\u00e1 el <\/span><span data-contrast=\"none\">Auditorio <\/span><span data-contrast=\"none\">\u201c<\/span><span data-contrast=\"none\">Gonzalo Aguirre Beltr\u00e1n<\/span><span data-contrast=\"none\">\u201d del IIH-S.<\/span><span data-ccp-props=\"{&quot;134233279&quot;:true,&quot;201341983&quot;:0,&quot;335559739&quot;:160,&quot;335559740&quot;:240}\">\u00a0<\/span><\/p>\n<p><span data-contrast=\"none\">\u201cEl principal eje de conversaci\u00f3n o di\u00e1logo es el papel que juega el neoliberalismo en la producci\u00f3n de investigaci\u00f3n<\/span><span data-contrast=\"none\"> y<\/span><span data-contrast=\"none\"> de conocimiento. Elegimos el tema porque es uno de los conceptos<\/span> <span data-contrast=\"none\">que organizan la vida p\u00fablica y tambi\u00e9n ha tenido impacto en la vida acad\u00e9mica.\u201d<\/span><span data-ccp-props=\"{&quot;134233279&quot;:true,&quot;201341983&quot;:0,&quot;335559739&quot;:160,&quot;335559740&quot;:240}\">\u00a0<\/span><\/p>\n<p><span data-contrast=\"none\">Por ello, los acad\u00e9micos asistentes debatir\u00e1n c\u00f3mo el neoliberalismo, por ejemplo, influye <\/span><span data-contrast=\"none\">en la elecci\u00f3n de sus investigaciones; no solamente el hecho de que la l\u00f3gica financiera (que<\/span><span data-contrast=\"none\"> est\u00e1 atr\u00e1s del neoliberalismo)<\/span><span data-contrast=\"none\"> incentiva o bloquea que se desarrolle un<\/span><span data-contrast=\"none\">a investigaci\u00f3n u otra, sino en<\/span><span data-contrast=\"none\"> lo<\/span><span data-contrast=\"none\">s <\/span><span data-contrast=\"none\">propios <\/span><span data-contrast=\"none\">objetos de estudios \u2013como la violencia, educaci\u00f3n o corrupci\u00f3n<\/span><span data-contrast=\"none\">.<\/span><span data-ccp-props=\"{&quot;134233279&quot;:true,&quot;201341983&quot;:0,&quot;335559739&quot;:160,&quot;335559740&quot;:240}\">\u00a0<\/span><\/p>\n<p><span data-contrast=\"none\">\u201c<\/span><span data-contrast=\"none\">Eso e<\/span><span data-contrast=\"none\">s muy evidente en algunos casos;<\/span><span data-contrast=\"none\"> por ejemplo, las personas que estudian migraci\u00f3n o consumo en culturas juveniles, en muchas ocasiones tienden a ver que la forma en que los chicos consumen o los migrantes se mueven est\u00e1 enmarcad<\/span><span data-contrast=\"none\">a<\/span><span data-contrast=\"none\"> en una gran l\u00f3gica del capital global, <\/span><span data-contrast=\"none\">que<\/span><span data-contrast=\"none\"> lo<\/span><span data-contrast=\"none\">s trata como sujetos de mercado; <\/span><span data-contrast=\"none\">tambi\u00e9n hay quien podr\u00eda <\/span><span data-contrast=\"none\">decir <\/span><span data-contrast=\"none\">que eso no<\/span><span data-contrast=\"none\"> es as\u00ed<\/span><span data-contrast=\"none\">, que el neoliberalismo es parte de un proceso m\u00e1s <\/span><span data-contrast=\"none\">amplio, entonces<\/span><span data-contrast=\"none\"> de lo que se trata es de debatir en<\/span> <span data-contrast=\"none\">to<\/span><span data-contrast=\"none\">r<\/span><span data-contrast=\"none\">no a eso.\u201d<\/span><span data-ccp-props=\"{&quot;134233279&quot;:true,&quot;201341983&quot;:0,&quot;335559739&quot;:160,&quot;335559740&quot;:240}\">\u00a0<\/span><\/p>\n<p><span data-contrast=\"none\">Al <\/span><span data-contrast=\"none\">preguntarle <\/span><span data-contrast=\"none\">si se han dejado de lado investigaciones sobre temas que son fundamentales para una sociedad,<\/span><span data-contrast=\"none\"> por no ser de inter\u00e9s para el neoliberalismo,<\/span><span data-contrast=\"none\"> respondi\u00f3 que s\u00ed y m\u00e1s a\u00fan:<\/span> <span data-contrast=\"none\">\u201c<\/span><span data-contrast=\"none\">Cierto tipo de investigaciones son incentivadas desde una perspectiva del mercado neoliberal, por ser visible, redituable, <\/span><span data-contrast=\"none\">que <\/span><span data-contrast=\"none\">est\u00e1 en la agenda de organizaciones internacionales o financieras; y otras que podr\u00edan ser igualmente importantes o relevante<\/span><span data-contrast=\"none\">s<\/span><span data-contrast=\"none\"> son relegadas o se van quedando sin financiamiento, incluso con pocas posibilidades de visibilidad o publicaci\u00f3n<\/span><span data-contrast=\"none\">,<\/span><span data-contrast=\"none\"> por las mismas din\u00e1micas\u201d.<\/span><span data-ccp-props=\"{&quot;134233279&quot;:true,&quot;201341983&quot;:0,&quot;335559739&quot;:160,&quot;335559740&quot;:240}\">\u00a0<\/span><\/p>\n<p><span data-contrast=\"none\">Precis\u00f3 que temas<\/span><span data-contrast=\"none\"> como biotecnolog\u00eda o investigaci\u00f3n sobre nuevos materiales reciben m\u00e1s financiamiento, atenci\u00f3n y visibilidad que otros que tienen que ver con el combate a la pobreza y la exclusi\u00f3n. <\/span><span data-contrast=\"none\">Si bien \u00e9stos se siguen tratando, es<\/span><span data-contrast=\"none\"> de manera secundaria o terciaria <\/span><span data-contrast=\"none\">\u2013<\/span><span data-contrast=\"none\">en cuanto a recursos financieros, visibilidad<\/span><span data-contrast=\"none\">,<\/span><span data-contrast=\"none\"> entre otros<\/span><span data-contrast=\"none\"> aspectos<\/span><span data-contrast=\"none\">.<\/span><span data-ccp-props=\"{&quot;134233279&quot;:true,&quot;201341983&quot;:0,&quot;335559739&quot;:160,&quot;335559740&quot;:240}\">\u00a0<\/span><\/p>\n<p><span data-contrast=\"none\">\u201cLo mismo <\/span><span data-contrast=\"none\">ocurre en temas de educaci\u00f3n.<\/span> <span data-contrast=\"none\">P<\/span><span data-contrast=\"none\">or ejemplo, <\/span><span data-contrast=\"none\">la <\/span><span data-contrast=\"none\">educaci\u00f3n tecnol\u00f3gica tiende a recibir mucha m\u00e1s atenci\u00f3n y recursos que la intercultural, para comunidades alejadas de los contextos urbanos o que la art\u00edstica.\u201d<\/span><span data-ccp-props=\"{&quot;134233279&quot;:true,&quot;201341983&quot;:0,&quot;335559739&quot;:160,&quot;335559740&quot;:240}\">\u00a0<\/span><\/p>\n<p><span data-contrast=\"none\">A<\/span><span data-contrast=\"none\">dem\u00e1s, <\/span><span data-contrast=\"none\">Trevi\u00f1o Ronz\u00f3n<\/span><span data-contrast=\"none\"> advirti\u00f3 que este encuentro tambi\u00e9n se trata de poner en cuesti\u00f3n algunos mitos, pues mientras hay acad\u00e9micos que piensan que el neoliberalismo es <\/span><span data-contrast=\"none\">el <\/span><span data-contrast=\"none\">responsable <\/span><span data-contrast=\"none\">de <\/span><span data-contrast=\"none\">los <\/span><span data-contrast=\"none\">problemas que se tienen en cuant<\/span><span data-contrast=\"none\">o a la producci\u00f3n de conocimiento en las <\/span><span data-contrast=\"none\">c<\/span><span data-contrast=\"none\">ien<\/span><span data-contrast=\"none\">cias <\/span><span data-contrast=\"none\">s<\/span><span data-contrast=\"none\">ociales y las <\/span><span data-contrast=\"none\">h<\/span><span data-contrast=\"none\">umanidades<\/span><span data-contrast=\"none\">,<\/span><span data-contrast=\"none\"> otros plantean que no <\/span><span data-contrast=\"none\">es <\/span><span data-contrast=\"none\">el \u00fanico.<\/span><span data-contrast=\"none\"> \u201c<\/span><span data-contrast=\"none\">S<\/span><span data-contrast=\"none\">e trata de debatir eso\u201d.\u00a0<\/span><span data-ccp-props=\"{&quot;134233279&quot;:true,&quot;201341983&quot;:0,&quot;335559739&quot;:160,&quot;335559740&quot;:240}\">\u00a0<\/span><\/p>\n<p><span data-contrast=\"none\">El investigador de la UV destac\u00f3 que es un evento de entrada libre para <\/span><span data-contrast=\"none\">los<\/span><span data-contrast=\"none\"> interesados en el tema, incluso quienes asistan a m\u00e1s del 60 por ciento de las actividades podr\u00e1n obtener una constancia con valor curricular<\/span><span data-contrast=\"none\">,<\/span><span data-contrast=\"none\"> expedida por el IIH-S.<\/span><span data-ccp-props=\"{&quot;134233279&quot;:true,&quot;201341983&quot;:0,&quot;335559739&quot;:160,&quot;335559740&quot;:240}\">\u00a0<\/span><\/p>\n<p><span data-contrast=\"none\">Giros Te\u00f3ricos ha tenido<\/span><span data-contrast=\"none\"> el respaldo<\/span><span data-contrast=\"none\"> del propio IIH-S, con apoyo de la <\/span><span data-contrast=\"none\">Secretar\u00eda Acad\u00e9mica, as\u00ed como <\/span><span data-contrast=\"none\">la Direcci\u00f3n General de Desarrollo Acad\u00e9mico e Innovaci\u00f3n Educativa<\/span><span data-contrast=\"none\"> de la UV<\/span><span data-contrast=\"none\">.<\/span><span data-ccp-props=\"{&quot;134233279&quot;:true,&quot;201341983&quot;:0,&quot;335559731&quot;:708,&quot;335559739&quot;:160,&quot;335559740&quot;:240}\">\u00a0<\/span><\/p>\n<p><span data-contrast=\"none\">Cabe citar que p<\/span><span data-contrast=\"none\">reviamente, <\/span><span data-contrast=\"none\">los d\u00edas <\/span><span data-contrast=\"none\">24 y 25 de junio<\/span><span data-contrast=\"none\">,<\/span><span data-contrast=\"none\"> se desarrollar\u00e1 tambi\u00e9n en el <\/span><span data-contrast=\"none\">Auditorio <\/span><span data-contrast=\"none\">\u201c<\/span><span data-contrast=\"none\">Gonzalo Aguirre Beltr\u00e1n<\/span><span data-contrast=\"none\">\u201d el II Encuentro del Grupo de Trabajo del <\/span><span data-contrast=\"none\">Consejo Latinoamericano de Ciencias Sociales<\/span><span data-contrast=\"none\"> (<\/span><i><span data-contrast=\"none\">Clacso<\/span><\/i><span data-contrast=\"none\">)<\/span><span data-contrast=\"none\">.<\/span><span data-ccp-props=\"{&quot;134233279&quot;:true,&quot;201341983&quot;:0,&quot;335559731&quot;:708,&quot;335559739&quot;:160,&quot;335559740&quot;:240}\">\u00a0<\/span><\/p>\n<p><span data-contrast=\"none\">El <\/span><span data-contrast=\"none\">co<\/span><span data-contrast=\"none\">-c<\/span><span data-contrast=\"none\">ordinador<\/span><span data-contrast=\"none\"> de este evento, Trevi\u00f1o Ronz\u00f3n, <\/span><span data-contrast=\"none\">destac\u00f3 que el IIH-S es el \u00fanico centro <\/span><span data-contrast=\"none\">de la UV <\/span><span data-contrast=\"none\">asociado<\/span><span data-contrast=\"none\"> a<\/span> <i><span data-contrast=\"none\">Clacso<\/span><\/i> <span data-contrast=\"none\">y <\/span><span data-contrast=\"none\">que <\/span><span data-contrast=\"none\">los grupos de trabajo tienen entre sus metas converger en actividades de di\u00e1logo.<\/span><span data-ccp-props=\"{&quot;134233279&quot;:true,&quot;201341983&quot;:0,&quot;335559731&quot;:708,&quot;335559739&quot;:160,&quot;335559740&quot;:240}\">\u00a0<\/span><\/p>\n<p><span data-contrast=\"none\">En esta ocasi\u00f3n, participar\u00e1n acad\u00e9micos de Colombia, Argentina y M\u00e9xico<\/span><span data-contrast=\"none\"> para analizar el tema<\/span><span data-contrast=\"none\"> \u201cEducaci\u00f3n y vida en com\u00fan<\/span><span data-contrast=\"none\">\u201d, por ello<\/span><span data-contrast=\"none\"> est\u00e1 contemplado<\/span><span data-contrast=\"none\">, adem\u00e1s de las respectivas ponencias, <\/span><span data-contrast=\"none\">un di\u00e1logo con organizaciones civiles y laborales del estado de Veracruz.<\/span><span data-ccp-props=\"{&quot;134233279&quot;:true,&quot;201341983&quot;:0,&quot;335559731&quot;:708,&quot;335559739&quot;:160,&quot;335559740&quot;:240}\">\u00a0<\/span><\/p>\n<p><span data-contrast=\"none\">De ambos eventos puede conocer los programas en el portal oficial del IIH-S: <\/span><a href=\"https:\/\/www.uv.mx\/iihs\"><span data-contrast=\"none\">www.uv.mx\/iihs<\/span><\/a><span data-contrast=\"none\">.<\/span><span data-ccp-props=\"{&quot;201341983&quot;:0,&quot;335559731&quot;:708,&quot;335559739&quot;:160,&quot;335559740&quot;:240}\">\u00a0<\/span><\/p>\n<p><span data-ccp-props=\"{&quot;134233279&quot;:true,&quot;201341983&quot;:0,&quot;335559739&quot;:160,&quot;335559740&quot;:240}\">\u00a0<\/span><\/p>\n<div id=\"attachment_69893\" style=\"width: 732px\" class=\"wp-caption aligncenter\"><a href=\"https:\/\/www.uv.mx\/prensa\/files\/2019\/06\/190619-Ernesto-TreviNo-2.jpg\"><img loading=\"lazy\" decoding=\"async\" aria-describedby=\"caption-attachment-69893\" class=\"size-full wp-image-69893\" src=\"https:\/\/www.uv.mx\/prensa\/files\/2019\/06\/190619-Ernesto-TreviNo-2.jpg\" alt=\"\" width=\"722\" height=\"481\" srcset=\"https:\/\/www.uv.mx\/prensa\/files\/2019\/06\/190619-Ernesto-TreviNo-2.jpg 722w, https:\/\/www.uv.mx\/prensa\/files\/2019\/06\/190619-Ernesto-TreviNo-2-300x200.jpg 300w\" sizes=\"auto, (max-width: 722px) 100vw, 722px\" \/><\/a><p id=\"caption-attachment-69893\" class=\"wp-caption-text\">La sede de Giros Te\u00f3ricos y el II Encuentro del Grupo de Trabajo Clacso ser\u00e1 el IIH-S<\/p><\/div>\n","protected":false},"excerpt":{"rendered":"<p>Investigadores latinoamericanos se reunir\u00e1n en la UV para debatir sobre la producci\u00f3n de conocimiento y el neoliberalismo en Latinoam\u00e9rica\u00a0<\/p>\n","protected":false},"author":1869,"featured_media":69891,"comment_status":"closed","ping_status":"closed","sticky":false,"template":"","format":"standard","meta":{"footnotes":""},"categories":[1],"tags":[],"class_list":["post-70012","post","type-post","status-publish","format-standard","has-post-thumbnail","hentry","category-general"],"_links":{"self":[{"href":"https:\/\/www.uv.mx\/prensa\/wp-json\/wp\/v2\/posts\/70012","targetHints":{"allow":["GET"]}}],"collection":[{"href":"https:\/\/www.uv.mx\/prensa\/wp-json\/wp\/v2\/posts"}],"about":[{"href":"https:\/\/www.uv.mx\/prensa\/wp-json\/wp\/v2\/types\/post"}],"author":[{"embeddable":true,"href":"https:\/\/www.uv.mx\/prensa\/wp-json\/wp\/v2\/users\/1869"}],"replies":[{"embeddable":true,"href":"https:\/\/www.uv.mx\/prensa\/wp-json\/wp\/v2\/comments?post=70012"}],"version-history":[{"count":0,"href":"https:\/\/www.uv.mx\/prensa\/wp-json\/wp\/v2\/posts\/70012\/revisions"}],"wp:featuredmedia":[{"embeddable":true,"href":"https:\/\/www.uv.mx\/prensa\/wp-json\/wp\/v2\/media\/69891"}],"wp:attachment":[{"href":"https:\/\/www.uv.mx\/prensa\/wp-json\/wp\/v2\/media?parent=70012"}],"wp:term":[{"taxonomy":"category","embeddable":true,"href":"https:\/\/www.uv.mx\/prensa\/wp-json\/wp\/v2\/categories?post=70012"},{"taxonomy":"post_tag","embeddable":true,"href":"https:\/\/www.uv.mx\/prensa\/wp-json\/wp\/v2\/tags?post=70012"}],"curies":[{"name":"wp","href":"https:\/\/api.w.org\/{rel}","templated":true}]}}