{"id":69931,"date":"2019-06-20T08:00:31","date_gmt":"2019-06-20T13:00:31","guid":{"rendered":"https:\/\/www.uv.mx\/prensa\/?p=69931"},"modified":"2019-06-19T20:36:43","modified_gmt":"2019-06-20T01:36:43","slug":"necesario-formar-recursos-humanos-en-salud-publica-investigador-udeg","status":"publish","type":"post","link":"https:\/\/www.uv.mx\/prensa\/general\/necesario-formar-recursos-humanos-en-salud-publica-investigador-udeg\/","title":{"rendered":"Necesario formar recursos humanos en salud p\u00fablica: investigador UdeG"},"content":{"rendered":"<ul>\n<li data-leveltext=\"\uf0b7\" data-font=\"Symbol\" data-listid=\"1\" data-aria-posinset=\"1\" data-aria-level=\"1\"><i><span data-contrast=\"auto\">No\u00e9 Alfaro dijo que tambi\u00e9n se requiere ampliaci\u00f3n del sistema p\u00fablico de salud, impulsar la investigaci\u00f3n y garantizar financiamiento e infraestructura para el sector p\u00fablico<\/span><\/i><span data-ccp-props=\"{&quot;134233279&quot;:true,&quot;201341983&quot;:0,&quot;335559739&quot;:160,&quot;335559740&quot;:240}\">\u00a0<\/span><\/li>\n<\/ul>\n<p>&nbsp;<\/p>\n<div id=\"attachment_69768\" style=\"width: 732px\" class=\"wp-caption aligncenter\"><a href=\"https:\/\/www.uv.mx\/prensa\/files\/2019\/06\/170619-Conferencia-recursos-humanos.jpg\"><img loading=\"lazy\" decoding=\"async\" aria-describedby=\"caption-attachment-69768\" class=\"size-full wp-image-69768\" src=\"https:\/\/www.uv.mx\/prensa\/files\/2019\/06\/170619-Conferencia-recursos-humanos.jpg\" alt=\"\" width=\"722\" height=\"481\" srcset=\"https:\/\/www.uv.mx\/prensa\/files\/2019\/06\/170619-Conferencia-recursos-humanos.jpg 722w, https:\/\/www.uv.mx\/prensa\/files\/2019\/06\/170619-Conferencia-recursos-humanos-300x200.jpg 300w\" sizes=\"auto, (max-width: 722px) 100vw, 722px\" \/><\/a><p id=\"caption-attachment-69768\" class=\"wp-caption-text\">No\u00e9 Alfaro dijo que el actual escenario nacional es propicio para el quehacer en salud p\u00fablica<\/p><\/div>\n<p>&nbsp;<\/p>\n<p><b><i><span data-contrast=\"auto\">20<\/span><\/i><\/b><b><i><span data-contrast=\"auto\">\/06\/19, Xalapa, Ver.-<\/span><\/i><\/b> <span data-contrast=\"auto\">No\u00e9 Alfaro Alfaro, investigador de tiempo completo en el Instituto Regional de Investigaci\u00f3n en Salud P\u00fablica de la Universidad de Guadalajara<\/span><span data-contrast=\"auto\"> (<\/span><span data-contrast=\"auto\">UdeG<\/span><span data-contrast=\"auto\">)<\/span><span data-contrast=\"auto\">, <\/span><span data-contrast=\"auto\">expres\u00f3 que el actual escenario pol\u00edtico nunca hab\u00eda sido tan adecuado para <\/span><span data-contrast=\"auto\">el quehacer en materia de <\/span><span data-contrast=\"auto\">salud p\u00fablica<\/span><span data-contrast=\"auto\">, durante su participaci\u00f3n en el <\/span><span data-contrast=\"auto\">5\u00ba <\/span><span data-contrast=\"auto\">Congreso Nacional de Educaci\u00f3n en Salud P\u00fablica<\/span> <span data-contrast=\"auto\">organizado por e<\/span><span data-contrast=\"auto\">l Instituto de Salud P\u00fablica (ISP) de la Universidad Veracruzana (UV) y la Asociaci\u00f3n Mexicana de Educaci\u00f3n en Salud P\u00fablica (AMESP)<\/span><span data-contrast=\"auto\">.<\/span><span data-ccp-props=\"{&quot;201341983&quot;:0,&quot;335559739&quot;:160,&quot;335559740&quot;:240}\">\u00a0<\/span><\/p>\n<p><span data-contrast=\"auto\">Al dictar la conferencia magistral \u201cLos recursos humanos en salud p\u00fablica y el sistema nacional de salud\u201d, el pasado viernes 14 de junio, coment\u00f3 que para alcanzar un mejor desempe\u00f1o en este rubro es necesario <\/span><span data-contrast=\"auto\">contar con <\/span><span data-contrast=\"auto\">personas responsables que tengan un mejor manejo del concepto de salud p\u00fablica, ampliaci\u00f3n del sistema p\u00fablico de salud, garantizar el financiamiento e infraestructura del sector p\u00fablico, e impulsar la investigaci\u00f3n.<\/span><span data-ccp-props=\"{&quot;201341983&quot;:0,&quot;335559731&quot;:708,&quot;335559739&quot;:160,&quot;335559740&quot;:240}\">\u00a0<\/span><\/p>\n<p><span data-contrast=\"auto\">Mencion\u00f3 que organizaciones a nivel internacional y Lati<\/span><span data-contrast=\"auto\">noam\u00e9rica, a partir de un diagn\u00f3<\/span><span data-contrast=\"auto\">stico llamado \u201cAn\u00e1lisis de la situaci\u00f3n de la salud\u201d, determinaron las 11 funciones<\/span><span data-contrast=\"auto\"> esenciales de la salud p\u00fablica; de \u00e9stas, las<\/span> <span data-contrast=\"auto\">que han arroj<\/span><span data-contrast=\"auto\">ado peores calificaciones son<\/span><span data-contrast=\"auto\">:<\/span><span data-contrast=\"auto\"> la referente a la investigaci\u00f3n<\/span><span data-contrast=\"auto\">,<\/span><span data-contrast=\"auto\"> la garant\u00eda y mejoramiento de la calidad de los servicios de salud individuales y colectivos, as\u00ed como desarrollo de recursos humanos <\/span><span data-contrast=\"auto\">y capacitaci\u00f3n en salud p\u00fablica.<\/span><span data-ccp-props=\"{&quot;201341983&quot;:0,&quot;335559731&quot;:708,&quot;335559739&quot;:160,&quot;335559740&quot;:240}\">\u00a0<\/span><\/p>\n<p><span data-contrast=\"auto\">E<\/span><span data-contrast=\"auto\">ntonces<\/span><span data-contrast=\"auto\">,<\/span><span data-contrast=\"auto\"> \u201csi queremos ser competentes, tendr\u00edamos que hacer \u00e9nfasis en estas tres funciones<\/span><span data-contrast=\"auto\">.<\/span> <span data-contrast=\"auto\">Necesitamos formar recursos humanos en salud p\u00fablica, no s\u00f3lo maestros y m\u00e9dicos, requerimos t\u00e9cnicos y licenciados en <\/span><span data-contrast=\"auto\">s<\/span><span data-contrast=\"auto\">alud <\/span><span data-contrast=\"auto\">p<\/span><span data-contrast=\"auto\">\u00fablica<\/span> <span data-contrast=\"auto\">en las comunidades<\/span><span data-contrast=\"auto\">; aunque ya tenemos maestr\u00edas y doctorados, tenemos que darle una profundidad distinta de acuerdo al grado que se propone\u201d<\/span><span data-contrast=\"auto\">.<\/span><span data-ccp-props=\"{&quot;201341983&quot;:0,&quot;335559731&quot;:708,&quot;335559739&quot;:160,&quot;335559740&quot;:240}\">\u00a0<\/span><\/p>\n<p><span data-contrast=\"auto\">Por lo tanto, apunt\u00f3 que los desaf\u00edos para el sistema nacional de salud se centran en: fortalecer la fuerza de trabajo en sus <\/span><span data-contrast=\"auto\">competencias en salud p\u00fablica y en atenci\u00f3n primaria a la salud; adecuarlos y vincularlos con el perfil epidemiol\u00f3gico de la poblaci\u00f3n, a los problemas de salud que presentan y formarlos en el campo; vincular las pr\u00e1cticas profesionales de licenciatura, posgrado y servicios sociales con instituciones de atenci\u00f3n primaria a la salud.<\/span><span data-ccp-props=\"{&quot;201341983&quot;:0,&quot;335559731&quot;:708,&quot;335559739&quot;:160,&quot;335559740&quot;:240}\">\u00a0<\/span><\/p>\n<p><span data-contrast=\"auto\">Ante este panorama, No\u00e9 Alfaro dijo que la AMESP <\/span><span data-contrast=\"auto\">debe evaluar el impacto de las nuevas pol\u00edticas de salud en la poblaci\u00f3n; proponer adecuaciones de las intervenciones en salud; <\/span><span data-contrast=\"auto\">as\u00ed como<\/span><span data-contrast=\"auto\"> establecer unidades de investigaci\u00f3n \u2013en coordinaci\u00f3n con el sector salud\u2013 con equipos multidisciplinarios en las regiones m\u00e1s desfavorecidas y con necesidades especiales.<\/span><span data-ccp-props=\"{&quot;201341983&quot;:0,&quot;335559731&quot;:708,&quot;335559739&quot;:160,&quot;335559740&quot;:240}\">\u00a0<\/span><\/p>\n","protected":false},"excerpt":{"rendered":"<p>No\u00e9 Alfaro Alfaro expres\u00f3 que el escenario pol\u00edtico nunca hab\u00eda sido tan adecuado como el actual para el quehacer en materia de salud p\u00fablica<\/p>\n","protected":false},"author":1508,"featured_media":69768,"comment_status":"closed","ping_status":"closed","sticky":false,"template":"","format":"standard","meta":{"footnotes":""},"categories":[1],"tags":[],"class_list":["post-69931","post","type-post","status-publish","format-standard","has-post-thumbnail","hentry","category-general"],"_links":{"self":[{"href":"https:\/\/www.uv.mx\/prensa\/wp-json\/wp\/v2\/posts\/69931","targetHints":{"allow":["GET"]}}],"collection":[{"href":"https:\/\/www.uv.mx\/prensa\/wp-json\/wp\/v2\/posts"}],"about":[{"href":"https:\/\/www.uv.mx\/prensa\/wp-json\/wp\/v2\/types\/post"}],"author":[{"embeddable":true,"href":"https:\/\/www.uv.mx\/prensa\/wp-json\/wp\/v2\/users\/1508"}],"replies":[{"embeddable":true,"href":"https:\/\/www.uv.mx\/prensa\/wp-json\/wp\/v2\/comments?post=69931"}],"version-history":[{"count":0,"href":"https:\/\/www.uv.mx\/prensa\/wp-json\/wp\/v2\/posts\/69931\/revisions"}],"wp:featuredmedia":[{"embeddable":true,"href":"https:\/\/www.uv.mx\/prensa\/wp-json\/wp\/v2\/media\/69768"}],"wp:attachment":[{"href":"https:\/\/www.uv.mx\/prensa\/wp-json\/wp\/v2\/media?parent=69931"}],"wp:term":[{"taxonomy":"category","embeddable":true,"href":"https:\/\/www.uv.mx\/prensa\/wp-json\/wp\/v2\/categories?post=69931"},{"taxonomy":"post_tag","embeddable":true,"href":"https:\/\/www.uv.mx\/prensa\/wp-json\/wp\/v2\/tags?post=69931"}],"curies":[{"name":"wp","href":"https:\/\/api.w.org\/{rel}","templated":true}]}}