{"id":69863,"date":"2019-06-19T14:49:05","date_gmt":"2019-06-19T19:49:05","guid":{"rendered":"https:\/\/www.uv.mx\/prensa\/?p=69863"},"modified":"2019-06-19T14:49:05","modified_gmt":"2019-06-19T19:49:05","slug":"cosustenta-realizara-acopio-de-aparatos-electricos-y-electronicos","status":"publish","type":"post","link":"https:\/\/www.uv.mx\/prensa\/eventos\/cosustenta-realizara-acopio-de-aparatos-electricos-y-electronicos\/","title":{"rendered":"<em>CoSustenta<\/em> realizar\u00e1 acopio de aparatos el\u00e9ctricos y electr\u00f3nicos"},"content":{"rendered":"<ul>\n<li data-leveltext=\"\uf0b7\" data-font=\"Symbol\" data-listid=\"5\" data-aria-posinset=\"1\" data-aria-level=\"1\"><i><span data-contrast=\"auto\">Comunidad UV y p\u00fablico en general pueden llevar tel\u00e9fonos c<\/span><\/i><i><span data-contrast=\"none\">elulares, c\u00e1maras digitales, tabletas, pantallas digitales, impresor<\/span><\/i><i><span data-contrast=\"none\">as y electrodom\u00e9sticos <\/span><\/i><i><span data-contrast=\"none\">de l\u00ednea blanca al G<\/span><\/i><i><span data-contrast=\"none\">imnasio <\/span><\/i><i><span data-contrast=\"auto\">\u201c<\/span><\/i><i><span data-contrast=\"none\">Miguel R\u00edos Torres\u201d<\/span><\/i><span data-ccp-props=\"{}\">\u00a0<\/span><\/li>\n<li data-leveltext=\"\uf0b7\" data-font=\"Symbol\" data-listid=\"5\" data-aria-posinset=\"2\" data-aria-level=\"1\"><i><span data-contrast=\"auto\">La colecta ser\u00e1 los d\u00edas 28 y 29 de junio<\/span><\/i><span data-ccp-props=\"{}\">\u00a0<\/span><\/li>\n<\/ul>\n<p>&nbsp;<\/p>\n<div id=\"attachment_69744\" style=\"width: 732px\" class=\"wp-caption aligncenter\"><a href=\"https:\/\/www.uv.mx\/prensa\/files\/2019\/06\/170619-ReciclatOn-1.jpg\"><img loading=\"lazy\" decoding=\"async\" aria-describedby=\"caption-attachment-69744\" class=\"size-full wp-image-69744\" src=\"https:\/\/www.uv.mx\/prensa\/files\/2019\/06\/170619-ReciclatOn-1.jpg\" alt=\"\" width=\"722\" height=\"378\" srcset=\"https:\/\/www.uv.mx\/prensa\/files\/2019\/06\/170619-ReciclatOn-1.jpg 722w, https:\/\/www.uv.mx\/prensa\/files\/2019\/06\/170619-ReciclatOn-1-300x157.jpg 300w\" sizes=\"auto, (max-width: 722px) 100vw, 722px\" \/><\/a><p id=\"caption-attachment-69744\" class=\"wp-caption-text\">El Reciclatl\u00f3n est\u00e1 dirigido al p\u00fablico en general<\/p><\/div>\n<p>&nbsp;<\/p>\n<p><b><i><span data-contrast=\"auto\">Carlos Hugo Hermida Rosales<\/span><\/i><\/b><span data-ccp-props=\"{}\">\u00a0<\/span><\/p>\n<p><b><i><span data-contrast=\"auto\">19\/06\/<\/span><\/i><\/b><b><i><span data-contrast=\"auto\">19<\/span><\/i><\/b><b><i><span data-contrast=\"auto\">,<\/span><\/i><\/b> <b><i><span data-contrast=\"auto\">Xalapa, Ver.<\/span><\/i><\/b><b><i><span data-contrast=\"auto\">&#8211;<\/span><\/i><\/b> <span data-contrast=\"auto\">La Universidad Veracruzana (UV),<\/span> <span data-contrast=\"auto\">a trav\u00e9s de <\/span><span data-contrast=\"auto\">la<\/span><span data-contrast=\"auto\"> Coordinaci\u00f3n Universitaria para <\/span><span data-contrast=\"auto\">la Sustentabilidad (<\/span><i><span data-contrast=\"auto\">CoSustenta<\/span><\/i><span data-contrast=\"auto\">), llevar\u00e1 a cabo por segunda vez el <\/span><span data-contrast=\"auto\">Reciclat\u00f3n<\/span><span data-contrast=\"auto\"> de discos compactos, aparatos el\u00e9ctricos y electr\u00f3nicos, los d\u00edas 28 y 29 de junio en el <\/span><span data-contrast=\"auto\">G<\/span><span data-contrast=\"auto\">imnasio \u201c<\/span><span data-contrast=\"none\">Miguel R\u00edos Torres\u201d<\/span><span data-contrast=\"none\"> \u2013<\/span><span data-contrast=\"none\">ubicado frente al estadio <\/span><span data-contrast=\"none\">xa<\/span><span data-contrast=\"none\">lape\u00f1o<\/span><span data-contrast=\"none\"> en la zona universitaria\u2013<\/span><span data-contrast=\"none\">,<\/span> <span data-contrast=\"none\">en horario de 10:00 a 15:00 horas.<\/span><span data-ccp-props=\"{}\">\u00a0<\/span><\/p>\n<p><span data-contrast=\"auto\">Durante estos d\u00edas, miembros de <\/span><i><span data-contrast=\"auto\">CoSustenta<\/span><\/i> <span data-contrast=\"auto\">recibir\u00e1n tel\u00e9fonos c<\/span><span data-contrast=\"none\">elulares, c\u00e1maras digitales, tabletas, pantallas digitales, equipos de telecomunicaciones, impresoras, proyectores, reproductores de m\u00fasica,<\/span> <span data-contrast=\"none\">tarjetas electr\u00f3nicas, teclados, <\/span><i><span data-contrast=\"none\">mouses<\/span><\/i><span data-contrast=\"none\">, <\/span><span data-contrast=\"auto\">c<\/span><span data-contrast=\"auto\">\u00e1maras de<\/span> <span data-contrast=\"none\">video<\/span><span data-contrast=\"none\">vigilancia<\/span><span data-contrast=\"none\">, decodificadores, discos duros, cables, motores el\u00e9ctricos, e incluso<\/span> <span data-contrast=\"none\">electrodom\u00e9sticos grandes como refrigeradores y lavadoras.\u00a0<\/span><span data-ccp-props=\"{&quot;335559731&quot;:708}\">\u00a0<\/span><\/p>\n<p><span data-contrast=\"auto\">Erika <\/span><span data-contrast=\"auto\">Yaquelin<\/span><span data-contrast=\"auto\"> Cruz Aburto, <\/span><span data-contrast=\"auto\">e<\/span><span data-contrast=\"auto\">ncargada de Proyectos y Seguimiento de Log\u00edstica<\/span><span data-contrast=\"auto\"> de <\/span><i><span data-contrast=\"auto\">CoSustenta<\/span><\/i><span data-contrast=\"auto\">, mencion\u00f3 que a trav\u00e9s del <\/span><span data-contrast=\"auto\">Reciclat\u00f3n<\/span><span data-contrast=\"auto\"> adem\u00e1s de brindar un manejo adecuado a los residuos, se busca promover una reflexi\u00f3n en las personas sobre sus h\u00e1bitos de consumo y la re<\/span><span data-contrast=\"auto\">sponsabilidad que se debe tener a<\/span><span data-contrast=\"auto\">nte ellos.<\/span><span data-ccp-props=\"{&quot;335559731&quot;:708}\">\u00a0<\/span><\/p>\n<p><span data-contrast=\"auto\">Comparti\u00f3 que los aparatos acopiados se en<\/span><span data-contrast=\"auto\">viar\u00e1<\/span><span data-contrast=\"auto\">n a las empresas <\/span><span data-contrast=\"none\">ECOlai<\/span><span data-contrast=\"none\"> M\u00e9xico y <\/span><span data-contrast=\"none\">ECOrecrea<\/span><span data-contrast=\"none\">, que<\/span> <span data-contrast=\"none\">se encargar\u00e1n de su correcto tratamiento.\u00a0<\/span><span data-ccp-props=\"{&quot;335559731&quot;:708}\">\u00a0<\/span><\/p>\n<p><span data-contrast=\"auto\">\u201cMuchos residuos electr\u00f3nicos est\u00e1n fabricados con materiales muy <\/span><span data-contrast=\"auto\">contaminantes<\/span><span data-contrast=\"auto\"> y algunas tabletas y tel\u00e9fonos celulares contienen hasta 60 elementos de la tabla peri\u00f3dica,<\/span> <span data-contrast=\"auto\">por lo que requieren un <\/span><span data-contrast=\"auto\">manejo<\/span><span data-contrast=\"auto\"> especial al momento de ser desechados\u201d, enfatiz\u00f3.<\/span><span data-ccp-props=\"{&quot;335559731&quot;:708}\">\u00a0<\/span><\/p>\n<p><span data-contrast=\"auto\">El <\/span><span data-contrast=\"auto\">Reciclat\u00f3n<\/span><span data-contrast=\"auto\"> se encuentra abierto a todo p\u00fablico<\/span><span data-contrast=\"auto\">;<\/span><span data-contrast=\"auto\"> para mayores informes se puede consultar la p\u00e1gina <\/span><i><span data-contrast=\"auto\">web<\/span><\/i> <a href=\"https:\/\/www.uv.mx\/cosustenta\/\"><span data-contrast=\"none\">www.uv.mx\/cosustenta\/<\/span><\/a><span data-contrast=\"auto\"> y la red social <\/span><i><span data-contrast=\"auto\">Facebook<\/span><\/i><span data-contrast=\"auto\">: www.facebook.com\/sustentabilidaduv\/.<\/span><span data-ccp-props=\"{&quot;335559731&quot;:708}\">\u00a0<\/span><\/p>\n<p>&nbsp;<\/p>\n<div id=\"attachment_69749\" style=\"width: 732px\" class=\"wp-caption aligncenter\"><a href=\"https:\/\/www.uv.mx\/prensa\/files\/2019\/06\/170619-ReciclatOn-2.jpg\"><img loading=\"lazy\" decoding=\"async\" aria-describedby=\"caption-attachment-69749\" class=\"size-full wp-image-69749\" src=\"https:\/\/www.uv.mx\/prensa\/files\/2019\/06\/170619-ReciclatOn-2.jpg\" alt=\"\" width=\"722\" height=\"480\" srcset=\"https:\/\/www.uv.mx\/prensa\/files\/2019\/06\/170619-ReciclatOn-2.jpg 722w, https:\/\/www.uv.mx\/prensa\/files\/2019\/06\/170619-ReciclatOn-2-300x199.jpg 300w\" sizes=\"auto, (max-width: 722px) 100vw, 722px\" \/><\/a><p id=\"caption-attachment-69749\" class=\"wp-caption-text\">Erika Yaquelin Cruz Aburto<\/p><\/div>\n","protected":false},"excerpt":{"rendered":"<p>Comunidad UV y p\u00fablico en general pueden llevar tel\u00e9fonos celulares, c\u00e1maras digitales, tabletas, pantallas digitales, impresoras y electrodom\u00e9sticos de l\u00ednea blanca al Gimnasio \u201cMiguel R\u00edos Torres\u201d, los d\u00edas 28 y 29 de junio <\/p>\n","protected":false},"author":1508,"featured_media":69744,"comment_status":"closed","ping_status":"closed","sticky":false,"template":"","format":"standard","meta":{"footnotes":""},"categories":[47],"tags":[],"class_list":["post-69863","post","type-post","status-publish","format-standard","has-post-thumbnail","hentry","category-eventos"],"_links":{"self":[{"href":"https:\/\/www.uv.mx\/prensa\/wp-json\/wp\/v2\/posts\/69863","targetHints":{"allow":["GET"]}}],"collection":[{"href":"https:\/\/www.uv.mx\/prensa\/wp-json\/wp\/v2\/posts"}],"about":[{"href":"https:\/\/www.uv.mx\/prensa\/wp-json\/wp\/v2\/types\/post"}],"author":[{"embeddable":true,"href":"https:\/\/www.uv.mx\/prensa\/wp-json\/wp\/v2\/users\/1508"}],"replies":[{"embeddable":true,"href":"https:\/\/www.uv.mx\/prensa\/wp-json\/wp\/v2\/comments?post=69863"}],"version-history":[{"count":0,"href":"https:\/\/www.uv.mx\/prensa\/wp-json\/wp\/v2\/posts\/69863\/revisions"}],"wp:featuredmedia":[{"embeddable":true,"href":"https:\/\/www.uv.mx\/prensa\/wp-json\/wp\/v2\/media\/69744"}],"wp:attachment":[{"href":"https:\/\/www.uv.mx\/prensa\/wp-json\/wp\/v2\/media?parent=69863"}],"wp:term":[{"taxonomy":"category","embeddable":true,"href":"https:\/\/www.uv.mx\/prensa\/wp-json\/wp\/v2\/categories?post=69863"},{"taxonomy":"post_tag","embeddable":true,"href":"https:\/\/www.uv.mx\/prensa\/wp-json\/wp\/v2\/tags?post=69863"}],"curies":[{"name":"wp","href":"https:\/\/api.w.org\/{rel}","templated":true}]}}