{"id":69783,"date":"2019-06-18T08:00:39","date_gmt":"2019-06-18T13:00:39","guid":{"rendered":"https:\/\/www.uv.mx\/prensa\/?p=69783"},"modified":"2019-06-17T20:04:00","modified_gmt":"2019-06-18T01:04:00","slug":"galeria-ap-exhibe-piezas-de-rodolfo-salmeron-y-jorge-santiago","status":"publish","type":"post","link":"https:\/\/www.uv.mx\/prensa\/cultura\/galeria-ap-exhibe-piezas-de-rodolfo-salmeron-y-jorge-santiago\/","title":{"rendered":"Galer\u00eda AP exhibe piezas de Rodolfo Salmer\u00f3n y Jorge Santiago"},"content":{"rendered":"<ul>\n<li data-leveltext=\"\uf0b7\" data-font=\"Symbol\" data-listid=\"5\" data-aria-posinset=\"1\" data-aria-level=\"1\"><i><span data-contrast=\"auto\">Las exposiciones <\/span><\/i><span data-contrast=\"auto\">Barda<\/span><i><span data-contrast=\"auto\"> e <\/span><\/i><span data-contrast=\"auto\">Identidad en <\/span><span data-contrast=\"auto\">j<\/span><span data-contrast=\"auto\">uego<\/span><i><span data-contrast=\"auto\"> estar\u00e1n abiertas al p\u00fablico hasta el 9 de julio<\/span><\/i><span data-ccp-props=\"{}\">\u00a0<\/span><\/li>\n<\/ul>\n<p>&nbsp;<\/p>\n<div id=\"attachment_69703\" style=\"width: 732px\" class=\"wp-caption aligncenter\"><a href=\"https:\/\/www.uv.mx\/prensa\/files\/2019\/06\/140619-Exposiciones-Galeria-AP-2.jpg\"><img loading=\"lazy\" decoding=\"async\" aria-describedby=\"caption-attachment-69703\" class=\"size-full wp-image-69703\" src=\"https:\/\/www.uv.mx\/prensa\/files\/2019\/06\/140619-Exposiciones-Galeria-AP-2.jpg\" alt=\"\" width=\"722\" height=\"481\" srcset=\"https:\/\/www.uv.mx\/prensa\/files\/2019\/06\/140619-Exposiciones-Galeria-AP-2.jpg 722w, https:\/\/www.uv.mx\/prensa\/files\/2019\/06\/140619-Exposiciones-Galeria-AP-2-300x200.jpg 300w\" sizes=\"auto, (max-width: 722px) 100vw, 722px\" \/><\/a><p id=\"caption-attachment-69703\" class=\"wp-caption-text\">Aspecto de la muestra <em>Barda<\/em><\/p><\/div>\n<p>&nbsp;<\/p>\n<p><b><i><span data-contrast=\"auto\">Carlos Hugo Hermida Rosales<\/span><\/i><\/b><span data-ccp-props=\"{}\">\u00a0<\/span><\/p>\n<p><b><i><span data-contrast=\"auto\">1<\/span><\/i><\/b><b><i><span data-contrast=\"auto\">8<\/span><\/i><\/b><b><i><span data-contrast=\"auto\">\/06\/<\/span><\/i><\/b><b><i><span data-contrast=\"auto\">19<\/span><\/i><\/b><b><i><span data-contrast=\"auto\">,<\/span><\/i><\/b> <b><i><span data-contrast=\"auto\">Xalapa, Ver.<\/span><\/i><\/b><b><i><span data-contrast=\"auto\">&#8211;<\/span><\/i><\/b> <span data-contrast=\"auto\">La Galer\u00eda de la Facultad de Artes<\/span> <span data-contrast=\"auto\">Pl\u00e1sticas (AP) de la Universidad<\/span><span data-contrast=\"auto\"> Veracruzana<\/span><span data-contrast=\"auto\"> (UV) <\/span><span data-contrast=\"auto\">inaugur\u00f3 el 13 de junio <\/span><span data-contrast=\"auto\">las muestras <\/span><i><span data-contrast=\"auto\">Barda<\/span><\/i><span data-contrast=\"auto\"> de Rodolfo Salmer\u00f3n, e <\/span><i><span data-contrast=\"auto\">Identidad en <\/span><\/i><i><span data-contrast=\"auto\">j<\/span><\/i><i><span data-contrast=\"auto\">uego<\/span><\/i><span data-contrast=\"auto\"> de Jorge Santiago<\/span><span data-contrast=\"auto\">, que en conjunto est\u00e1n integradas por m\u00e1s de medio centenar de obras.\u00a0<\/span><span data-ccp-props=\"{}\">\u00a0<\/span><\/p>\n<p><span data-contrast=\"auto\">El evento inaugural fue encabezado por <\/span><span data-contrast=\"auto\">Guadalupe Barrientos L\u00f3pez, <\/span><span data-contrast=\"auto\">ex acad\u00e9mica de la Unidad de Artes de la UV y actual<\/span> <span data-contrast=\"auto\">s<\/span><span data-contrast=\"auto\">ubdirectora de Educaci\u00f3n e Investigaci\u00f3n Art\u00edstica del Instituto Veracruzano de <\/span><span data-contrast=\"auto\">la <\/span><span data-contrast=\"auto\">Cultura (<\/span><i><span data-contrast=\"auto\">I<\/span><\/i><i><span data-contrast=\"auto\">vec<\/span><\/i><span data-contrast=\"auto\">)<\/span><span data-contrast=\"auto\">,<\/span><span data-contrast=\"auto\"> y<\/span> <span data-contrast=\"auto\">Roberto Gonz\u00e1lez\u202fLozano<\/span><span data-contrast=\"auto\">,<\/span><span data-contrast=\"auto\"> encargado de este recinto art\u00edstico.<\/span><span data-contrast=\"auto\">\u00a0<\/span><span data-ccp-props=\"{&quot;335559731&quot;:708}\">\u00a0<\/span><\/p>\n<p><span data-contrast=\"auto\">La exposici\u00f3n <\/span><i><span data-contrast=\"auto\">Barda<\/span><\/i><span data-contrast=\"auto\"> invita a los espectadores a ensimismarse en la dimensi\u00f3n sensible del l\u00edmite, a trav\u00e9s de la est\u00e9tica de la abstracci\u00f3n.\u00a0<\/span><span data-ccp-props=\"{&quot;335559731&quot;:708}\">\u00a0<\/span><\/p>\n<p><span data-contrast=\"auto\">Rodolfo Salmer\u00f3n <\/span><span data-contrast=\"auto\">explic\u00f3<\/span> <span data-contrast=\"auto\">que la integran<\/span><span data-contrast=\"auto\"> poco m\u00e1s de 30 piezas que funcionan de manera individual<\/span> <span data-contrast=\"auto\">y que a la vez conforman un todo.\u00a0<\/span><span data-ccp-props=\"{&quot;335559731&quot;:708}\">\u00a0<\/span><\/p>\n<p>&nbsp;<\/p>\n<div id=\"attachment_69702\" style=\"width: 732px\" class=\"wp-caption aligncenter\"><a href=\"https:\/\/www.uv.mx\/prensa\/files\/2019\/06\/140619-Exposiciones-Galeria-AP-3.jpg\"><img loading=\"lazy\" decoding=\"async\" aria-describedby=\"caption-attachment-69702\" class=\"size-full wp-image-69702\" src=\"https:\/\/www.uv.mx\/prensa\/files\/2019\/06\/140619-Exposiciones-Galeria-AP-3.jpg\" alt=\"\" width=\"722\" height=\"481\" srcset=\"https:\/\/www.uv.mx\/prensa\/files\/2019\/06\/140619-Exposiciones-Galeria-AP-3.jpg 722w, https:\/\/www.uv.mx\/prensa\/files\/2019\/06\/140619-Exposiciones-Galeria-AP-3-300x200.jpg 300w\" sizes=\"auto, (max-width: 722px) 100vw, 722px\" \/><\/a><p id=\"caption-attachment-69702\" class=\"wp-caption-text\">Exposici\u00f3n <em>Identidad en juego<\/em><\/p><\/div>\n<p>&nbsp;<\/p>\n<p><span data-contrast=\"auto\">\u201cEl tema de estas piezas gira en torno a los l\u00edmites simb\u00f3licos y f\u00edsicos <\/span><span data-contrast=\"auto\">que pueden o no existir,<\/span><span data-contrast=\"auto\"> la manera en que se construyen<\/span><span data-contrast=\"auto\"> y la necesidad que se tiene de ello\u201d, abund\u00f3.<\/span><span data-ccp-props=\"{&quot;335559731&quot;:708}\">\u00a0<\/span><\/p>\n<p><span data-contrast=\"auto\">Por su parte<\/span><span data-contrast=\"auto\">,<\/span><span data-contrast=\"auto\"> en <\/span><i><span data-contrast=\"auto\">Identidad en <\/span><\/i><i><span data-contrast=\"auto\">j<\/span><\/i><i><span data-contrast=\"auto\">uego<\/span><\/i><span data-contrast=\"auto\"> Jorge Santiago conjuga su propia vivencia como migrante <\/span><span data-contrast=\"auto\">con su afici\u00f3n por el basquetbol y su visi\u00f3n de fot\u00f3grafo, lo que le permite despertar la imaginaci\u00f3n de quien observa sus im\u00e1genes.\u00a0<\/span><span data-ccp-props=\"{&quot;335559731&quot;:708}\">\u00a0<\/span><\/p>\n<p><span data-contrast=\"auto\">La muestra a<\/span><span data-contrast=\"auto\">borda e<\/span><span data-contrast=\"auto\">l concepto de la comunidad<\/span><span data-contrast=\"auto\"> y<\/span><span data-contrast=\"auto\"> temas como la migraci\u00f3n, las pr\u00e1cticas y las tradiciones.<\/span><span data-ccp-props=\"{&quot;335559731&quot;:708}\">\u00a0<\/span><\/p>\n<p><span data-contrast=\"auto\">Las exposiciones\u202f<\/span><i><span data-contrast=\"auto\">Barda<\/span><\/i><span data-contrast=\"auto\"> e <\/span><i><span data-contrast=\"auto\">Identidad en <\/span><\/i><i><span data-contrast=\"auto\">j<\/span><\/i><i><span data-contrast=\"auto\">uego<\/span><\/i> <span data-contrast=\"auto\">estar<\/span><span data-contrast=\"auto\">\u00e1n abiertas al p\u00fablico hasta el<\/span> <span data-contrast=\"auto\">9<\/span><span data-contrast=\"auto\"> de <\/span><span data-contrast=\"auto\">julio <\/span><span data-contrast=\"auto\">en la Galer\u00eda de la Facultad de Artes Pl\u00e1sticas, ubicada en Belisario Dom\u00ednguez n\u00famero 25, Colonia Centro.\u00a0<\/span><span data-ccp-props=\"{&quot;335559731&quot;:708}\">\u00a0<\/span><\/p>\n<p><span data-contrast=\"auto\">El horario de visita es de 9:00 a<\/span> <span data-contrast=\"auto\">14:30 y de <\/span><span data-contrast=\"auto\">18:00 a <\/span><span data-contrast=\"auto\">20:<\/span><span data-contrast=\"auto\">00 horas, de lunes<\/span><span data-contrast=\"auto\"> a viernes. El acceso es libre.<\/span><span data-ccp-props=\"{&quot;335559731&quot;:708}\">\u00a0<\/span><\/p>\n<p>&nbsp;<\/p>\n<div id=\"attachment_69706\" style=\"width: 732px\" class=\"wp-caption aligncenter\"><a href=\"https:\/\/www.uv.mx\/prensa\/files\/2019\/06\/140619-Exposiciones-Galeria-AP-1.jpg\"><img loading=\"lazy\" decoding=\"async\" aria-describedby=\"caption-attachment-69706\" class=\"size-full wp-image-69706\" src=\"https:\/\/www.uv.mx\/prensa\/files\/2019\/06\/140619-Exposiciones-Galeria-AP-1.jpg\" alt=\"\" width=\"722\" height=\"481\" srcset=\"https:\/\/www.uv.mx\/prensa\/files\/2019\/06\/140619-Exposiciones-Galeria-AP-1.jpg 722w, https:\/\/www.uv.mx\/prensa\/files\/2019\/06\/140619-Exposiciones-Galeria-AP-1-300x200.jpg 300w\" sizes=\"auto, (max-width: 722px) 100vw, 722px\" \/><\/a><p id=\"caption-attachment-69706\" class=\"wp-caption-text\">La inauguraci\u00f3n convoc\u00f3 a un amplio p\u00fablico<\/p><\/div>\n","protected":false},"excerpt":{"rendered":"<p>Las exposiciones <em>Barda<\/em> e <em>Identidad en juego<\/em> estar\u00e1n abiertas al p\u00fablico hasta el 9 de julio <\/p>\n","protected":false},"author":1508,"featured_media":69703,"comment_status":"closed","ping_status":"closed","sticky":false,"template":"","format":"standard","meta":{"footnotes":""},"categories":[11],"tags":[],"class_list":["post-69783","post","type-post","status-publish","format-standard","has-post-thumbnail","hentry","category-cultura"],"_links":{"self":[{"href":"https:\/\/www.uv.mx\/prensa\/wp-json\/wp\/v2\/posts\/69783","targetHints":{"allow":["GET"]}}],"collection":[{"href":"https:\/\/www.uv.mx\/prensa\/wp-json\/wp\/v2\/posts"}],"about":[{"href":"https:\/\/www.uv.mx\/prensa\/wp-json\/wp\/v2\/types\/post"}],"author":[{"embeddable":true,"href":"https:\/\/www.uv.mx\/prensa\/wp-json\/wp\/v2\/users\/1508"}],"replies":[{"embeddable":true,"href":"https:\/\/www.uv.mx\/prensa\/wp-json\/wp\/v2\/comments?post=69783"}],"version-history":[{"count":0,"href":"https:\/\/www.uv.mx\/prensa\/wp-json\/wp\/v2\/posts\/69783\/revisions"}],"wp:featuredmedia":[{"embeddable":true,"href":"https:\/\/www.uv.mx\/prensa\/wp-json\/wp\/v2\/media\/69703"}],"wp:attachment":[{"href":"https:\/\/www.uv.mx\/prensa\/wp-json\/wp\/v2\/media?parent=69783"}],"wp:term":[{"taxonomy":"category","embeddable":true,"href":"https:\/\/www.uv.mx\/prensa\/wp-json\/wp\/v2\/categories?post=69783"},{"taxonomy":"post_tag","embeddable":true,"href":"https:\/\/www.uv.mx\/prensa\/wp-json\/wp\/v2\/tags?post=69783"}],"curies":[{"name":"wp","href":"https:\/\/api.w.org\/{rel}","templated":true}]}}