{"id":69776,"date":"2019-06-17T19:55:54","date_gmt":"2019-06-18T00:55:54","guid":{"rendered":"https:\/\/www.uv.mx\/prensa\/?p=69776"},"modified":"2019-06-17T19:55:54","modified_gmt":"2019-06-18T00:55:54","slug":"proveedores-chinos-buscan-socios-comerciales-en-mexico","status":"publish","type":"post","link":"https:\/\/www.uv.mx\/prensa\/general\/proveedores-chinos-buscan-socios-comerciales-en-mexico\/","title":{"rendered":"Proveedores chinos buscan socios comerciales en M\u00e9xico"},"content":{"rendered":"<p>&nbsp;<\/p>\n<div id=\"attachment_69780\" style=\"width: 732px\" class=\"wp-caption aligncenter\"><a href=\"https:\/\/www.uv.mx\/prensa\/files\/2019\/06\/180619-Cechiver-1.jpg\"><img loading=\"lazy\" decoding=\"async\" aria-describedby=\"caption-attachment-69780\" class=\"size-full wp-image-69780\" src=\"https:\/\/www.uv.mx\/prensa\/files\/2019\/06\/180619-Cechiver-1.jpg\" alt=\"\" width=\"722\" height=\"481\" srcset=\"https:\/\/www.uv.mx\/prensa\/files\/2019\/06\/180619-Cechiver-1.jpg 722w, https:\/\/www.uv.mx\/prensa\/files\/2019\/06\/180619-Cechiver-1-300x200.jpg 300w\" sizes=\"auto, (max-width: 722px) 100vw, 722px\" \/><\/a><p id=\"caption-attachment-69780\" class=\"wp-caption-text\">El evento <span data-contrast=\"none\">China <\/span><span data-contrast=\"none\">Homelife<\/span> reuni\u00f3 a mil 600 proveedores chinos<\/p><\/div>\n<p>&nbsp;<\/p>\n<p><b><i><span data-contrast=\"none\">Susana Castillo Lagos<\/span><\/i><\/b><span data-ccp-props=\"{}\">\u00a0<\/span><\/p>\n<p><b><i><span data-contrast=\"none\">17<\/span><\/i><\/b><b><i><span data-contrast=\"none\">\/06\/19, Xalapa, Ver.- <\/span><\/i><\/b><span data-contrast=\"none\">Proveedores chinos quieren e<\/span><span data-contrast=\"none\">stablecer alianzas y negocios con empresarios y emprendedores mexicanos, destac<\/span><span data-contrast=\"none\">\u00f3 <\/span><span data-contrast=\"none\">Jorge Morones, vicepresidente de la C<\/span><span data-contrast=\"none\">\u00e1<\/span><span data-contrast=\"none\">mara de Comercio y <\/span><span data-contrast=\"none\">Tecnolog<\/span><span data-contrast=\"none\">\u00ed<\/span><span data-contrast=\"none\">a M<\/span><span data-contrast=\"none\">\u00e9<\/span><span data-contrast=\"none\">xico-China, C<\/span><span data-contrast=\"none\">ap<\/span><span data-contrast=\"none\">\u00ed<\/span><span data-contrast=\"none\">tulo Occidente, en el evento China <\/span><span data-contrast=\"none\">Homelife<\/span><span data-contrast=\"none\">, realizado del 4 al 6 de junio en la Ciudad de M<\/span><span data-contrast=\"none\">\u00e9<\/span><span data-contrast=\"none\">xico<\/span><span data-contrast=\"none\">.<\/span><span data-ccp-props=\"{}\">\u00a0<\/span><\/p>\n<p><span data-contrast=\"none\">Al encuentro asisti<\/span><span data-contrast=\"none\">\u00f3 <\/span><span data-contrast=\"none\">una delegaci<\/span><span data-contrast=\"none\">\u00f3<\/span><span data-contrast=\"none\">n del Centro de Estudios China-Veracruz (<\/span><i><span data-contrast=\"none\">Cechiver<\/span><\/i><span data-contrast=\"none\">) de la Universidad Veracruzana (UV), confor<\/span><span data-contrast=\"none\">mada por integrantes de esta entidad acad<\/span><span data-contrast=\"none\">\u00e9<\/span><span data-contrast=\"none\">mica y estudiantes de la <\/span><span data-contrast=\"none\">Maestr<\/span><span data-contrast=\"none\">\u00ed<\/span><span data-contrast=\"none\">a en Econom<\/span><span data-contrast=\"none\">\u00ed<\/span><span data-contrast=\"none\">a<\/span><span data-contrast=\"none\"> y Sociedad de China y Am<\/span><span data-contrast=\"none\">\u00e9<\/span><span data-contrast=\"none\">rica Latina<\/span><span data-contrast=\"none\">.<\/span><span data-ccp-props=\"{}\">\u00a0<\/span><\/p>\n<p><span data-contrast=\"none\">China <\/span><span data-contrast=\"none\">Homelife<\/span><span data-contrast=\"none\"> reuni<\/span><span data-contrast=\"none\">\u00f3 <\/span><span data-contrast=\"none\">a m<\/span><span data-contrast=\"none\">\u00e1<\/span><span data-contrast=\"none\">s de 25 mil compradores y fabricantes, as<\/span><span data-contrast=\"none\">\u00ed <\/span><span data-contrast=\"none\">como a importadores, agentes aduanales, due<\/span><span data-contrast=\"none\">\u00f1<\/span><span data-contrast=\"none\">os de empresas y<\/span><span data-contrast=\"none\"> emprendedores.<\/span><span data-ccp-props=\"{}\">\u00a0<\/span><\/p>\n<p>&nbsp;<\/p>\n<div id=\"attachment_69779\" style=\"width: 732px\" class=\"wp-caption aligncenter\"><a href=\"https:\/\/www.uv.mx\/prensa\/files\/2019\/06\/180619-Cechiver-2.jpg\"><img loading=\"lazy\" decoding=\"async\" aria-describedby=\"caption-attachment-69779\" class=\"size-full wp-image-69779\" src=\"https:\/\/www.uv.mx\/prensa\/files\/2019\/06\/180619-Cechiver-2.jpg\" alt=\"\" width=\"722\" height=\"430\" srcset=\"https:\/\/www.uv.mx\/prensa\/files\/2019\/06\/180619-Cechiver-2.jpg 722w, https:\/\/www.uv.mx\/prensa\/files\/2019\/06\/180619-Cechiver-2-300x179.jpg 300w\" sizes=\"auto, (max-width: 722px) 100vw, 722px\" \/><\/a><p id=\"caption-attachment-69779\" class=\"wp-caption-text\">An\u00edbal Zottele y Mario Alberto Santiago en el <em>stand<\/em> del <em>Cechimex<\/em><\/p><\/div>\n<p>&nbsp;<\/p>\n<p><span data-contrast=\"none\">La delegaci<\/span><span data-contrast=\"none\">\u00f3<\/span><span data-contrast=\"none\">n del <\/span><i><span data-contrast=\"none\">Cechiver<\/span><\/i><span data-contrast=\"none\">, encabezada por su titular, An<\/span><span data-contrast=\"none\">\u00ed<\/span><span data-contrast=\"none\">bal Carlos <\/span><span data-contrast=\"none\">Zottele<\/span><span data-contrast=\"none\">, y por Mario Alberto Santiago y Rub<\/span><span data-contrast=\"none\">\u00ed <\/span><span data-contrast=\"none\">del <\/span><span data-contrast=\"none\">\u00c1<\/span><span data-contrast=\"none\">ngel, coordinadores de Investigaciones, y de Proyectos, respectivamente, recorri<\/span><span data-contrast=\"none\">\u00f3 <\/span><span data-contrast=\"none\">los diferentes <\/span><i><span data-contrast=\"none\">stands<\/span><\/i><span data-contrast=\"none\"> para observar la<\/span><span data-contrast=\"none\">s propuestas de cerca de mil 600 proveedores chinos, quienes expusieron alrededor de 50 mil productos para el hogar, textiles y prendas de vestir, muebles, material para construcci<\/span><span data-contrast=\"none\">\u00f3<\/span><span data-contrast=\"none\">n, electricidad y nuevas energ<\/span><span data-contrast=\"none\">\u00ed<\/span><span data-contrast=\"none\">as, iluminaci<\/span><span data-contrast=\"none\">\u00f3<\/span><span data-contrast=\"none\">n, electr<\/span><span data-contrast=\"none\">\u00f3<\/span><span data-contrast=\"none\">nicos, alimento, cas<\/span><span data-contrast=\"none\">a y regalos.<\/span><span data-ccp-props=\"{}\">\u00a0<\/span><\/p>\n<p><span data-contrast=\"none\">Tal fue el caso de <\/span><span data-contrast=\"none\">Vincent<\/span> <span data-contrast=\"none\">Shenzhen<\/span><span data-contrast=\"none\">, de la <\/span><span data-contrast=\"none\">Wan<\/span><span data-contrast=\"none\"> Hong <\/span><span data-contrast=\"none\">Sheng<\/span> <span data-contrast=\"none\">Plastic<\/span><span data-contrast=\"none\"> Holding, quien explic<\/span><span data-contrast=\"none\">\u00f3 <\/span><span data-contrast=\"none\">que la empresa a la que pertenece, dedicada a manufacturar y ensamblar pantallas de televisi<\/span><span data-contrast=\"none\">\u00f3<\/span><span data-contrast=\"none\">n, busca socios comerciales en M<\/span><span data-contrast=\"none\">\u00e9<\/span><span data-contrast=\"none\">xico para que aqu<\/span><span data-contrast=\"none\">\u00ed <\/span><span data-contrast=\"none\">se fabri<\/span><span data-contrast=\"none\">quen las mismas piezas que en China.<\/span><span data-ccp-props=\"{}\">\u00a0<\/span><\/p>\n<p><span data-contrast=\"none\">Otro de los objetivos de la visita del <\/span><i><span data-contrast=\"none\">Cechiver<\/span><\/i><span data-contrast=\"none\"> fue observar las oportunidades reales de negocios que se pueden establecer con proveedores de la naci<\/span><span data-contrast=\"none\">\u00f3<\/span><span data-contrast=\"none\">n asi<\/span><span data-contrast=\"none\">\u00e1<\/span><span data-contrast=\"none\">tica, en el marco de la disyuntiva comercial que en este <\/span><span data-contrast=\"none\">momento existe con Estados Unidos y que para nuestro pa<\/span><span data-contrast=\"none\">\u00ed<\/span><span data-contrast=\"none\">s representa una gran oportunidad.<\/span><span data-ccp-props=\"{}\">\u00a0<\/span><\/p>\n<p>&nbsp;<\/p>\n<div id=\"attachment_69777\" style=\"width: 732px\" class=\"wp-caption aligncenter\"><a href=\"https:\/\/www.uv.mx\/prensa\/files\/2019\/06\/180619-Cechiver-3.jpg\"><img loading=\"lazy\" decoding=\"async\" aria-describedby=\"caption-attachment-69777\" class=\"size-full wp-image-69777\" src=\"https:\/\/www.uv.mx\/prensa\/files\/2019\/06\/180619-Cechiver-3.jpg\" alt=\"\" width=\"722\" height=\"424\" srcset=\"https:\/\/www.uv.mx\/prensa\/files\/2019\/06\/180619-Cechiver-3.jpg 722w, https:\/\/www.uv.mx\/prensa\/files\/2019\/06\/180619-Cechiver-3-300x176.jpg 300w\" sizes=\"auto, (max-width: 722px) 100vw, 722px\" \/><\/a><p id=\"caption-attachment-69777\" class=\"wp-caption-text\">Jorge Morones, vicepresidente de la C\u00e1mara de Comercio y Tecnolog\u00eda M\u00e9xico-China, Cap\u00edtulo Occidente<\/p><\/div>\n<p>&nbsp;<\/p>\n<p><span data-contrast=\"none\">Los universitarios dialogaron directamente con los productores asi<\/span><span data-contrast=\"none\">\u00e1<\/span><span data-contrast=\"none\">ticos, intercambiaron informaci<\/span><span data-contrast=\"none\">\u00f3<\/span><span data-contrast=\"none\">n y conocieron las ventajas competitivas que s<\/span><span data-contrast=\"none\">\u00f3<\/span><span data-contrast=\"none\">lo se dan en este <\/span><span data-contrast=\"none\">tipo de foros, pues los empresarios y emprendedores mexicanos entran en contacto directo con los fabricantes<\/span><span data-contrast=\"none\">, quienes<\/span> <span data-contrast=\"none\">les muestran productos terminados y listos para ser comercializados.<\/span><span data-ccp-props=\"{}\">\u00a0<\/span><\/p>\n<p><span data-contrast=\"none\">Tambi<\/span><span data-contrast=\"none\">\u00e9<\/span><span data-contrast=\"none\">n hubo oportunidad de constatar la din<\/span><span data-contrast=\"none\">\u00e1<\/span><span data-contrast=\"none\">mica de las citas de neg<\/span><span data-contrast=\"none\">ocios y estrategias de comercio internacional que tuvieron lugar en la tercera edici<\/span><span data-contrast=\"none\">\u00f3<\/span><span data-contrast=\"none\">n de esta plataforma en M<\/span><span data-contrast=\"none\">\u00e9<\/span><span data-contrast=\"none\">xico, misma que tiene presencia en 13 pa<\/span><span data-contrast=\"none\">\u00ed<\/span><span data-contrast=\"none\">ses, entre los <\/span><span data-contrast=\"none\">que<\/span><span data-contrast=\"none\"> destacan Brasil, Polonia, Sud<\/span><span data-contrast=\"none\">\u00e1<\/span><span data-contrast=\"none\">frica, Emiratos <\/span><span data-contrast=\"none\">\u00c1<\/span><span data-contrast=\"none\">rabes Unidos, Egipto y Turqu<\/span><span data-contrast=\"none\">\u00ed<\/span><span data-contrast=\"none\">a.<\/span><span data-ccp-props=\"{}\">\u00a0<\/span><\/p>\n<p><span data-contrast=\"none\">As<\/span><span data-contrast=\"none\">imismo, visitaron el <\/span><i><span data-contrast=\"none\">stand<\/span><\/i><span data-contrast=\"none\"> del Centro de Estudios China-M<\/span><span data-contrast=\"none\">\u00e9<\/span><span data-contrast=\"none\">xico (<\/span><i><span data-contrast=\"none\">Cechimex<\/span><\/i><span data-contrast=\"none\">) de la Universidad Nacional Aut<\/span><span data-contrast=\"none\">\u00f3<\/span><span data-contrast=\"none\">noma de M<\/span><span data-contrast=\"none\">\u00e9<\/span><span data-contrast=\"none\">xico (UNAM).<\/span><span data-ccp-props=\"{}\">\u00a0<\/span><\/p>\n<p>&nbsp;<\/p>\n<div id=\"attachment_69774\" style=\"width: 732px\" class=\"wp-caption aligncenter\"><a href=\"https:\/\/www.uv.mx\/prensa\/files\/2019\/06\/180619-Cechiver-4.jpg\"><img loading=\"lazy\" decoding=\"async\" aria-describedby=\"caption-attachment-69774\" class=\"size-full wp-image-69774\" src=\"https:\/\/www.uv.mx\/prensa\/files\/2019\/06\/180619-Cechiver-4.jpg\" alt=\"\" width=\"722\" height=\"474\" srcset=\"https:\/\/www.uv.mx\/prensa\/files\/2019\/06\/180619-Cechiver-4.jpg 722w, https:\/\/www.uv.mx\/prensa\/files\/2019\/06\/180619-Cechiver-4-300x197.jpg 300w\" sizes=\"auto, (max-width: 722px) 100vw, 722px\" \/><\/a><p id=\"caption-attachment-69774\" class=\"wp-caption-text\">Vincent Shenzhen, de la Wan Hong Sheng Plastic Holding<\/p><\/div>\n<p>&nbsp;<\/p>\n","protected":false},"excerpt":{"rendered":"<p>Integrantes del Centro de Estudios China-Veracruz de la UV asistieron al evento China Homelife, en la Ciudad de M\u00e9xico, para observar las oportunidades de negocios que se pueden establecer con la naci\u00f3n asi\u00e1tica<\/p>\n","protected":false},"author":1508,"featured_media":0,"comment_status":"closed","ping_status":"closed","sticky":false,"template":"","format":"standard","meta":{"footnotes":""},"categories":[1],"tags":[],"class_list":["post-69776","post","type-post","status-publish","format-standard","hentry","category-general"],"_links":{"self":[{"href":"https:\/\/www.uv.mx\/prensa\/wp-json\/wp\/v2\/posts\/69776","targetHints":{"allow":["GET"]}}],"collection":[{"href":"https:\/\/www.uv.mx\/prensa\/wp-json\/wp\/v2\/posts"}],"about":[{"href":"https:\/\/www.uv.mx\/prensa\/wp-json\/wp\/v2\/types\/post"}],"author":[{"embeddable":true,"href":"https:\/\/www.uv.mx\/prensa\/wp-json\/wp\/v2\/users\/1508"}],"replies":[{"embeddable":true,"href":"https:\/\/www.uv.mx\/prensa\/wp-json\/wp\/v2\/comments?post=69776"}],"version-history":[{"count":0,"href":"https:\/\/www.uv.mx\/prensa\/wp-json\/wp\/v2\/posts\/69776\/revisions"}],"wp:attachment":[{"href":"https:\/\/www.uv.mx\/prensa\/wp-json\/wp\/v2\/media?parent=69776"}],"wp:term":[{"taxonomy":"category","embeddable":true,"href":"https:\/\/www.uv.mx\/prensa\/wp-json\/wp\/v2\/categories?post=69776"},{"taxonomy":"post_tag","embeddable":true,"href":"https:\/\/www.uv.mx\/prensa\/wp-json\/wp\/v2\/tags?post=69776"}],"curies":[{"name":"wp","href":"https:\/\/api.w.org\/{rel}","templated":true}]}}